

	{"id":17688,"date":"2025-08-20T10:39:22","date_gmt":"2025-08-20T13:39:22","guid":{"rendered":"https:\/\/www.cstuit.com\/home\/?p=17688"},"modified":"2025-08-20T10:39:22","modified_gmt":"2025-08-20T13:39:22","slug":"plenaria-da-combate-sindical-debateu-a-reforma-administrativa","status":"publish","type":"post","link":"https:\/\/www.cstuit.com\/home\/2025\/08\/20\/plenaria-da-combate-sindical-debateu-a-reforma-administrativa\/","title":{"rendered":"Plen\u00e1ria da Combate Sindical debateu a Reforma Administrativa"},"content":{"rendered":"<p><em>Por Joice Souza e B\u00e1rbara Sinedino , Coordenadoras da CST<\/em><\/p>\n<p>No dia 30\/7 a Combate Sindical organizou uma plen\u00e1ria nacional de mobiliza\u00e7\u00e3o para debater a Reforma Administrativa, seus impactos e como este projeto segue as orienta\u00e7\u00f5es do Banco Mundial de ajuste fiscal e retirada de direitos dos\/as trabalhadores\/as. Com mais de 80 participantes, em sua maioria trabalhadores\/as da Educa\u00e7\u00e3o das universidades (TAES) e professores\/as das redes estaduais e municipais de ensino, al\u00e9m de trabalhadores dos Correios, Garis do Rio de Janeiro e estudantes.<\/p>\n<p>O debate evidenciou que a Reforma Administrativa preparada pelo Congresso Nacional em acordo com o governo Federal \u00e9 parte das medidas de retiradas de direitos sociais e do desmonte do funcionalismo p\u00fablico, uma \u201cirm\u00e3\u201d do arcabou\u00e7o fiscal. Ou seja, enquanto beneficia os banqueiros, o Agro e com os rica\u00e7os, cortam verbas na sa\u00fade e na educa\u00e7\u00e3o e se prepara uma reforma para reduzir ainda mais os investimentos e precarizar o trabalho nos servi\u00e7os p\u00fablicos.<\/p>\n<p>Alertamos que a Reforma j\u00e1 est\u00e1 em curso por meio de instru\u00e7\u00f5es normativas, altera\u00e7\u00f5es no est\u00e1gio probat\u00f3rio, amplia\u00e7\u00e3o da terceiriza\u00e7\u00e3o e tentativa de cria\u00e7\u00e3o do IBGE+ dentre outras medidas. Tamb\u00e9m nos estados e munic\u00edpios, em especial com as contrata\u00e7\u00f5es tempor\u00e1rias, h\u00e1 desmonte implementado pelos v\u00e1rios governos, desde a frente ampla (Eduardo Paes -RJ) at\u00e9 a extrema direita (Tarcisio de Freitas em SP).<\/p>\n<p>O PAPEL DAS DIRE\u00c7\u00d5ES SINDICAIS<br \/>\nUm ponto importante na plen\u00e1ria foi o debate sobre como se comportam as dire\u00e7\u00f5es das maiores centrais sindicais e das entidades nacionais do Servi\u00e7o p\u00fablico, que n\u00e3o apostam na unifica\u00e7\u00e3o das lutas. A CUT, CTB, Fonasefe, Condsef, Fasubra, Andes , Sinasefe e demais entidades precisam convocar uma jornada de lutas contra a Reforma.<\/p>\n<p>\u00c9 POSS\u00cdVEL BARRAR A REFORMA ADMINISTRATIVA<br \/>\nCitamos o exemplo do Estado do Par\u00e1, que com forte luta e a\u00e7\u00e3o direta das comunidades ind\u00edgenas das professoras\/es no estado, conseguiram revogar Lei 10820 que atacava a Educa\u00e7\u00e3o Estadual. Entendemos que a mobiliza\u00e7\u00e3o \u00e9 o caminho.<br \/>\nNosso chamado \u00e9 pela unifica\u00e7\u00e3o de todas as lutas, para barrar a Reforma administrativa, em defesa da soberania contra o tarifa\u00e7o de Trump, contra a devasta\u00e7\u00e3o ambiental, parar de pagar a d\u00edvida p\u00fablica e o plano Safra. \u00c9 necess\u00e1ria a mais ampla unidade de a\u00e7\u00e3o nas ruas com mobiliza\u00e7\u00e3o, que come\u00e7a com a unidade de todo o funcionalismo p\u00fablico em um calend\u00e1rio de lutas e uma forte greve nacional unificada do funcionalismo.<\/p>\n","protected":false},"excerpt":{"rendered":"<p>Por Joice Souza e B\u00e1rbara Sinedino , Coordenadoras da CST No dia 30\/7 a Combate Sindical organizou uma plen\u00e1ria nacional de mobiliza\u00e7\u00e3o para debater a Reforma Administrativa, seus impactos e como este projeto segue as orienta\u00e7\u00f5es do Banco Mundial de ajuste fiscal e retirada de<\/p>\n","protected":false},"author":1,"featured_media":17683,"comment_status":"closed","ping_status":"closed","sticky":false,"template":"","format":"standard","meta":{"footnotes":""},"categories":[5],"tags":[],"class_list":["post-17688","post","type-post","status-publish","format-standard","has-post-thumbnail","hentry","category-nacional"],"_links":{"self":[{"href":"https:\/\/www.cstuit.com\/home\/wp-json\/wp\/v2\/posts\/17688","targetHints":{"allow":["GET"]}}],"collection":[{"href":"https:\/\/www.cstuit.com\/home\/wp-json\/wp\/v2\/posts"}],"about":[{"href":"https:\/\/www.cstuit.com\/home\/wp-json\/wp\/v2\/types\/post"}],"author":[{"embeddable":true,"href":"https:\/\/www.cstuit.com\/home\/wp-json\/wp\/v2\/users\/1"}],"replies":[{"embeddable":true,"href":"https:\/\/www.cstuit.com\/home\/wp-json\/wp\/v2\/comments?post=17688"}],"version-history":[{"count":0,"href":"https:\/\/www.cstuit.com\/home\/wp-json\/wp\/v2\/posts\/17688\/revisions"}],"wp:featuredmedia":[{"embeddable":true,"href":"https:\/\/www.cstuit.com\/home\/wp-json\/wp\/v2\/media\/17683"}],"wp:attachment":[{"href":"https:\/\/www.cstuit.com\/home\/wp-json\/wp\/v2\/media?parent=17688"}],"wp:term":[{"taxonomy":"category","embeddable":true,"href":"https:\/\/www.cstuit.com\/home\/wp-json\/wp\/v2\/categories?post=17688"},{"taxonomy":"post_tag","embeddable":true,"href":"https:\/\/www.cstuit.com\/home\/wp-json\/wp\/v2\/tags?post=17688"}],"curies":[{"name":"wp","href":"https:\/\/api.w.org\/{rel}","templated":true}]}}