

	{"id":17690,"date":"2025-08-20T10:40:40","date_gmt":"2025-08-20T13:40:40","guid":{"rendered":"https:\/\/www.cstuit.com\/home\/?p=17690"},"modified":"2025-08-20T10:40:40","modified_gmt":"2025-08-20T13:40:40","slug":"mais-verbas-para-as-universidades-exigimos-que-a-une-convoque-um-calendario-de-lutas","status":"publish","type":"post","link":"https:\/\/www.cstuit.com\/home\/2025\/08\/20\/mais-verbas-para-as-universidades-exigimos-que-a-une-convoque-um-calendario-de-lutas\/","title":{"rendered":"Mais verbas para as universidades!  Exigimos que a UNE convoque um calend\u00e1rio de lutas!"},"content":{"rendered":"<p style=\"font-weight: 400;\"><em>Por Jeane Carla- Vamos \u00e0 Luta SP e Rebeca Montanha- FATEC e Vamos \u00e0 Luta SP<\/em><\/p>\n<p style=\"font-weight: 400;\">\n<p style=\"font-weight: 400;\">N\u00e3o \u00e9 de hoje que a realidade das universidades est\u00e1 em frangalhos. A UFRJ, UFMG, UFF, UFU e as universidades estaduais, como USP, UNESP e FATEC passam por problemas de falta de verbas para perman\u00eancia estudantil, reformas dos blocos, bandej\u00e3o de qualidade e quest\u00f5es de seguran\u00e7a nos campi.<\/p>\n<p style=\"font-weight: 400;\">Retornamos agora do Congresso da UNE (CONUNE), onde milhares de estudantes de todos os estados do pa\u00eds refletiram sobre esses problemas e como solucion\u00e1-los. N\u00f3s, da juventude Vamos \u00e0 Luta, estivemos presentes no Congresso e batalhamos para reverter a situa\u00e7\u00e3o prec\u00e1ria das universidades. Por isso, defendemos que do CONUNE deveria sair uma convoca\u00e7\u00e3o de um calend\u00e1rio de lutas em cada universidade para exigir do governo Lula verbas para as universidades e o fim do arcabou\u00e7o fiscal. Somente com toda a juventude nas ruas conseguiremos exigir o fim do arcabou\u00e7o fiscal, que foi elaborado pelo governo Lula e segue sendo mantido por ele, e que hoje \u00e9 respons\u00e1vel pela crise or\u00e7ament\u00e1ria das universidades.<\/p>\n<p style=\"font-weight: 400;\">O arcabou\u00e7o fiscal \u00e9 o respons\u00e1vel pelo nosso or\u00e7amento das universidades estar menor do que nos anos do governo Temer e Bolsonaro antes da pandemia. Isso significa que o compromisso do governo Lula, expresso no arcabou\u00e7o fiscal, n\u00e3o \u00e9 com os estudantes e com a educa\u00e7\u00e3o p\u00fablica, uma vez que tal medida econ\u00f4mica do governo federal representa a destina\u00e7\u00e3o do dinheiro p\u00fablico para a m\u00e3o dos banqueiros, patr\u00f5es e latifundi\u00e1rios do agroneg\u00f3cio e, para isso, corta verba das \u00e1reas sociais. O arcabou\u00e7o fiscal tamb\u00e9m serve de pretexto para os governadores de extrema direita dos estados, como Tarc\u00edsio e Zema, cortarem verbas das universidades estaduais.<\/p>\n<p style=\"font-weight: 400;\">Infelizmente a dire\u00e7\u00e3o majorit\u00e1ria da UNE- UJS (PCdoB), juventudes do PT, Levante Popular da Juventude- e seus aliados da Juventude Sem Medo- Afronte, Manifesta, Rua e Travessia (todos do PSOL), n\u00e3o combatem o arcabou\u00e7o fiscal at\u00e9 o fim, visto que n\u00e3o possuem independ\u00eancia do governo Lula e, por isso, defendem somente a retirada da educa\u00e7\u00e3o do arcabou\u00e7o fiscal. N\u00f3s discordamos plenamente da posi\u00e7\u00e3o da dire\u00e7\u00e3o majorit\u00e1ria da UNE e branaatalhamos cotidianamente pela constru\u00e7\u00e3o de uma nova dire\u00e7\u00e3o para entidade, que seja independente de qualquer governo, combativa e que organize as lutas dos estudantes pela base em cada universidade.<\/p>\n<p style=\"font-weight: 400;\">N\u00e3o \u00e0 toa, a UNE n\u00e3o est\u00e1 convocando nacionalmente o dia 11 de agosto, dia hist\u00f3rico de luta dos estudantes pelas suas reivindica\u00e7\u00f5es, dado que a dire\u00e7\u00e3o da entidade n\u00e3o quer enfrentar os cortes nas universidades e a situa\u00e7\u00e3o de precariza\u00e7\u00e3o delas, como tamb\u00e9m n\u00e3o quer exigir o fim do arcabou\u00e7o fiscal para garantir a recomposi\u00e7\u00e3o or\u00e7ament\u00e1ria das universidades. Tudo isso, para n\u00e3o entrar em conflito com o governo federal e blind\u00e1-lo de qualquer tipo de cr\u00edtica. Para n\u00e3o convocar o dia 11 de agosto a UNE est\u00e1 convocando o dia 14 de agosto \u201cEstudantes em defesa da educa\u00e7\u00e3o e da soberania\u201d com um eixo vago e sem mencionar a luta contra o arcabou\u00e7o fiscal, a recomposi\u00e7\u00e3o or\u00e7ament\u00e1ria e o combate efetivo da extrema-direita de Trump e Bolsonaro.<\/p>\n<p style=\"font-weight: 400;\">Diante desse cen\u00e1rio, os setores da oposi\u00e7\u00e3o unificada da UNE- Correnteza (UP), Juntos (PSOL), PCBR, PCB, A rua \u00e9 n\u00f3is (PSOL), Vamos \u00e0 Luta- est\u00e3o organizando atos de rua no dia 11 de agosto. Se a majorit\u00e1ria da UNE n\u00e3o quer organizar a luta dos estudantes, n\u00f3s fazemos. Nesse sentido, fazemos um chamado para que os companheiros do Rebeldia (PSTU) e da Fa\u00edsca Revolucion\u00e1ria (MRT) estejam presentes no ato do dia 11 de agosto para somar for\u00e7as. No ato, vamos exigir do governo Lula o fim do arcabou\u00e7o fiscal, do pagamento da d\u00edvida p\u00fablica, o veta tudo do PL da devasta\u00e7\u00e3o, o fim das privatiza\u00e7\u00f5es das escolas de SP e Minas, al\u00e9m de recomposi\u00e7\u00e3o or\u00e7ament\u00e1ria j\u00e1 das universidade e o enfrentamento contundente \u00e0 extrema direita de Trump e pris\u00e3o para Bolsonaro e todos os golpistas. Da nossa parte, seguiremos exigindo da dire\u00e7\u00e3o majorit\u00e1ria da UNE um calend\u00e1rio de lutas unificado e nacionalizado pelas reivindica\u00e7\u00f5es estudantes, assim como batalhando pela unidade da oposi\u00e7\u00e3o unificada para construirmos uma nova dire\u00e7\u00e3o para a UNE, independente de governos, combativa e democr\u00e1tica.<\/p>\n","protected":false},"excerpt":{"rendered":"<p>Por Jeane Carla- Vamos \u00e0 Luta SP e Rebeca Montanha- FATEC e Vamos \u00e0 Luta SP N\u00e3o \u00e9 de hoje que a realidade das universidades est\u00e1 em frangalhos. A UFRJ, UFMG, UFF, UFU e as universidades estaduais, como USP, UNESP e FATEC passam por problemas<\/p>\n","protected":false},"author":1,"featured_media":17691,"comment_status":"closed","ping_status":"closed","sticky":false,"template":"","format":"standard","meta":{"footnotes":""},"categories":[7],"tags":[],"class_list":["post-17690","post","type-post","status-publish","format-standard","has-post-thumbnail","hentry","category-juventude"],"_links":{"self":[{"href":"https:\/\/www.cstuit.com\/home\/wp-json\/wp\/v2\/posts\/17690","targetHints":{"allow":["GET"]}}],"collection":[{"href":"https:\/\/www.cstuit.com\/home\/wp-json\/wp\/v2\/posts"}],"about":[{"href":"https:\/\/www.cstuit.com\/home\/wp-json\/wp\/v2\/types\/post"}],"author":[{"embeddable":true,"href":"https:\/\/www.cstuit.com\/home\/wp-json\/wp\/v2\/users\/1"}],"replies":[{"embeddable":true,"href":"https:\/\/www.cstuit.com\/home\/wp-json\/wp\/v2\/comments?post=17690"}],"version-history":[{"count":0,"href":"https:\/\/www.cstuit.com\/home\/wp-json\/wp\/v2\/posts\/17690\/revisions"}],"wp:featuredmedia":[{"embeddable":true,"href":"https:\/\/www.cstuit.com\/home\/wp-json\/wp\/v2\/media\/17691"}],"wp:attachment":[{"href":"https:\/\/www.cstuit.com\/home\/wp-json\/wp\/v2\/media?parent=17690"}],"wp:term":[{"taxonomy":"category","embeddable":true,"href":"https:\/\/www.cstuit.com\/home\/wp-json\/wp\/v2\/categories?post=17690"},{"taxonomy":"post_tag","embeddable":true,"href":"https:\/\/www.cstuit.com\/home\/wp-json\/wp\/v2\/tags?post=17690"}],"curies":[{"name":"wp","href":"https:\/\/api.w.org\/{rel}","templated":true}]}}