

	{"id":17696,"date":"2025-08-20T11:13:38","date_gmt":"2025-08-20T14:13:38","guid":{"rendered":"https:\/\/www.cstuit.com\/home\/?p=17696"},"modified":"2025-08-20T11:13:38","modified_gmt":"2025-08-20T14:13:38","slug":"israel-assassina-seis-jornalistas-enquanto-cresce-a-condenacao-global-ao-genocidio","status":"publish","type":"post","link":"https:\/\/www.cstuit.com\/home\/2025\/08\/20\/israel-assassina-seis-jornalistas-enquanto-cresce-a-condenacao-global-ao-genocidio\/","title":{"rendered":"Israel assassina seis jornalistas, enquanto cresce a condena\u00e7\u00e3o global ao genoc\u00eddio"},"content":{"rendered":"<p><em>Por Imprensa UIT-QI<\/em><\/p>\n<p>&nbsp;<\/p>\n<p>Depois das grandes manifesta\u00e7\u00f5es de s\u00e1bado, 9 de agosto, e da Jornada Mundial de Solidariedade com a Palestina, Israel bombardeou uma tenda de imprensa, matando o principal correspondente da Al-Jazeera, Anas al-Sharif, e tr\u00eas de seus colegas, al\u00e9m de outros dois jornalistas. A tenda de imprensa, devidamente identificada, estava localizada em frente ao port\u00e3o principal do Hospital al-Shifa, na Cidade de Gaza, e os jornalistas foram mortos com os coletes de identifica\u00e7\u00e3o. Uma mensagem previamente gravada por Anas al-Sharif confirmou o assassinato: \u201cSe estas palavras chegarem at\u00e9 voc\u00eas, Israel conseguiu me matar.\u201d Na segunda-feira, uma manifesta\u00e7\u00e3o acompanhou os corpos dos jornalistas at\u00e9 o Cemit\u00e9rio Sheikh Radwan, em Gaza.<\/p>\n<p>O assassinato dos jornalistas n\u00e3o foi um erro de c\u00e1lculo. Faz parte da pol\u00edtica israelense de silenciar jornalistas, que democraticamente relatam ao mundo as atrocidades cometidas durante o genoc\u00eddio. Desde o in\u00edcio dos ataques sionistas, em 7 de agosto, mais de 270 jornalistas foram mortos, um n\u00famero superior ao de profissionais de imprensa mortos nas duas Guerras Mundiais. Israel justificou a a\u00e7\u00e3o criminosa alegando que Anas al-Sharif era um oficial militar do Hamas. Esses falsos argumentos tamb\u00e9m foram usados contra outros jornalistas, que frequentemente foram amea\u00e7ados e assediados por Israel para for\u00e7\u00e1-los a deixar o pa\u00eds e a interromper as reportagens.<\/p>\n<p><strong>A Jornada Mundial por Gaza de 9 de agosto<\/strong><\/p>\n<p>No dia 9 de agosto, grandes mobiliza\u00e7\u00f5es em apoio \u00e0 Palestina ocorreram em todo o mundo. Em protestos anteriores, mais de 300.000 pessoas se mobilizaram na Austr\u00e1lia e centenas de milhares no Jap\u00e3o. O genoc\u00eddio praticado por Netanyahu, o uso da fome como arma de guerra, o assassinato de mais de 61.000 pessoas e as novas amea\u00e7as do governante israelense de ocupar toda a Faixa de Gaza despertaram o rep\u00fadio global contra as a\u00e7\u00f5es de Israel.<\/p>\n<p>Israel est\u00e1 sendo repudiada massivamente por trabalhadores, jovens e milh\u00f5es de ativistas, que est\u00e3o come\u00e7ando a se organizar para ampliar a mobiliza\u00e7\u00e3o, as a\u00e7\u00f5es de boicote e a press\u00e3o para que os governos deixem de apoiar Israel. As a\u00e7\u00f5es de 9 de agosto, convocadas pelo Movimento Global por Gaza, foram acolhidas por todo o ativismo mundial e marcaram um salto na mobiliza\u00e7\u00e3o, abrindo um novo per\u00edodo na luta contra o genoc\u00eddio e aprofundando o isolamento de Israel.<\/p>\n<p>N\u00f3s, da Unidade Internacional de Trabalhadoras e Trabalhadores \u2013 Quarta Internacional (UIT-QI), fazemos parte da mobiliza\u00e7\u00e3o mundial e apoiamos a maior unidade de a\u00e7\u00e3o poss\u00edvel para derrotar o genoc\u00eddio perpetrado por Israel. Saudamos as mobiliza\u00e7\u00f5es em todo o mundo e nos solidarizamos com as novas a\u00e7\u00f5es, como as flotilhas, que buscam romper o bloqueio criminoso e amenizar fome. Exigimos a abertura imediata das fronteiras e a entrada em massa de alimentos, \u00e1gua, medicamentos e profissionais de sa\u00fade. Exigimos que todos os governos do mundo rompam imediatamente as rela\u00e7\u00f5es econ\u00f4micas, pol\u00edticas e diplom\u00e1ticas com o genocida Estado israelense. Condenamos o assassinato de Anas al-Sharif e de mais de 270 jornalistas, e nos unimos ao apelo global para que Israel garanta a livre cobertura de imprensa. Dizemos: fora Israel da Palestina! N\u00e3o ao genoc\u00eddio! Abram as fronteiras! Alimentos, \u00e1gua e medicamentos para a popula\u00e7\u00e3o de Gaza! A Palestina vencer\u00e1, do rio ao mar! Por uma Palestina \u00fanica, laica, democr\u00e1tica e n\u00e3o racista!<\/p>\n","protected":false},"excerpt":{"rendered":"<p>Por Imprensa UIT-QI &nbsp; Depois das grandes manifesta\u00e7\u00f5es de s\u00e1bado, 9 de agosto, e da Jornada Mundial de Solidariedade com a Palestina, Israel bombardeou uma tenda de imprensa, matando o principal correspondente da Al-Jazeera, Anas al-Sharif, e tr\u00eas de seus colegas, al\u00e9m de outros dois<\/p>\n","protected":false},"author":1,"featured_media":17697,"comment_status":"closed","ping_status":"closed","sticky":false,"template":"","format":"standard","meta":{"footnotes":""},"categories":[6],"tags":[],"class_list":["post-17696","post","type-post","status-publish","format-standard","has-post-thumbnail","hentry","category-internacional"],"_links":{"self":[{"href":"https:\/\/www.cstuit.com\/home\/wp-json\/wp\/v2\/posts\/17696","targetHints":{"allow":["GET"]}}],"collection":[{"href":"https:\/\/www.cstuit.com\/home\/wp-json\/wp\/v2\/posts"}],"about":[{"href":"https:\/\/www.cstuit.com\/home\/wp-json\/wp\/v2\/types\/post"}],"author":[{"embeddable":true,"href":"https:\/\/www.cstuit.com\/home\/wp-json\/wp\/v2\/users\/1"}],"replies":[{"embeddable":true,"href":"https:\/\/www.cstuit.com\/home\/wp-json\/wp\/v2\/comments?post=17696"}],"version-history":[{"count":0,"href":"https:\/\/www.cstuit.com\/home\/wp-json\/wp\/v2\/posts\/17696\/revisions"}],"wp:featuredmedia":[{"embeddable":true,"href":"https:\/\/www.cstuit.com\/home\/wp-json\/wp\/v2\/media\/17697"}],"wp:attachment":[{"href":"https:\/\/www.cstuit.com\/home\/wp-json\/wp\/v2\/media?parent=17696"}],"wp:term":[{"taxonomy":"category","embeddable":true,"href":"https:\/\/www.cstuit.com\/home\/wp-json\/wp\/v2\/categories?post=17696"},{"taxonomy":"post_tag","embeddable":true,"href":"https:\/\/www.cstuit.com\/home\/wp-json\/wp\/v2\/tags?post=17696"}],"curies":[{"name":"wp","href":"https:\/\/api.w.org\/{rel}","templated":true}]}}