

	{"id":17702,"date":"2025-08-20T11:17:59","date_gmt":"2025-08-20T14:17:59","guid":{"rendered":"https:\/\/www.cstuit.com\/home\/?p=17702"},"modified":"2025-08-20T11:17:59","modified_gmt":"2025-08-20T14:17:59","slug":"siria-pelo-fim-imediato-do-cerco-governamental-a-sweida","status":"publish","type":"post","link":"https:\/\/www.cstuit.com\/home\/2025\/08\/20\/siria-pelo-fim-imediato-do-cerco-governamental-a-sweida\/","title":{"rendered":"S\u00edria: pelo fim imediato do cerco governamental a Sweida!"},"content":{"rendered":"<p>A prov\u00edncia de Sweida tem testemunhado uma escalada gradual da viol\u00eancia nos \u00faltimos meses, que atingiu o \u00e1pice quando as for\u00e7as governamentais entraram na regi\u00e3o sob o pretexto de \u201cimpor a seguran\u00e7a\u201d, ap\u00f3s n\u00e3o conseguirem negociar com representantes da comunidade drusa. No entanto, essa entrada militar foi apenas o in\u00edcio de viola\u00e7\u00f5es fartamente documentadas: inc\u00eandios de casas, sequestros e ataques a s\u00edmbolos religiosos e nacionais. Isso lembra o que aconteceu meses antes na regi\u00e3o costeira, em que o pretexto da \u201cseguran\u00e7a\u201d foi usado pata justificar a repress\u00e3o generalizada.<\/p>\n<p>Entretanto, uma mil\u00edcia n\u00e3o pode ser comparada a um governo, que utiliza todos os instrumentos do Estado e comete abusos em nome da \u201csoberania\u201d. A revolta popular que ocorre hoje em Sweida \u00e9 uma express\u00e3o natural da rejei\u00e7\u00e3o generalizada da popula\u00e7\u00e3o a esses abusos, e n\u00e3o do apoio a um grupo em detrimento de outro. O povo de Sweida se op\u00f4s ao regime ditatorial de Bashar al-Assad e n\u00e3o manchou as m\u00e3os com o sangue dos s\u00edrios, recusando-se a se alistar no ex\u00e9rcito de al-Assad para o servi\u00e7o militar obrigat\u00f3rio.<\/p>\n<p>\u00c9 verdade que o xeque druso Hikmat al-Hajri tem interesses pol\u00edticos e la\u00e7os anteriores com o regime de Assad, mas isso n\u00e3o significa que ele represente todos os habitantes de Sweida e suas aspira\u00e7\u00f5es. Portanto, \u00e9 injusto categorizar os drusos como seguidores de Hikmat al-Hajri ou de outros xeques. Apresentar o povo de Sweida como \u201cremanescentes\u201d do regime anterior, como o governo faz, \u00e9 um discurso autorit\u00e1rio perigoso que, em \u00faltima an\u00e1lise, serve ao projeto de ocupa\u00e7\u00e3o israelense. De fato, o Estado genocida de Israel foi r\u00e1pido em explorar o momento, com o pretexto de \u201cproteger os drusos\u201d, e seus avi\u00f5es de guerra bombardearam posi\u00e7\u00f5es do ex\u00e9rcito s\u00edrio em Sweida e a sede do Minist\u00e9rio da Defesa em Damasco, abrindo assim a porta para um conflito mais amplo a servi\u00e7o de sua expans\u00e3o territorial e de suas a\u00e7\u00f5es criminosas contra a Palestina e os povos do Oriente M\u00e9dio.<\/p>\n<p>Ap\u00f3s a retirada das for\u00e7as governamentais, o governo recorreu \u00e0 ajuda de tribos \u00e1rabes, transformando Sweida num pequeno campo de batalha civil, que evocou cenas de confrontos religiosos. Hoje, um fr\u00e1gil acordo de cessar-fogo prevalece, em meio a um cerco sufocante imposto pelo governo desde 12 de julho: sem eletricidade, \u00e1gua, medicamentos, diesel e com o deslocamento dos bedu\u00ednos. Al\u00e9m disso, a campanha militar deslocou mais de 80.000 pessoas e deixou quase 32 aldeias devastadas.<\/p>\n<p>A partir de uma posi\u00e7\u00e3o socialista revolucion\u00e1ria contra a repress\u00e3o, o sectarismo religioso e a ocupa\u00e7\u00e3o militar, declaramos o seguinte:<\/p>\n<p><strong>Primeiro:<\/strong> exigimos o levantamento imediato e incondicional do cerco a Sweida e a entrada de alimentos, medicamentos e ajuda humanit\u00e1ria, sob a supervis\u00e3o de organismos independentes.<\/p>\n<p><strong>Segundo:<\/strong> exigimos o julgamento de todos os envolvidos em viola\u00e7\u00f5es contra civis em Sweida, sejam aqueles que emitiram ordens ou aqueles que as executaram, perante organismos judiciais independentes e na presen\u00e7a de representantes das comunidades locais.<\/p>\n<p><strong>Terceiro:<\/strong> exigimos uma investiga\u00e7\u00e3o transparente e independente sobre tudo o que aconteceu \u2013 diferentemente do que ocorreu na regi\u00e3o costeira, em que os fatos foram ocultados \u2013, conduzida por um comit\u00ea nacional composto por juristas independentes, sindicalistas e representantes das v\u00edtimas.<\/p>\n<p><strong>Quarto:<\/strong> exigimos o in\u00edcio imediato de uma reconcilia\u00e7\u00e3o genu\u00edna entre as tribos \u00e1rabes e bedu\u00ednas, por um lado, e o povo de Sweida, por outro, com base no reconhecimento m\u00fatuo dos direitos de cada comunidade.<\/p>\n<p>Por fim, a principal responsabilidade pela crise em Sweida recai sobre o governo de Shara, que continua a adotar pol\u00edticas discriminat\u00f3rias e se recusa a iniciar um processo de reconhecimento dos direitos democr\u00e1ticos de todos os setores. O governo \u2013 que n\u00e3o reconhece a diversidade nacional, \u00e9tnica e religiosa do pa\u00eds e exclui sistematicamente minorias nacionais e religiosas, bem como outros partidos, dos processos pol\u00edticos \u2013 busca consolidar seu poder autorit\u00e1rio. Al\u00e9m dessas causas profundas, a falta de transpar\u00eancia nos julgamentos dos crimes cometidos durante o regime de Assad e a incapacidade de conduzir de forma eficaz uma investiga\u00e7\u00e3o e um processo sobre os massacres de civis do povo alauita em mar\u00e7o s\u00e3o outros fatores significativos por tr\u00e1s da rejei\u00e7\u00e3o do povo de Sweida ao governo de Shara.<\/p>\n<p>A recente crise em Sweida traz mais uma vez \u00e0 tona as seguintes tarefas urgentes na S\u00edria: os direitos democr\u00e1ticos de todas as minorias nacionais e religiosas devem ser garantidos; um programa urgente de reconstru\u00e7\u00e3o econ\u00f4mica, baseado nas prioridades dos trabalhadores, deve ser implementado; e a presen\u00e7a e interven\u00e7\u00e3o de todas as pot\u00eancias capitalistas estrangeiras (Israel, Turquia, Estados Unidos, R\u00fassia) no pa\u00eds deve cessar. Esses objetivos s\u00f3 podem ser alcan\u00e7ados por meio da mobiliza\u00e7\u00e3o unit\u00e1ria e massiva do povo s\u00edrio. Isso tamb\u00e9m deve incluir a luta por elei\u00e7\u00f5es livres para uma Assembleia Constituinte, que discuta e decida sobre todas as demandas do povo. Apelamos a todas as for\u00e7as de esquerda e revolucion\u00e1rias na S\u00edria para que se unam numa luta comum em torno de tal programa de a\u00e7\u00e3o e construam uma plataforma pol\u00edtica independente, separada do governo e dos setores pol\u00edticos burgueses, que representam os ricos e poderosos do pa\u00eds.<\/p>\n<p>N\u00f3s, da UIT-QI, tamb\u00e9m defendemos a permanente solidariedade internacional com as lutas e reivindica\u00e7\u00f5es democr\u00e1ticas e sociais do povo trabalhador e de todos os setores populares da S\u00edria.<\/p>\n<p>&nbsp;<\/p>\n<p><strong>Unidade Internacional de Trabalhadoras e Trabalhadores \u2013 Quarta Internacional (UIT-QI)<\/strong><\/p>\n","protected":false},"excerpt":{"rendered":"<p>A prov\u00edncia de Sweida tem testemunhado uma escalada gradual da viol\u00eancia nos \u00faltimos meses, que atingiu o \u00e1pice quando as for\u00e7as governamentais entraram na regi\u00e3o sob o pretexto de \u201cimpor a seguran\u00e7a\u201d, ap\u00f3s n\u00e3o conseguirem negociar com representantes da comunidade drusa. No entanto, essa entrada<\/p>\n","protected":false},"author":1,"featured_media":17703,"comment_status":"closed","ping_status":"closed","sticky":false,"template":"","format":"standard","meta":{"footnotes":""},"categories":[6],"tags":[],"class_list":["post-17702","post","type-post","status-publish","format-standard","has-post-thumbnail","hentry","category-internacional"],"_links":{"self":[{"href":"https:\/\/www.cstuit.com\/home\/wp-json\/wp\/v2\/posts\/17702","targetHints":{"allow":["GET"]}}],"collection":[{"href":"https:\/\/www.cstuit.com\/home\/wp-json\/wp\/v2\/posts"}],"about":[{"href":"https:\/\/www.cstuit.com\/home\/wp-json\/wp\/v2\/types\/post"}],"author":[{"embeddable":true,"href":"https:\/\/www.cstuit.com\/home\/wp-json\/wp\/v2\/users\/1"}],"replies":[{"embeddable":true,"href":"https:\/\/www.cstuit.com\/home\/wp-json\/wp\/v2\/comments?post=17702"}],"version-history":[{"count":0,"href":"https:\/\/www.cstuit.com\/home\/wp-json\/wp\/v2\/posts\/17702\/revisions"}],"wp:featuredmedia":[{"embeddable":true,"href":"https:\/\/www.cstuit.com\/home\/wp-json\/wp\/v2\/media\/17703"}],"wp:attachment":[{"href":"https:\/\/www.cstuit.com\/home\/wp-json\/wp\/v2\/media?parent=17702"}],"wp:term":[{"taxonomy":"category","embeddable":true,"href":"https:\/\/www.cstuit.com\/home\/wp-json\/wp\/v2\/categories?post=17702"},{"taxonomy":"post_tag","embeddable":true,"href":"https:\/\/www.cstuit.com\/home\/wp-json\/wp\/v2\/tags?post=17702"}],"curies":[{"name":"wp","href":"https:\/\/api.w.org\/{rel}","templated":true}]}}