

	{"id":17709,"date":"2025-08-27T21:16:07","date_gmt":"2025-08-28T00:16:07","guid":{"rendered":"https:\/\/www.cstuit.com\/home\/?p=17709"},"modified":"2025-09-19T13:36:15","modified_gmt":"2025-09-19T16:36:15","slug":"por-uma-verdadeira-independencia-combate-socialista-no-204","status":"publish","type":"post","link":"https:\/\/www.cstuit.com\/home\/2025\/08\/27\/por-uma-verdadeira-independencia-combate-socialista-no-204\/","title":{"rendered":"Por uma verdadeira independ\u00eancia! | Combate Socialista N\u00ba 204"},"content":{"rendered":"<p style=\"font-weight: 400;\">\u00c0s v\u00e9speras do 7 de Setembro, o\u00a0<em>Combate Socialista<\/em>\u00a0refor\u00e7a a necessidade de protestos unificados contra o tarifa\u00e7o dos EUA e em defesa dos direitos da classe trabalhadora: aplica\u00e7\u00e3o da lei de reciprocidade, taxa\u00e7\u00e3o das multinacionais, n\u00e3o pagamento da d\u00edvida, nenhuma demiss\u00e3o ou redu\u00e7\u00e3o salarial enquanto durar o tarifa\u00e7o. Exigimos a destina\u00e7\u00e3o dos R$ 30 bilh\u00f5es da MP Soberana para \u00e1reas sociais, sal\u00e1rio m\u00ednimo e BPC. O 7\/09 \u00e9 a data mais simb\u00f3lica para a luta por soberania e contra as a\u00e7\u00f5es dos EUA.<\/p>\n<h3 style=\"font-weight: 400;\"><strong>N\u00e3o existiu uma verdadeira independ\u00eancia<\/strong><\/h3>\n<p style=\"font-weight: 400;\">No 7 de Setembro, governantes, empres\u00e1rios, militares e fazendeiros falam de nossa \u201cindepend\u00eancia\u201d, mas ela nunca se concretizou totalmente. Sa\u00edmos da condi\u00e7\u00e3o de col\u00f4nia de Portugal para cair na explora\u00e7\u00e3o da Inglaterra, que rapinou nossas riquezas e imp\u00f4s a origem da d\u00edvida externa: Dom Pedro I pagou cerca de 2 milh\u00f5es de libras ao imperialismo ingl\u00eas para \u201ccomprar\u201d a independ\u00eancia, ap\u00f3s s\u00e9culos de massacres aos povos origin\u00e1rios, escravid\u00e3o do povo negro e a explora\u00e7\u00e3o brutal dos trabalhadores.<\/p>\n<p style=\"font-weight: 400;\">Assim, nascemos com uma independ\u00eancia amorda\u00e7ada, marcada pela submiss\u00e3o ao capital brit\u00e2nico. Depois, com a Segunda Guerra, passamos \u00e0 domina\u00e7\u00e3o dos EUA, que impuseram a ditadura de 1964 para garantir os lucros de suas multinacionais. Hoje, o imp\u00e9rio estadunidense busca aprofundar sua explora\u00e7\u00e3o com o tarifa\u00e7o de Trump.<\/p>\n<p style=\"font-weight: 400;\">Defendemos a mobiliza\u00e7\u00e3o nas ruas contra o tarifa\u00e7o e para conquistar uma verdadeira independ\u00eancia: um Brasil dos trabalhadores, livre da domina\u00e7\u00e3o estrangeira.<\/p>\n<h3 style=\"font-weight: 400;\"><strong>A domina\u00e7\u00e3o imperialista impede nossa soberania<\/strong><\/h3>\n<p style=\"font-weight: 400;\">As multinacionais, grandes pot\u00eancias capitalistas e bilion\u00e1rios nacionais (s\u00f3cios dos EUA) impedem nossa verdadeira independ\u00eancia. A Casa Branca saqueia nossas riquezas, explora nossa m\u00e3o de obra, transfere lucros para fora e imp\u00f5em um com\u00e9rcio em d\u00f3lar que garante super\u00e1vits para eles, lucrando trilh\u00f5es com nossa d\u00edvida interna e externa.<\/p>\n<p style=\"font-weight: 400;\">A domina\u00e7\u00e3o \u00e9 t\u00e3o profunda que, durante a pandemia, um dos maiores genoc\u00eddios recentes, n\u00e3o tivemos autonomia para produzir todas as vacinas no Brasil. Multinacionais e institui\u00e7\u00f5es como a OMC nos proibiram, por meio de patentes, de fabricar os produtos farmac\u00eauticos necess\u00e1rios, situa\u00e7\u00e3o que se repete em diversas \u00e1reas.<\/p>\n<p style=\"font-weight: 400;\">Hoje, surge um novo imperialismo: o chin\u00eas. Mas isso n\u00e3o representa progresso. Ser explorado, independentemente da pot\u00eancia, \u00e9 sempre prejudicial. O capitalismo imperialista chin\u00eas aprofunda nosso car\u00e1ter exportador de produtos prim\u00e1rios e a depend\u00eancia tecnol\u00f3gica (veja\u00a0<a href=\"http:\/\/www.cstuit.com\/\" data-saferedirecturl=\"https:\/\/www.google.com\/url?q=http:\/\/www.cstuit.com&amp;source=gmail&amp;ust=1756426441007000&amp;usg=AOvVaw1rVJ97vy9g_HUGPOldETiy\">www.cstuit.com<\/a>, especial sobre BRICS).<\/p>\n<h3 style=\"font-weight: 400;\"><strong>A d\u00edvida externa nos deixa dependentes<\/strong><\/h3>\n<p style=\"font-weight: 400;\">A d\u00edvida externa do Brasil, originada na domina\u00e7\u00e3o brit\u00e2nica e ampliada durante a Ditadura Militar de 1964, consome quase metade do or\u00e7amento federal, restringindo investimentos sociais.<\/p>\n<p style=\"font-weight: 400;\">Para beneficiar banqueiros e o sistema financeiro, Bolsonaro privatizou a Eletrobras e Temer fez a reforma da previd\u00eancia. Sob Lula, a l\u00f3gica continuou: o arcabou\u00e7o fiscal e o novo teto de gastos garantem pagamento de juros e amortiza\u00e7\u00f5es da d\u00edvida, favorecendo o imperialismo e bilion\u00e1rios do sistema financeiro.<\/p>\n<p style=\"font-weight: 400;\">Romper com a domina\u00e7\u00e3o imperialista \u00e9 o caminho. Sem explora\u00e7\u00e3o externa, produtos como o caf\u00e9 seriam mais baratos, setores estrat\u00e9gicos poderiam ser reativados e empresas como Petrobras e Embraer fortalecidas. S\u00f3 a classe trabalhadora e os setores populares podem construir essa soberania econ\u00f4mica e social.<\/p>\n<h3 style=\"font-weight: 400;\"><strong>7 de setembro: unidade na luta<\/strong><\/h3>\n<p style=\"font-weight: 400;\">Exigimos da CUT, CTB, For\u00e7a Sindical, das Frentes Povo Sem Medo e Brasil Popular, da UNE, da CNBB e do Grito dos Exclu\u00eddos uma unidade anti-imperialista e em defesa dos direitos da classe trabalhadora. Infelizmente, essas dire\u00e7\u00f5es do movimento oper\u00e1rio e popular se destacaram at\u00e9 agora pela timidez com que enfrentam, nas ruas, os ataques imperialistas.<\/p>\n<p style=\"font-weight: 400;\">Ao mesmo tempo, \u00e9 necess\u00e1rio criticar a MP \u201csoberana\u201d do governo Lula\/Alckmin, que destina R$ 30 bilh\u00f5es aos empres\u00e1rios enquanto corta recursos sociais, atacando o sal\u00e1rio m\u00ednimo, as estatais, os servi\u00e7os p\u00fablicos, aposentadorias e o BPC. Por isso, \u00e9 preciso exigir da CUT, CTB, UNE e MTST a continuidade de atos como os do congresso da UNE em Goi\u00e2nia ou diante da embaixada dos EUA em S\u00e3o Paulo, sem apoio \u00e0 MP \u201csoberana\u201d, e pelo fim da escala 6\u00d71 e pela taxa\u00e7\u00e3o dos super-ricos.<\/p>\n<h3 style=\"font-weight: 400;\"><strong>Bloco da esquerda independente<\/strong><\/h3>\n<p style=\"font-weight: 400;\">Por isso, n\u00f3s da\u00a0<strong>CST<\/strong>\u00a0propomos a UP, PCBR, PSTU, MRT, SoB e todas as for\u00e7as que n\u00e3o integram a frente ampla a constru\u00e7\u00e3o de um bloco da esquerda independente nos debates, assembleias e no ato do dia 07 de setembro. Propomos a realiza\u00e7\u00e3o de uma reuni\u00e3o entre os partidos e organiza\u00e7\u00f5es que n\u00e3o fazem parte do governo Lula\/Alckmin para discutir a luta em comum pelos eixos unit\u00e1rios do 7 de setembro e construir, na pr\u00e1tica, um campo combativo e independente da esquerda nesses atos para exigir do governo Lula\/Alckmin medidas efetivas em defesa da soberania e contra qualquer ataque a classe trabalhadora:<\/p>\n<p><strong>a)\u00a0<\/strong>Aplica\u00e7\u00e3o da lei de reciprocidade; defesa das terras raras, sem entrega aos EUA; Reestatizar a Vale e Petrobras 100% estatal; taxa\u00e7\u00e3o e proibi\u00e7\u00e3o do envio de lucros das multinacionais; n\u00e3o pagamento da d\u00edvida externa e interna; estatiza\u00e7\u00e3o do sistema financeiro; cria\u00e7\u00e3o de uma frente latino-americana contra o imperialismo.<\/p>\n<p><strong>b)\u00a0<\/strong>ruptura com Israel; cassa\u00e7\u00e3o de deputados bolsonaristas; cadeia para Eduardo e Jair Bolsonaro; expropria\u00e7\u00e3o das empresas financiadoras do 8J.<\/p>\n<p><strong>c)\u00a0<\/strong>Fim do arcabou\u00e7o fiscal e Plano Safra; revoga\u00e7\u00e3o do PL da devasta\u00e7\u00e3o e do marco temporal. Reforma agr\u00e1ria sob controle dos sem-terra. Demarca\u00e7\u00e3o j\u00e1!<\/p>\n<p><strong>d)<\/strong>Reajuste de sal\u00e1rios e benef\u00edcios; redu\u00e7\u00e3o de tarifas e alimentos; fim da 6\u00d71! Redu\u00e7\u00e3o da jornada; arquivamento da reforma administrativa; revoga\u00e7\u00e3o das reformas trabalhista, previdenci\u00e1ria, do NEM e das privatiza\u00e7\u00f5es; demiss\u00e3o de M\u00facio e todos os ministros do Centr\u00e3o.<\/p>\n<p style=\"font-weight: 400;\">Medidas urgentes em defesa da soberania nacional e em defesa da classe trabalhadora, para romper com o imp\u00e9rio estadunidense, rumo a conquista de uma verdadeira independ\u00eancia nacional. Participe das reuni\u00f5es da CST, ajude a divulgar e financiar nosso jornal e seja militante! Lutamos por um governo da classe trabalhadora, sem patr\u00f5es, e por um Brasil socialista.<\/p>\n","protected":false},"excerpt":{"rendered":"<p>\u00c0s v\u00e9speras do 7 de Setembro, o\u00a0Combate Socialista\u00a0refor\u00e7a a necessidade de protestos unificados contra o tarifa\u00e7o dos EUA e em defesa dos direitos da classe trabalhadora: aplica\u00e7\u00e3o da lei de reciprocidade, taxa\u00e7\u00e3o das multinacionais, n\u00e3o pagamento da d\u00edvida, nenhuma demiss\u00e3o ou redu\u00e7\u00e3o salarial enquanto durar<\/p>\n","protected":false},"author":1,"featured_media":17848,"comment_status":"closed","ping_status":"closed","sticky":false,"template":"","format":"standard","meta":{"footnotes":""},"categories":[135],"tags":[],"class_list":["post-17709","post","type-post","status-publish","format-standard","has-post-thumbnail","hentry","category-editorial"],"_links":{"self":[{"href":"https:\/\/www.cstuit.com\/home\/wp-json\/wp\/v2\/posts\/17709","targetHints":{"allow":["GET"]}}],"collection":[{"href":"https:\/\/www.cstuit.com\/home\/wp-json\/wp\/v2\/posts"}],"about":[{"href":"https:\/\/www.cstuit.com\/home\/wp-json\/wp\/v2\/types\/post"}],"author":[{"embeddable":true,"href":"https:\/\/www.cstuit.com\/home\/wp-json\/wp\/v2\/users\/1"}],"replies":[{"embeddable":true,"href":"https:\/\/www.cstuit.com\/home\/wp-json\/wp\/v2\/comments?post=17709"}],"version-history":[{"count":0,"href":"https:\/\/www.cstuit.com\/home\/wp-json\/wp\/v2\/posts\/17709\/revisions"}],"wp:featuredmedia":[{"embeddable":true,"href":"https:\/\/www.cstuit.com\/home\/wp-json\/wp\/v2\/media\/17848"}],"wp:attachment":[{"href":"https:\/\/www.cstuit.com\/home\/wp-json\/wp\/v2\/media?parent=17709"}],"wp:term":[{"taxonomy":"category","embeddable":true,"href":"https:\/\/www.cstuit.com\/home\/wp-json\/wp\/v2\/categories?post=17709"},{"taxonomy":"post_tag","embeddable":true,"href":"https:\/\/www.cstuit.com\/home\/wp-json\/wp\/v2\/tags?post=17709"}],"curies":[{"name":"wp","href":"https:\/\/api.w.org\/{rel}","templated":true}]}}