

	{"id":17712,"date":"2025-08-22T12:14:49","date_gmt":"2025-08-22T15:14:49","guid":{"rendered":"https:\/\/www.cstuit.com\/home\/?p=17712"},"modified":"2025-08-28T12:17:56","modified_gmt":"2025-08-28T15:17:56","slug":"delegacao-da-uit-qi-na-siria","status":"publish","type":"post","link":"https:\/\/www.cstuit.com\/home\/2025\/08\/22\/delegacao-da-uit-qi-na-siria\/","title":{"rendered":"Delega\u00e7\u00e3o da UIT-QI na S\u00edria"},"content":{"rendered":"<p><em>Por Correspondente da UIT-QI na S\u00edria<\/em><\/p>\n<p>Uma delega\u00e7\u00e3o da UIT-QI realizou uma ampla visita \u00e0 S\u00edria em julho, com dura\u00e7\u00e3o de quase duas semanas. A delega\u00e7\u00e3o percorreu diversas prov\u00edncias do pa\u00eds, reuniu-se com revolucion\u00e1rios, ativistas e intelectuais e realizou reuni\u00f5es muito proveitosas para desenvolver colabora\u00e7\u00f5es pol\u00edticas e atividades conjuntas tanto na S\u00edria quanto em n\u00edvel regional.<\/p>\n<p>A UIT-QI sempre esteve ao lado das revolu\u00e7\u00f5es no Norte da \u00c1frica e no Oriente M\u00e9dio, apoiando as rebeli\u00f5es populares contra os regimes ditatoriais. Nesse contexto, diferentemente das correntes socialistas reformistas \u2013 que apoiaram o regime burgu\u00eas e ditatorial de Bashar al-Assad \u2013 e de outras \u2013 que permaneceram neutras \u2013, tamb\u00e9m apoiamos a luta do povo s\u00edrio contra o ditador Assad. Fizemos isso a partir de uma posi\u00e7\u00e3o independente, sem dar apoio pol\u00edtico \u00e0s dire\u00e7\u00f5es rebeldes burguesas, isl\u00e2micas ou seculares, buscando alcan\u00e7ar um governo dos\/as trabalhadores\/as e uma S\u00edria socialista.<\/p>\n<p>Como resultado, a UIT-QI liderou ou participou de in\u00fameras campanhas internacionais de solidariedade. Ap\u00f3s a queda do regime de Assad, a UIT-QI continua sendo uma das mais firmes apoiadoras da luta travada pelo povo s\u00edrio contra o novo governo de Shara, em defesa das demandas por liberdade e dignidade. Em seguida, apresentamos as observa\u00e7\u00f5es de nossos camaradas, elaboradas a partir da viagem.<\/p>\n<p><strong>De Aleppo a Damasco: nos caminhos de uma S\u00edria sem Assad<\/strong><\/p>\n<p>Aterrissamos no rec\u00e9m-reaberto aeroporto de Aleppo. Depois de abra\u00e7ar nossos camaradas que nos aguardavam l\u00e1, visitamos, com a sua orienta\u00e7\u00e3o, o centro hist\u00f3rico devastado de Aleppo e a cidadela. Mesmo tendo acompanhado de perto como os bombardeios de avi\u00f5es russos e os barris explosivos lan\u00e7ados pelos helic\u00f3pteros do regime de Assad destru\u00edram Aleppo, ver essa destrui\u00e7\u00e3o com nossos pr\u00f3prios olhos pela primeira vez foi horr\u00edvel. Ao lado da tristeza do momento, estava o orgulho leg\u00edtimo de sempre termos apoiado o povo, que lutava contra uma das ditaduras mais cru\u00e9is da hist\u00f3ria mundial, bem como a indigna\u00e7\u00e3o com grande parte da esquerda que, sob diversas justificativas, se aliou a esse regime assassino.<\/p>\n<p>Ap\u00f3s reuni\u00f5es com camaradas e amigos em Aleppo e Manbij, chegamos a Homs, conhecida como \u201ca capital da revolu\u00e7\u00e3o\u201d. Embora o n\u00edvel de destrui\u00e7\u00e3o em Homs fosse compar\u00e1vel ao de Aleppo, encontramos uma cidade mais vibrante e politicamente din\u00e2mica. Ap\u00f3s as reuni\u00f5es, visitamos tamb\u00e9m Salamiyah, Misyaf e Qadmus, cidades em que o movimento de esquerda sempre foi forte, assim como Homs. Em todas essas cidades, ouvimos sobre as imensas experi\u00eancias acumuladas desde 2011 e discutimos a situa\u00e7\u00e3o pol\u00edtica atual e as perspectivas para o futuro.<\/p>\n<p><strong>De Latakia a Damasco: a busca pela constru\u00e7\u00e3o de uma alternativa socialista revolucion\u00e1ria<\/strong><\/p>\n<p>Em seguida, seguimos para a regi\u00e3o costeira. Em Latakia, encontramos tanto socialistas veteranos quanto jovens ativistas. Os \u00faltimos eram camaradas que haviam presenciado e sofrido a opress\u00e3o do regime de Assad, lutado contra ele, sido presos e que agora tentavam avan\u00e7ar na luta pol\u00edtica contra o novo governo, participando tamb\u00e9m de campanhas de solidariedade. O massacre perpetrado em mar\u00e7o por mil\u00edcias pr\u00f3-governo contra aldeias alauitas continua sendo a quest\u00e3o central na regi\u00e3o. Diante da investiga\u00e7\u00e3o fraudulenta do governo, as principais reivindica\u00e7\u00f5es dos ativistas continuam sendo que todos os respons\u00e1veis \u200b\u200bpelo massacre sejam levados \u00e0 justi\u00e7a e punidos, e que os sequestrados sejam libertados.<\/p>\n<p>Depois de Latakia, seguimos em dire\u00e7\u00e3o \u00e0 capital, Damasco. \u00c0 medida que nos aproxim\u00e1vamos, experimentamos emo\u00e7\u00f5es semelhantes \u00e0s que hav\u00edamos vivenciado viajando de Aleppo a Hama. Assim como l\u00e1, nos arredores de Damasco, de Douma ao terminal rodovi\u00e1rio da capital, testemunhamos a imensa destrui\u00e7\u00e3o causada pelos bombardeios a\u00e9reos. Ao chegar ao centro de Damasco, a capital pol\u00edtica, tivemos a oportunidade de manter discuss\u00f5es animadas com numerosos revolucion\u00e1rios e ativistas de diferentes posi\u00e7\u00f5es. O \u00faltimo destino planejado de nossa viagem era Sweida. Por\u00e9m, por conta, em primeiro lugar, do fechamento das estradas, depois da eclos\u00e3o de confrontos e da sangrenta interven\u00e7\u00e3o governamental, nossa visita foi inviabilizada. Diante dos massacres perpetrados pelas for\u00e7as pr\u00f3-governo, que lembram os massacres de mar\u00e7o no litoral, participamos como militantes da UIT-QI, tanto pol\u00edtica quanto materialmente, das atividades de solidariedade ao povo de Sweida.<\/p>\n<p>Apesar do desgaste e da devasta\u00e7\u00e3o deixada por 14 anos de revolu\u00e7\u00e3o e guerra civil, a energia e a curiosidade dos jovens ativistas, bem como a tenacidade e a lucidez dos revolucion\u00e1rios experientes, nos deixaram com grande esperan\u00e7a e otimismo. Ap\u00f3s 54 anos de uma ditadura sangrenta, as pris\u00f5es repletas de presos pol\u00edticos se esvaziaram. Pela primeira vez, as pessoas podem discutir pol\u00edtica abertamente e organizar reuni\u00f5es. Ao mesmo tempo, especialmente em Damasco e outros lugares em que a esquerda \u00e9 historicamente forte, \u00e9 poss\u00edvel desenvolver atividades pol\u00edticas, organiza\u00e7\u00f5es sociais e defender o julgamento e a puni\u00e7\u00e3o dos crimes da ditadura. Tudo isso abre a possibilidade de dar passos rumo \u00e0 constru\u00e7\u00e3o de uma organiza\u00e7\u00e3o socialista revolucion\u00e1ria.<\/p>\n","protected":false},"excerpt":{"rendered":"<p>Por Correspondente da UIT-QI na S\u00edria Uma delega\u00e7\u00e3o da UIT-QI realizou uma ampla visita \u00e0 S\u00edria em julho, com dura\u00e7\u00e3o de quase duas semanas. A delega\u00e7\u00e3o percorreu diversas prov\u00edncias do pa\u00eds, reuniu-se com revolucion\u00e1rios, ativistas e intelectuais e realizou reuni\u00f5es muito proveitosas para desenvolver colabora\u00e7\u00f5es<\/p>\n","protected":false},"author":1,"featured_media":17713,"comment_status":"closed","ping_status":"closed","sticky":false,"template":"","format":"standard","meta":{"footnotes":""},"categories":[6],"tags":[],"class_list":["post-17712","post","type-post","status-publish","format-standard","has-post-thumbnail","hentry","category-internacional"],"_links":{"self":[{"href":"https:\/\/www.cstuit.com\/home\/wp-json\/wp\/v2\/posts\/17712","targetHints":{"allow":["GET"]}}],"collection":[{"href":"https:\/\/www.cstuit.com\/home\/wp-json\/wp\/v2\/posts"}],"about":[{"href":"https:\/\/www.cstuit.com\/home\/wp-json\/wp\/v2\/types\/post"}],"author":[{"embeddable":true,"href":"https:\/\/www.cstuit.com\/home\/wp-json\/wp\/v2\/users\/1"}],"replies":[{"embeddable":true,"href":"https:\/\/www.cstuit.com\/home\/wp-json\/wp\/v2\/comments?post=17712"}],"version-history":[{"count":0,"href":"https:\/\/www.cstuit.com\/home\/wp-json\/wp\/v2\/posts\/17712\/revisions"}],"wp:featuredmedia":[{"embeddable":true,"href":"https:\/\/www.cstuit.com\/home\/wp-json\/wp\/v2\/media\/17713"}],"wp:attachment":[{"href":"https:\/\/www.cstuit.com\/home\/wp-json\/wp\/v2\/media?parent=17712"}],"wp:term":[{"taxonomy":"category","embeddable":true,"href":"https:\/\/www.cstuit.com\/home\/wp-json\/wp\/v2\/categories?post=17712"},{"taxonomy":"post_tag","embeddable":true,"href":"https:\/\/www.cstuit.com\/home\/wp-json\/wp\/v2\/tags?post=17712"}],"curies":[{"name":"wp","href":"https:\/\/api.w.org\/{rel}","templated":true}]}}