

	{"id":17722,"date":"2025-08-28T12:30:20","date_gmt":"2025-08-28T15:30:20","guid":{"rendered":"https:\/\/www.cstuit.com\/home\/?p=17722"},"modified":"2025-08-28T12:30:20","modified_gmt":"2025-08-28T15:30:20","slug":"greves-e-marchas-massivas-em-israel-exigem-o-fim-da-guerra-em-gaza","status":"publish","type":"post","link":"https:\/\/www.cstuit.com\/home\/2025\/08\/28\/greves-e-marchas-massivas-em-israel-exigem-o-fim-da-guerra-em-gaza\/","title":{"rendered":"Greves e marchas massivas em Israel exigem o fim da guerra em Gaza"},"content":{"rendered":"<p><em>Por Miguel Lamas, dirigente da UIT-QI<\/em><\/p>\n<p><em>Centenas de milhares de manifestantes e as greves de domingo, 17 (um dia \u00fatil em Israel), exigiram um acordo de cessar-fogo, o fim da guerra e a liberta\u00e7\u00e3o dos ref\u00e9ns israelenses detidos em Gaza.<\/em><\/p>\n<p>O F\u00f3rum de Familiares de Ref\u00e9ns e Pessoas Desaparecidas, junto com a oposi\u00e7\u00e3o pol\u00edtica ao governo de Netanyahu, convocou uma greve geral para 17 de agosto. Isso evidencia a crise e a divis\u00e3o existentes dentro do sionismo e de amplos setores do povo israelense, tendo em vista que estamos nos aproximando de dois anos da invas\u00e3o de Gaza e que eles n\u00e3o conseguiram derrotar o Hamas nem recuperar os ref\u00e9ns. A greve e os protestos foram significativos, embora a central sindical israelense n\u00e3o os tenha apoiado.<\/p>\n<p>Em Israel, as principais rodovias foram bloqueadas, incluindo a que liga Tel Aviv a Jerusal\u00e9m. Mais de 200.000 pessoas, segundo estimativas da pol\u00edcia, e 400.000, segundo os ve\u00edculos de comunica\u00e7\u00e3o, se reuniram em Tel Aviv no in\u00edcio do grande protesto no s\u00e1bado, 16 de agosto. No domingo, com bloqueios de estradas, diversos setores do pa\u00eds entraram em greve.<\/p>\n<p>As marchas e greves tiveram como alvo principalmente Netanyahu e foram apoiadas por uma parcela significativa da popula\u00e7\u00e3o israelense, incluindo grupos pol\u00edticos sionistas, que se op\u00f5em ao governo e buscam retomar o projeto de \u201cdois estados\u201d e deixar Gaza. Tamb\u00e9m exigiram a convoca\u00e7\u00e3o de elei\u00e7\u00f5es.<\/p>\n<p>A demanda central das mobiliza\u00e7\u00f5es, greves e bloqueios de estradas \u00e9 a exig\u00eancia de negocia\u00e7\u00f5es para p\u00f4r fim \u00e0 guerra em Gaza e garantir a liberta\u00e7\u00e3o dos \u201cref\u00e9ns\u201d (que somam apenas vinte prisioneiros israelenses em Gaza).<\/p>\n<p>Por\u00e9m, manifestantes tamb\u00e9m foram \u00e0s ruas em Israel para protestar contra a fome em Gaza, causada pelo bloqueio militar ordenado por Netanyahu.<\/p>\n<p>Os protestos ocorreram enquanto o governo israelense ocupa a Cidade de Gaza e os campos de refugiados vizinhos, com o objetivo declarado de derrotar o Hamas, algo que at\u00e9 agora n\u00e3o conseguiu alcan\u00e7ar em vinte meses de invas\u00e3o genocida.<\/p>\n<p><strong>Condena\u00e7\u00e3o mundial a Israel<\/strong><\/p>\n<p>At\u00e9 mesmo governos imperialistas europeus \u2013 como Fran\u00e7a, Gr\u00e3-Bretanha e Alemanha, que sempre armaram Israel \u2013 agora est\u00e3o denunciando o que est\u00e1 acontecendo com o povo de Gaza. At\u00e9 anunciaram que n\u00e3o enviar\u00e3o mais armas para o Estado sionista. Isso gra\u00e7as \u00e0 ampla condena\u00e7\u00e3o popular ao genoc\u00eddio em Gaza, com grandes passeatas nos pa\u00edses europeus, no Jap\u00e3o e at\u00e9 mesmo nos Estados Unidos.<\/p>\n<p>Houve tamb\u00e9m um congresso judaico internacional anti-sionista em Viena, com representantes de todo o mundo anunciando seu apoio \u00e0 resist\u00eancia do povo palestino, propondo o fim do Estado genocida de Israel e a sua substitui\u00e7\u00e3o por um Estado \u00fanico, com a coexist\u00eancia entre palestinos e judeus.<\/p>\n<p>Al\u00e9m das passeatas, em v\u00e1rios pa\u00edses europeus, principalmente na Gr\u00e9cia, navios portanto armas com destino a Israel foram embargados pelos trabalhadores portu\u00e1rios.<\/p>\n<p><strong>Basta de genoc\u00eddio em Gaza!<\/strong><strong>\u00a0<\/strong><\/p>\n<p>N\u00f3s, da Unidade Internacional de Trabalhadoras e Trabalhadores \u2013 Quarta Internacional (UIT-QI), fazemos parte da mobiliza\u00e7\u00e3o mundial e defendemos a maior unidade poss\u00edvel nas a\u00e7\u00f5es para derrotar o genoc\u00eddio perpetrado por Israel. Exigimos a abertura imediata das fronteiras e a entrada em massa de alimentos, \u00e1gua, medicamentos e profissionais de sa\u00fade. Exigimos que todos os governos do mundo rompam imediatamente as rela\u00e7\u00f5es econ\u00f4micas, pol\u00edticas e diplom\u00e1ticas com o Estado genocida e, acima de tudo, que os Estados Unidos e os pa\u00edses europeus parem de enviar armas a Israel. Dizemos: fora Israel da Palestina! N\u00e3o ao genoc\u00eddio! A Palestina vencer\u00e1, do rio ao mar! Por uma Palestina \u00fanica, laica, democr\u00e1tica e n\u00e3o racista!<\/p>\n","protected":false},"excerpt":{"rendered":"<p>Por Miguel Lamas, dirigente da UIT-QI Centenas de milhares de manifestantes e as greves de domingo, 17 (um dia \u00fatil em Israel), exigiram um acordo de cessar-fogo, o fim da guerra e a liberta\u00e7\u00e3o dos ref\u00e9ns israelenses detidos em Gaza. O F\u00f3rum de Familiares de<\/p>\n","protected":false},"author":1,"featured_media":17723,"comment_status":"closed","ping_status":"closed","sticky":false,"template":"","format":"standard","meta":{"footnotes":""},"categories":[6],"tags":[],"class_list":["post-17722","post","type-post","status-publish","format-standard","has-post-thumbnail","hentry","category-internacional"],"_links":{"self":[{"href":"https:\/\/www.cstuit.com\/home\/wp-json\/wp\/v2\/posts\/17722","targetHints":{"allow":["GET"]}}],"collection":[{"href":"https:\/\/www.cstuit.com\/home\/wp-json\/wp\/v2\/posts"}],"about":[{"href":"https:\/\/www.cstuit.com\/home\/wp-json\/wp\/v2\/types\/post"}],"author":[{"embeddable":true,"href":"https:\/\/www.cstuit.com\/home\/wp-json\/wp\/v2\/users\/1"}],"replies":[{"embeddable":true,"href":"https:\/\/www.cstuit.com\/home\/wp-json\/wp\/v2\/comments?post=17722"}],"version-history":[{"count":0,"href":"https:\/\/www.cstuit.com\/home\/wp-json\/wp\/v2\/posts\/17722\/revisions"}],"wp:featuredmedia":[{"embeddable":true,"href":"https:\/\/www.cstuit.com\/home\/wp-json\/wp\/v2\/media\/17723"}],"wp:attachment":[{"href":"https:\/\/www.cstuit.com\/home\/wp-json\/wp\/v2\/media?parent=17722"}],"wp:term":[{"taxonomy":"category","embeddable":true,"href":"https:\/\/www.cstuit.com\/home\/wp-json\/wp\/v2\/categories?post=17722"},{"taxonomy":"post_tag","embeddable":true,"href":"https:\/\/www.cstuit.com\/home\/wp-json\/wp\/v2\/tags?post=17722"}],"curies":[{"name":"wp","href":"https:\/\/api.w.org\/{rel}","templated":true}]}}