

	{"id":17731,"date":"2025-08-28T12:38:38","date_gmt":"2025-08-28T15:38:38","guid":{"rendered":"https:\/\/www.cstuit.com\/home\/?p=17731"},"modified":"2025-08-28T12:38:38","modified_gmt":"2025-08-28T15:38:38","slug":"cadeia-para-bolsonaro-e-todos-os-golpistas-2","status":"publish","type":"post","link":"https:\/\/www.cstuit.com\/home\/2025\/08\/28\/cadeia-para-bolsonaro-e-todos-os-golpistas-2\/","title":{"rendered":"Cadeia para Bolsonaro e todos os golpistas!"},"content":{"rendered":"<p style=\"font-weight: 400;\"><em>Por Bruno da Rosa e Denis Melo, Coordena\u00e7\u00e3o Nacional da CST<\/em><\/p>\n<p style=\"font-weight: 400;\">Um fato importante \u00e9 a confirma\u00e7\u00e3o do julgamento do ex-presidente Jair Bolsonaro e mais 7 aliados pela trama golpista para tentar reverter a elei\u00e7\u00e3o de 2022.<\/p>\n<p style=\"font-weight: 400;\">O julgamento do ex-presidente Jair Bolsonaro e de seus aliados acontece em um contexto em que a vida da classe trabalhadora n\u00e3o est\u00e1 f\u00e1cil: o sal\u00e1rio n\u00e3o chega ao fim do m\u00eas e as tarifas de transporte p\u00fablico s\u00e3o um assalto contra a classe trabalhadora.<\/p>\n<p style=\"font-weight: 400;\">Achamos importante denunciar em nossos locais de trabalho e estudo a necessidade de colocar Bolsonaro e seus comparsas na cadeia pela trama golpista. Nessa polariza\u00e7\u00e3o, mantemos de p\u00e9 nossa pol\u00edtica de independ\u00eancia de classe e dialogamos com cada trabalhador que, de forma correta, quer que Bolsonaro v\u00e1 para a cadeia.<\/p>\n<p style=\"font-weight: 400;\">Infelizmente, o governo Lula\/Alckmin n\u00e3o \u00e9 consequente no enfrentamento \u00e0 extrema direita, seja por criar ilus\u00f5es no ministro Alexandre de Moraes como o \u201c<em>salvador da p\u00e1tria<\/em>\u201d. Algo equivocado. Al\u00e9m disso, o Centr\u00e3o \u00e9 parte de diversos minist\u00e9rios do governo da frente ampla.<\/p>\n<p style=\"font-weight: 400;\"><strong>Expropria\u00e7\u00e3o das empresas que financiaram a intentona de 8J!<\/strong><\/p>\n<p style=\"font-weight: 400;\">Diversas empresas financiaram a trama do 8J. Grandes empres\u00e1rios do agroneg\u00f3cio tramaram para acabar com as m\u00ednimas liberdades democr\u00e1ticas conquistadas com a luta hist\u00f3rica da classe trabalhadora.<\/p>\n<p style=\"font-weight: 400;\">O agroneg\u00f3cio, no entanto, segue sendo beneficiado pelo governo. S\u00e3o bilh\u00f5es de reais destinados a esse setor pelo Plano Safra, al\u00e9m do PL 2.159\/21, apelidado de PL da Devasta\u00e7\u00e3o, aprovado com apoio de parlamentares do Centr\u00e3o e da extrema direita, \u00e9 sancionado com vetos insuficientes de Lula. Esse PL abre caminho para o aprofundamento da explora\u00e7\u00e3o das riquezas naturais a servi\u00e7o do lucro dos empres\u00e1rios do agroneg\u00f3cio e da minera\u00e7\u00e3o.<\/p>\n<p style=\"font-weight: 400;\">Os mesmos empres\u00e1rios que est\u00e3o fazendo farra com dinheiro p\u00fablico, vinculados ao agroneg\u00f3cio, participaram do financiamento da intentona do 8J e seguem livres, fazendo suas negociatas para encher os bolsos de dinheiro.<\/p>\n<p style=\"font-weight: 400;\">Temos que retomar a mobiliza\u00e7\u00e3o unit\u00e1ria de rua, unificando o conjunto da nossa classe e da juventude, para pressionar pela pris\u00e3o de Bolsonaro juntamente com empres\u00e1rios e pol\u00edticos envolvidos no 8J. Exigimos da CUT, UNE, MTST essa jornada de luta.<\/p>\n","protected":false},"excerpt":{"rendered":"<p>Por Bruno da Rosa e Denis Melo, Coordena\u00e7\u00e3o Nacional da CST Um fato importante \u00e9 a confirma\u00e7\u00e3o do julgamento do ex-presidente Jair Bolsonaro e mais 7 aliados pela trama golpista para tentar reverter a elei\u00e7\u00e3o de 2022. O julgamento do ex-presidente Jair Bolsonaro e de<\/p>\n","protected":false},"author":1,"featured_media":17685,"comment_status":"closed","ping_status":"closed","sticky":false,"template":"","format":"standard","meta":{"footnotes":""},"categories":[5],"tags":[],"class_list":["post-17731","post","type-post","status-publish","format-standard","has-post-thumbnail","hentry","category-nacional"],"_links":{"self":[{"href":"https:\/\/www.cstuit.com\/home\/wp-json\/wp\/v2\/posts\/17731","targetHints":{"allow":["GET"]}}],"collection":[{"href":"https:\/\/www.cstuit.com\/home\/wp-json\/wp\/v2\/posts"}],"about":[{"href":"https:\/\/www.cstuit.com\/home\/wp-json\/wp\/v2\/types\/post"}],"author":[{"embeddable":true,"href":"https:\/\/www.cstuit.com\/home\/wp-json\/wp\/v2\/users\/1"}],"replies":[{"embeddable":true,"href":"https:\/\/www.cstuit.com\/home\/wp-json\/wp\/v2\/comments?post=17731"}],"version-history":[{"count":0,"href":"https:\/\/www.cstuit.com\/home\/wp-json\/wp\/v2\/posts\/17731\/revisions"}],"wp:featuredmedia":[{"embeddable":true,"href":"https:\/\/www.cstuit.com\/home\/wp-json\/wp\/v2\/media\/17685"}],"wp:attachment":[{"href":"https:\/\/www.cstuit.com\/home\/wp-json\/wp\/v2\/media?parent=17731"}],"wp:term":[{"taxonomy":"category","embeddable":true,"href":"https:\/\/www.cstuit.com\/home\/wp-json\/wp\/v2\/categories?post=17731"},{"taxonomy":"post_tag","embeddable":true,"href":"https:\/\/www.cstuit.com\/home\/wp-json\/wp\/v2\/tags?post=17731"}],"curies":[{"name":"wp","href":"https:\/\/api.w.org\/{rel}","templated":true}]}}