

	{"id":17733,"date":"2025-08-28T12:41:32","date_gmt":"2025-08-28T15:41:32","guid":{"rendered":"https:\/\/www.cstuit.com\/home\/?p=17733"},"modified":"2025-08-28T12:41:32","modified_gmt":"2025-08-28T15:41:32","slug":"justica-para-o-gari-laudemir","status":"publish","type":"post","link":"https:\/\/www.cstuit.com\/home\/2025\/08\/28\/justica-para-o-gari-laudemir\/","title":{"rendered":"Justi\u00e7a para o gari Laudemir!"},"content":{"rendered":"<p style=\"font-weight: 400;\"><em>Por Bruno da Rosa, Coordena\u00e7\u00e3o da CST<\/em><\/p>\n<p style=\"font-weight: 400;\"><strong>N\u00e3o podemos normalizar a barb\u00e1rie que aconteceu no bairro Vista Alegre, em Belo Horizonte, no dia 11\/08\/25.<\/strong><\/p>\n<p style=\"font-weight: 400;\">O gari Laudemir, de 44 anos, foi assassinado pelo empres\u00e1rio Renato da Silva Nogueira J\u00fanior. Al\u00e9m de apontar a arma e amea\u00e7ar a motorista do caminh\u00e3o de coleta, dizendo que daria um tiro no rosto dela, o que j\u00e1 torna a amea\u00e7a grav\u00edssima. Ap\u00f3s passar pelo caminh\u00e3o de coleta domiciliar, o empres\u00e1rio parou o carro, sacou a arma e atirou em Laudemir, que foi baleado no abd\u00f4men e morreu no hospital.<\/p>\n<p style=\"font-weight: 400;\">A m\u00eddia burguesa, como sempre a servi\u00e7o dos interesses dos patr\u00f5es, divulga que foi uma \u201c<em>briga de tr\u00e2nsito<\/em>\u201d, como se isso fosse motivo para assassinar um trabalhador. Uma mentira descarada, para passar pano e tentar impor \u00e0 opini\u00e3o p\u00fablica uma narrativa que suaviza esse crime.<\/p>\n<p style=\"font-weight: 400;\">O racismo est\u00e1 profundamente ligado a toda a sociedade capitalista. \u00c9 necess\u00e1rio combater e denunciar esse crime. Essa categoria foi invisibilizada durante anos, tratada como lixo e foi exatamente isso que aconteceu com Laudemir.<\/p>\n<p style=\"font-weight: 400;\">Seus companheiros de trabalho realizaram um ato no dia seguinte exigindo justi\u00e7a. Ap\u00f3s a confiss\u00e3o do empres\u00e1rio, os garis protestaram na manh\u00e3 do dia 20\/08, na regi\u00e3o oeste de BH, fechando uma rodovia e exigindo justi\u00e7a, al\u00e9m de denunciar a invisibilidade com dizeres: \u201cN\u00e3o somos lixo\u201d.<\/p>\n<p style=\"font-weight: 400;\">Os garis da Comlurb, em oposi\u00e7\u00e3o \u00e0 dire\u00e7\u00e3o do Sindicato de Asseio e Conserva\u00e7\u00e3o do RJ, realizaram uma campanha de solidariedade na ger\u00eancia de Piedade, na zona norte do Rio.<\/p>\n<p style=\"font-weight: 400;\">Na nossa opini\u00e3o, \u00e9 preciso seguir o exemplo dos garis de BH, com mobiliza\u00e7\u00e3o, para de fato garantir justi\u00e7a!<\/p>\n","protected":false},"excerpt":{"rendered":"<p>Por Bruno da Rosa, Coordena\u00e7\u00e3o da CST N\u00e3o podemos normalizar a barb\u00e1rie que aconteceu no bairro Vista Alegre, em Belo Horizonte, no dia 11\/08\/25. O gari Laudemir, de 44 anos, foi assassinado pelo empres\u00e1rio Renato da Silva Nogueira J\u00fanior. Al\u00e9m de apontar a arma e<\/p>\n","protected":false},"author":1,"featured_media":17734,"comment_status":"closed","ping_status":"closed","sticky":false,"template":"","format":"standard","meta":{"footnotes":""},"categories":[5],"tags":[],"class_list":["post-17733","post","type-post","status-publish","format-standard","has-post-thumbnail","hentry","category-nacional"],"_links":{"self":[{"href":"https:\/\/www.cstuit.com\/home\/wp-json\/wp\/v2\/posts\/17733","targetHints":{"allow":["GET"]}}],"collection":[{"href":"https:\/\/www.cstuit.com\/home\/wp-json\/wp\/v2\/posts"}],"about":[{"href":"https:\/\/www.cstuit.com\/home\/wp-json\/wp\/v2\/types\/post"}],"author":[{"embeddable":true,"href":"https:\/\/www.cstuit.com\/home\/wp-json\/wp\/v2\/users\/1"}],"replies":[{"embeddable":true,"href":"https:\/\/www.cstuit.com\/home\/wp-json\/wp\/v2\/comments?post=17733"}],"version-history":[{"count":0,"href":"https:\/\/www.cstuit.com\/home\/wp-json\/wp\/v2\/posts\/17733\/revisions"}],"wp:featuredmedia":[{"embeddable":true,"href":"https:\/\/www.cstuit.com\/home\/wp-json\/wp\/v2\/media\/17734"}],"wp:attachment":[{"href":"https:\/\/www.cstuit.com\/home\/wp-json\/wp\/v2\/media?parent=17733"}],"wp:term":[{"taxonomy":"category","embeddable":true,"href":"https:\/\/www.cstuit.com\/home\/wp-json\/wp\/v2\/categories?post=17733"},{"taxonomy":"post_tag","embeddable":true,"href":"https:\/\/www.cstuit.com\/home\/wp-json\/wp\/v2\/tags?post=17733"}],"curies":[{"name":"wp","href":"https:\/\/api.w.org\/{rel}","templated":true}]}}