

	{"id":17736,"date":"2025-08-28T12:46:25","date_gmt":"2025-08-28T15:46:25","guid":{"rendered":"https:\/\/www.cstuit.com\/home\/?p=17736"},"modified":"2025-08-28T12:46:25","modified_gmt":"2025-08-28T15:46:25","slug":"vamos-a-luta-e-chapa-1-nas-eleicoes-de-dce-da-usp","status":"publish","type":"post","link":"https:\/\/www.cstuit.com\/home\/2025\/08\/28\/vamos-a-luta-e-chapa-1-nas-eleicoes-de-dce-da-usp\/","title":{"rendered":"Vamos \u00e0 Luta \u00e9 chapa 1 nas elei\u00e7\u00f5es de DCE da USP"},"content":{"rendered":"<p><em>Por Rhayssa Rangel- Vamos \u00e0 Luta SP e estudante de Hist\u00f3ria USP e Jeane Carla- Vamos \u00e0 Luta SP<\/em><\/p>\n<p style=\"font-weight: 400;\">N\u00f3s do Vamos \u00e0 Luta (CST+ independentes), em conjunto com o\u00a0<strong>Correnteza (UP), Juntos (MES), UJC (PCBR) e Rebeldia (PSTU)<\/strong>, conformamos uma chapa de unidade da Oposi\u00e7\u00e3o Unificada porque acreditamos que a luta em conjunto \u00e9 o \u00fanico caminho capaz de conquistar as reivindica\u00e7\u00f5es dos estudantes. A nossa chapa\u00a0<em>\u201cPra Dizer Nosso Nome: Unidade \u00e9 para Lutar\u201d<\/em>, apresenta a real alternativa para as elei\u00e7\u00f5es do DCE Livre da USP com um programa de enfrentamento aos ataques dos governos, de defesa da universidade p\u00fablica e de independ\u00eancia do governo Lula\/Alckmin. Combatemos o governo de extrema-direita de Tarc\u00edsio que sucateia e tenta privatizar a USP.<\/p>\n<h3><strong>A realidade dos estudantes da USP<\/strong><\/h3>\n<p style=\"font-weight: 400;\">Vivemos na USP uma realidade de\u00a0<strong>moradias estudantis prec\u00e1rias, bolsas cortadas, cursos sucateados, terceiriza\u00e7\u00e3o nos bandej\u00f5es e falta de professores<\/strong>. Enquanto isso, a reitoria abre as portas para grandes empresas e conv\u00eanios privados, subordinando a produ\u00e7\u00e3o de conhecimento ao lucro. N\u00e3o aceitamos privatiza\u00e7\u00f5es e nem um centavo a menos para a educa\u00e7\u00e3o.. Desde j\u00e1, devemos nos solidarizar com a luta pela perman\u00eancia do Teatro de Cont\u00eainer e colocar os estudantes a disposi\u00e7\u00e3o dessa luta, assim como organizar os estudantes\u00a0 para enfrentar a pol\u00edtica de sucateamento e expuls\u00e3o dos estudantes pobres da USP.<\/p>\n<h3><strong>A chapa 1 deve estar a servi\u00e7o de mobilizar os estudantes da USP<\/strong><\/h3>\n<p style=\"font-weight: 400;\">Nossa defesa \u00e9 de um\u00a0<strong>DCE aberto, combativo, independente dos governos e democr\u00e1tico<\/strong>, que unifique todos os estudantes. Entre nossas propostas est\u00e3o:<\/p>\n<p style=\"font-weight: 400;\">-Universaliza\u00e7\u00e3o das bolsas de perman\u00eancia;<br \/>\n-Devolu\u00e7\u00e3o dos blocos do CRUSP e melhoria da infraestrutura das moradias;<br \/>\n-Reestatiza\u00e7\u00e3o dos bandej\u00f5es e amplia\u00e7\u00e3o do quadro de funcion\u00e1rios com efetiva\u00e7\u00e3o dos terceirizados;<br \/>\n-Mais salas de estudo 24h e concursos para docentes;<br \/>\n-Cotas trans e vestibular ind\u00edgena;<br \/>\n-Fim do vestibular como filtro de ra\u00e7a e classe;<br \/>\n-Paridade em todas as inst\u00e2ncias da universidade e elei\u00e7\u00f5es diretas para reitor.<\/p>\n<p style=\"font-weight: 400;\">Al\u00e9m disso, estaremos na linha de frente contra o governo de Tarc\u00edsio, respons\u00e1vel pela precariza\u00e7\u00e3o de nossa universidade. Nacionalmente, exigindo do governo Lula enfrentamento concreto ao imperialismo e o tarifa\u00e7o de Trump, rompimento de rela\u00e7\u00f5es com o estado nazisionista de Israel, fim do Arcabou\u00e7o Fiscal, revoga\u00e7\u00e3o do plano safra e do PL da devasta\u00e7\u00e3o.<\/p>\n<h3><strong>Nossa unidade \u00e9 para lutar<\/strong><\/h3>\n<p style=\"font-weight: 400;\">N\u00f3s n\u00e3o acreditamos em unidade constru\u00edda em gabinetes e muito menos subordinando nossas pautas aos governos de plant\u00e3o. A unidade vem das ruas, das assembleias e da mobiliza\u00e7\u00e3o. Foi assim que a classe trabalhadora e a juventude sempre conquistaram seus direitos, marchando pelo fim da ditadura, protestando pelo direito ao voto feminino ou fazendo paradas pelos direitos LGBTQIA+, essa \u00e9 nossa maneira de lutar.<\/p>\n<p style=\"font-weight: 400;\">A nossa chapa continua a batalha pela Unidade da Oposi\u00e7\u00e3o Unificada na UNE. O congresso da entidade expressou que no movimento estudantil nacional existem dois setores distintos: a dire\u00e7\u00e3o majorit\u00e1ria da UNE que \u00e9 governista e, por isso, n\u00e3o mobiliza os estudantes pelas suas pautas; e o setor da Oposi\u00e7\u00e3o que compreende que para lutar \u00e9 necess\u00e1rio ter independ\u00eancia do governo Lula\/Alckmin e apostar na mobiliza\u00e7\u00e3o. Diante disso, a chapa 1 para o DCE da USP se forja na oposi\u00e7\u00e3o \u00e0 majorit\u00e1ria da UNE, que estar\u00e1 presente na chapa 3\u00a0<em>\u201cTempo de virar: por um novo DCE\u201d<\/em>, exigindo, desde j\u00e1, um calend\u00e1rio de mobiliza\u00e7\u00f5es nacionalizado pelas principais pautas estudantis.<\/p>\n<p style=\"font-weight: 400;\">O\u00a0<strong>Vamos \u00e0 Luta<\/strong>\u00a0comp\u00f5e esta chapa trazendo sua for\u00e7a de mobiliza\u00e7\u00e3o e a defesa de um DCE verdadeiramente independente, sem amarras com governos ou com a reitoria. Seguimos firmes para que a USP seja linha de frente contra os ataques dos governos e exemplo de mobiliza\u00e7\u00e3o. Inspirados na coragem de Alexandre Vannucchi Leme, patrono do DCE Livre da USP, reafirmamos:\u00a0<strong>n\u00f3s n\u00e3o temos medo de dizer nosso nome. Nossa unidade \u00e9 para lutar.<\/strong><\/p>\n<p style=\"font-weight: 400;\">\n<p style=\"font-weight: 400;\">&#8212;&#8212;&#8212;&#8212;&#8212;&#8212;&#8212;&#8212;&#8212;&#8212;&#8212;&#8212;&#8212;&#8212;&#8212;&#8212;&#8212;&#8212;&#8212;&#8212;&#8212;&#8212;&#8212;&#8212;&#8212;&#8212;&#8212;&#8212;&#8212;&#8212;&#8212;&#8212;&#8212;&#8212;&#8212;&#8212;&#8212;&#8212;&#8212;<\/p>\n<p><em>Por Isadora Bueno &#8211; Educa\u00e7\u00e3o USP e Milena F\u00e9lix &#8211; Filosofia USP<\/em><\/p>\n<h3 style=\"font-weight: 400;\"><strong>Propostas da\u00a0Juventude Revolucion\u00e1ria\u00a0Vamos \u00e0\u00a0Luta\u00a0para a\u00a0USP\u00a0<\/strong><\/h3>\n<p style=\"font-weight: 400;\">As elei\u00e7\u00f5es do DCE da USP acontecem nas pr\u00f3ximas semanas, marcando um dos processos mais importantes do Movimento Estudantil. N\u00f3s, militantes da Juventude Vamos \u00e0 Luta e parte da chapa\u00a0<em>Pra dizer nosso nome: Unidade \u00e9 pra lutar!,\u00a0<\/em>apresentamos nossas propostas para a universidade e ratificamos o compromisso com a constru\u00e7\u00e3o de um movimento estudantil combativo e independente dos governos, que esteja presente no cotidiano dos estudantes pelas nossas reivindica\u00e7\u00f5es.<\/p>\n<p style=\"font-weight: 400;\">Nesse\u00a0sentido,\u00a0precisamos\u00a0lutar\u00a0por\u00a0uma\u00a0USP\u00a0para\u00a0os\u00a0filhos\u00a0da\u00a0classe\u00a0trabalhadora: com condi\u00e7\u00f5es para ingresso e perman\u00eancia da juventude pobre e parte dos setores populares. Isso\u00a0significa,\u00a0centralmente,\u00a0lutar\u00a0por\u00a0mais\u00a0or\u00e7amento\u00a0para\u00a0a\u00a0universidade e contra as pol\u00edticas de corte e privatiza\u00e7\u00e3o. Al\u00e9m disso,\u00a0significa tamb\u00e9m lutar contra os ataques ideol\u00f3gicos feitos pela extrema direita. Assim, defendemos:<\/p>\n<p style=\"font-weight: 400;\">\u00a0&#8211; Enfrentar o cortes de verbas e o movimento de privatiza\u00e7\u00f5a da USP! Nenhum centavo a menos para a USP;<\/p>\n<p style=\"font-weight: 400;\">&#8211;\u00a0 Aumento do aux\u00edlio estudantil para um sal\u00e1rio m\u00ednimo. Prioridade para estudantes de baixa renda nos editais de PUB.<\/p>\n<p style=\"font-weight: 400;\">&#8211; Ingresso e perman\u00eancia das mulheres e dissid\u00eancias sexuais e de g\u00eanero; por cotas trans em todos os processos seletivos da USP; por ilumina\u00e7\u00e3o nos campi; puni\u00e7\u00e3o de violentadores sexuais, machistas e transf\u00f3bicos, sem preservar os abusadores!<\/p>\n<p style=\"font-weight: 400;\">&#8211;\u00a0 Aumento das linhas de circulares! Condi\u00e7\u00f5es para que os estudantes do noturno voltem para casa em tempo h\u00e1bil e em seguran\u00e7a.<\/p>\n<p style=\"font-weight: 400;\">&#8211; Fim de todos os conv\u00eanios da USP com as universidades dos nazissionistas de \u201cIsrael\u201d!<\/p>\n<p style=\"font-weight: 400;\">&#8211; Fim\u00a0do\u00a0Arcabou\u00e7o\u00a0Fiscal!\u00a0Dinheiro\u00a0para\u00a0a\u00a0educa\u00e7\u00e3o\u00a0e\u00a0n\u00e3o\u00a0para\u00a0os\u00a0banqueiros! Recomposi\u00e7\u00e3o or\u00e7ament\u00e1ria das universidades federais j\u00e1! Nenhum centavo do BNDS para as privatiza\u00e7\u00f5es de Tarc\u00edsio.<\/p>\n<p>&#8212;&#8212;&#8212;&#8212;&#8212;&#8212;&#8212;&#8212;&#8212;&#8212;&#8212;&#8212;&#8212;&#8212;&#8212;&#8212;&#8212;&#8212;&#8212;&#8212;&#8212;&#8212;&#8212;&#8212;&#8212;&#8212;&#8212;&#8212;&#8212;&#8212;&#8212;&#8212;&#8212;&#8212;&#8212;&#8212;&#8212;&#8212;&#8212;<\/p>\n","protected":false},"excerpt":{"rendered":"<p>Por Rhayssa Rangel- Vamos \u00e0 Luta SP e estudante de Hist\u00f3ria USP e Jeane Carla- Vamos \u00e0 Luta SP N\u00f3s do Vamos \u00e0 Luta (CST+ independentes), em conjunto com o\u00a0Correnteza (UP), Juntos (MES), UJC (PCBR) e Rebeldia (PSTU), conformamos uma chapa de unidade da Oposi\u00e7\u00e3o<\/p>\n","protected":false},"author":1,"featured_media":17737,"comment_status":"closed","ping_status":"closed","sticky":false,"template":"","format":"standard","meta":{"footnotes":""},"categories":[7],"tags":[],"class_list":["post-17736","post","type-post","status-publish","format-standard","has-post-thumbnail","hentry","category-juventude"],"_links":{"self":[{"href":"https:\/\/www.cstuit.com\/home\/wp-json\/wp\/v2\/posts\/17736","targetHints":{"allow":["GET"]}}],"collection":[{"href":"https:\/\/www.cstuit.com\/home\/wp-json\/wp\/v2\/posts"}],"about":[{"href":"https:\/\/www.cstuit.com\/home\/wp-json\/wp\/v2\/types\/post"}],"author":[{"embeddable":true,"href":"https:\/\/www.cstuit.com\/home\/wp-json\/wp\/v2\/users\/1"}],"replies":[{"embeddable":true,"href":"https:\/\/www.cstuit.com\/home\/wp-json\/wp\/v2\/comments?post=17736"}],"version-history":[{"count":0,"href":"https:\/\/www.cstuit.com\/home\/wp-json\/wp\/v2\/posts\/17736\/revisions"}],"wp:featuredmedia":[{"embeddable":true,"href":"https:\/\/www.cstuit.com\/home\/wp-json\/wp\/v2\/media\/17737"}],"wp:attachment":[{"href":"https:\/\/www.cstuit.com\/home\/wp-json\/wp\/v2\/media?parent=17736"}],"wp:term":[{"taxonomy":"category","embeddable":true,"href":"https:\/\/www.cstuit.com\/home\/wp-json\/wp\/v2\/categories?post=17736"},{"taxonomy":"post_tag","embeddable":true,"href":"https:\/\/www.cstuit.com\/home\/wp-json\/wp\/v2\/tags?post=17736"}],"curies":[{"name":"wp","href":"https:\/\/api.w.org\/{rel}","templated":true}]}}