

	{"id":17739,"date":"2025-08-28T12:49:06","date_gmt":"2025-08-28T15:49:06","guid":{"rendered":"https:\/\/www.cstuit.com\/home\/?p=17739"},"modified":"2025-08-28T12:49:06","modified_gmt":"2025-08-28T15:49:06","slug":"28s-ocupar-as-ruas-e-exigir-a-legalizacao-do-aborto","status":"publish","type":"post","link":"https:\/\/www.cstuit.com\/home\/2025\/08\/28\/28s-ocupar-as-ruas-e-exigir-a-legalizacao-do-aborto\/","title":{"rendered":"28S: Ocupar as ruas e exigir a legaliza\u00e7\u00e3o do aborto!"},"content":{"rendered":"<div><i>Por Rana Agarriberri e Isis Reis &#8211; Comiss\u00e3o de Mulheres da CST<\/i><\/div>\n<div><\/div>\n<div>Est\u00e1 se aproximando mais um 28 de Setembro, Dia Latino-Americano e Caribenho pela Descriminaliza\u00e7\u00e3o e Legaliza\u00e7\u00e3o do Aborto. No Brasil, essa data j\u00e1 se incorporou ao calend\u00e1rio feminista, como mais um dia de lutas pelos direitos das mulheres e pessoas que gestam.<\/div>\n<div><\/div>\n<div><b>Por que Lula n\u00e3o legaliza o aborto no Brasil?<\/b><\/div>\n<div>\nAp\u00f3s 3 anos de governo da Frente Ampla, praticamente nada mudou na situa\u00e7\u00e3o das trabalhadoras, e isso se repete nos direitos reprodutivos. O governo da Frente Ampla (FA), de Lula e Alckmin, mant\u00e9m uma diversidade de legendas e setores, desde os neoliberais e reformistas, passando pelos fundamentalistas religiosos, at\u00e9 a extrema-direita golpista.<\/div>\n<div>\nEssa variedade de setores disputa, cada um pelo seu quinh\u00e3o. E o \u201cpre\u00e7o\u201d que os fundamentalistas religiosos exigem \u00e9, constantemente, o controle dos corpos das pessoas que gestam.<\/div>\n<div><\/div>\n<div>Infelizmente, pudemos testemunhar o governo, por diversas vezes, preferindo n\u00e3o desagradar os fundamentalistas em vez de fazer qualquer movimenta\u00e7\u00e3o que garanta um direito democr\u00e1tico b\u00e1sico, como o aborto.<\/div>\n<div>\nExemplo recente \u00e9 a unidade com Damares Alves na vota\u00e7\u00e3o no CONANDA, que estabelecia as diretrizes do atendimento a crian\u00e7as e adolescentes v\u00edtimas de estupro, que t\u00eam direito legal de realizar o aborto. Infelizmente, essa pol\u00edtica n\u00e3o apresenta sinais de que mudar\u00e1.<\/div>\n<div><\/div>\n<div><b>Defender o aborto \u00e9 o suficiente?<\/b><\/div>\n<div><\/div>\n<div>Nas reuni\u00f5es que ocorreram at\u00e9 aqui, a pol\u00eamica girou em torno de defender o aborto sem citar governos e pol\u00edticas econ\u00f4micas ou defender o aborto, politizando esse processo.<\/div>\n<div>\nOs setores da FA chegaram a falar sobre o elemento econ\u00f4mico, mas batalharam de fato para impedir que se fizesse qualquer exig\u00eancia a Lula.<\/div>\n<div>\nNem mesmo no submote, em SP, aceitaram que fosse falado sobre o Arcabou\u00e7o Fiscal, pol\u00edtica central que estrangula os recursos da sa\u00fade e educa\u00e7\u00e3o para garantir o lucro aos banqueiros. Infelizmente, as companheiras do PSTU defenderam no mesmo sentido, inclusive chegando a reivindicar a fala da Resist\u00eancia (PSOL).<\/div>\n<div>\nEnt\u00e3o, precisamos fazer um debate profundo, porque a criminaliza\u00e7\u00e3o do aborto n\u00e3o existe de forma autom\u00e1tica e passiva. A criminaliza\u00e7\u00e3o segue existindo porque setores fundamentalistas agem ativamente para impedir a legaliza\u00e7\u00e3o e atacar o pouco que conquistamos.<\/div>\n<div>\nAl\u00e9m disso, precisamos refletir: com a atual pol\u00edtica econ\u00f4mica de Lula e Alckmin, \u00e9 poss\u00edvel garantir recursos ao SUS? E ampli\u00e1-los, se essa interven\u00e7\u00e3o passar a ser responsabilidade do SUS?<\/div>\n<div><\/div>\n<div><b>\u00c9 necess\u00e1rio exigir do governo Lula!<\/b><\/div>\n<div>\nA movimenta\u00e7\u00e3o dos setores governistas n\u00e3o \u00e9 coincid\u00eancia, nem uma preocupa\u00e7\u00e3o em que \u201cse fale sobre aborto\u201d, mas blindagem do governo Lula-Alckmin. Sabem do potencial do movimento feminista e que Lula n\u00e3o avan\u00e7a. Para impedir qualquer radicaliza\u00e7\u00e3o, tentam manter o debate no raso. Como se n\u00e3o houvesse pessoas de carne e osso que trabalham para manter as coisas como est\u00e3o.<\/div>\n<div>\nO fato \u00e9 que qualquer movimenta\u00e7\u00e3o institucional s\u00f3 ter\u00e1 peso se houver press\u00e3o das ruas. Por isso, convocamos todes a ocuparem as ruas, pela descriminaliza\u00e7\u00e3o e legaliza\u00e7\u00e3o do aborto no dia 28 de setembro!<\/div>\n<div>\nAs centrais sindicais, UNE, UBES e partidos da esquerda precisam convocar suas bases e ocupar as ruas no dia 28! \u00c9 pela vida de quem gesta! Legaliza!<\/div>\n<div><\/div>\n<div><b>Educa\u00e7\u00e3o sexual para decidir!<\/b><br \/>\n<b>Contraceptivos para n\u00e3o engravidar!<\/b><br \/>\n<b>Aborto legal, seguro e gratuito pelo SUS para n\u00e3o morrer!<\/b><\/div>\n","protected":false},"excerpt":{"rendered":"<p>Por Rana Agarriberri e Isis Reis &#8211; Comiss\u00e3o de Mulheres da CST Est\u00e1 se aproximando mais um 28 de Setembro, Dia Latino-Americano e Caribenho pela Descriminaliza\u00e7\u00e3o e Legaliza\u00e7\u00e3o do Aborto. No Brasil, essa data j\u00e1 se incorporou ao calend\u00e1rio feminista, como mais um dia de<\/p>\n","protected":false},"author":1,"featured_media":17740,"comment_status":"closed","ping_status":"closed","sticky":false,"template":"","format":"standard","meta":{"footnotes":""},"categories":[55,5],"tags":[],"class_list":["post-17739","post","type-post","status-publish","format-standard","has-post-thumbnail","hentry","category-mulheres","category-nacional"],"_links":{"self":[{"href":"https:\/\/www.cstuit.com\/home\/wp-json\/wp\/v2\/posts\/17739","targetHints":{"allow":["GET"]}}],"collection":[{"href":"https:\/\/www.cstuit.com\/home\/wp-json\/wp\/v2\/posts"}],"about":[{"href":"https:\/\/www.cstuit.com\/home\/wp-json\/wp\/v2\/types\/post"}],"author":[{"embeddable":true,"href":"https:\/\/www.cstuit.com\/home\/wp-json\/wp\/v2\/users\/1"}],"replies":[{"embeddable":true,"href":"https:\/\/www.cstuit.com\/home\/wp-json\/wp\/v2\/comments?post=17739"}],"version-history":[{"count":0,"href":"https:\/\/www.cstuit.com\/home\/wp-json\/wp\/v2\/posts\/17739\/revisions"}],"wp:featuredmedia":[{"embeddable":true,"href":"https:\/\/www.cstuit.com\/home\/wp-json\/wp\/v2\/media\/17740"}],"wp:attachment":[{"href":"https:\/\/www.cstuit.com\/home\/wp-json\/wp\/v2\/media?parent=17739"}],"wp:term":[{"taxonomy":"category","embeddable":true,"href":"https:\/\/www.cstuit.com\/home\/wp-json\/wp\/v2\/categories?post=17739"},{"taxonomy":"post_tag","embeddable":true,"href":"https:\/\/www.cstuit.com\/home\/wp-json\/wp\/v2\/tags?post=17739"}],"curies":[{"name":"wp","href":"https:\/\/api.w.org\/{rel}","templated":true}]}}