

	{"id":18,"date":"2010-04-11T18:31:00","date_gmt":"2010-04-11T18:31:00","guid":{"rendered":"https:\/\/www.cstuit.com\/home\/index.php\/2010\/04\/11\/arquivoid-9053\/"},"modified":"2010-04-11T18:31:00","modified_gmt":"2010-04-11T18:31:00","slug":"arquivoid-9053","status":"publish","type":"post","link":"https:\/\/www.cstuit.com\/home\/2010\/04\/11\/arquivoid-9053\/","title":{"rendered":"\u201cDo caos \u00e0 lama\u201d"},"content":{"rendered":"<p>Nota do Coletivo Vamos \u00e0 Luta |<\/p>\n<p>Nota sobre a situa\u00e7\u00e3o no Rio de Janeiro.<\/p>\n<p>O Caos!<\/p>\n<p>Estamos vivendo dias de caos no estado do Rio de Janeiro. Desde a noite da \u00faltima segunda-feira (05\/04) o Rio tem sofrido com fortes chuvas que abalaram todo o seu funcionamento. Desde o inc\u00f4modo de pessoas com dificuldade de locomo\u00e7\u00e3o at\u00e9 milhares de desabrigados e desalojados, e pior ainda, at\u00e9 agora s\u00e3o 179 mortos. Este \u00faltimo n\u00famero, infelizmente, ir\u00e1 subir nas pr\u00f3ximas horas.<\/p>\n<p>A regi\u00e3o metropolitana foi a mais afetada, mas cidades da baixada como Nil\u00f3polis, da regi\u00e3o dos lagos como Maric\u00e1, Araruama e Saquarema, dentre outras, tamb\u00e9m foram atingidas. As situa\u00e7\u00f5es mais graves s\u00e3o as de Niter\u00f3i, da capital e de S\u00e3o Gon\u00e7alo.<\/p>\n<p>Em Niter\u00f3i j\u00e1 s\u00e3o mais de 75 mortos e \u00e9 onde o n\u00famero mais tende a subir. No morro do Bumba, estima-se que pelo menos 200 pessoas possam estar debaixo dos escombros. Fora isso, no Morro do Estado, no Palmeiras e em outras localidades h\u00e1 tamb\u00e9m muitas v\u00edtimas.<\/p>\n<p>Muitos lugares ainda est\u00e3o sem luz e sem \u00e1gua. As aulas est\u00e3o paralisados e muitos trabalhadores n\u00e3o conseguem chegar ao seu local de trabalho. Aos poucos, as cidades tentam voltar ao \u201cnormal\u201d.<\/p>\n<p>A lama!<\/p>\n<p>Na manh\u00e3 de ter\u00e7a, Lula esteve no Rio com S\u00e9rgio Cabral e Eduardo Paes para a inaugura\u00e7\u00e3o do \u201cPAC das comunidades\u201d no Morro do Alem\u00e3o. A inaugura\u00e7\u00e3o n\u00e3o ocorreu porque a obra tamb\u00e9m estava debaixo d`\u00e1gua. Quando provocados por jornalistas todos eles tentaram colocar a culpa na natureza. Mas n\u00e3o apenas isso, foram al\u00e9m, e culpabilizaram a popula\u00e7\u00e3o pelo que estavam vivendo. No racioc\u00ednio de Cabral, Lula e Paes, a culpa pelas mortes e pelos desabrigados \u00e9 justamente dos que morreram e dos que est\u00e3o desabrigados, porque \u201cescolheram morar em \u00e1reas de risco\u201d.<\/p>\n<p>Cabral que chorou por conta da emenda dos Royalties faz pouco caso da trag\u00e9dia social pela qual o Rio est\u00e1 passando hoje.<\/p>\n<p>Por tr\u00e1s desses discursos, h\u00e1 a tentativa de se eximir da responsabilidade por tantas mortes e sofrimento. Os verdadeiros culpados por tudo isso s\u00e3o em primeiro lugar Lula, Cabral, Eduardo Paes, Jorge Roberto Silveira e todos os demais prefeitos das cidades atingidas. Aos fatos:<\/p>\n<p>1 &#8211; As verbas do Minist\u00e9rio de Integra\u00e7\u00e3o destinadas a preven\u00e7\u00e3o de cat\u00e1strofes tem sido minguadas. O relat\u00f3rio da auditoria do Tribunal de Contas da Uni\u00e3o mostra que os recursos distribu\u00eddos e efetivamente aplicados s\u00e3o insignificantes. Entre 2004 e 2009 dos R$ 358 milh\u00f5es destinados a essa rubrica, apenas 0,65% desse montante foram destinados ao estado do Rio de Janeiro. E dados do \u201cContas Abertas\u201d, mostram que desde o in\u00edcio do ano at\u00e9  nenhum centavo veio para o Estado do Rio;<\/p>\n<p>2 \u2013 Cabral est\u00e1 no seu 4\u00ba ano de governo. O Estado do Rio recebe s\u00f3 de Royalties da explora\u00e7\u00e3o do petr\u00f3leo anualmente 5 bilh\u00f5es de reais. Em 4 anos s\u00e3o 20 bilh\u00f5es. N\u00e3o h\u00e1 nenhum programa do Governo Estadual de moradias para a popula\u00e7\u00e3o. A \u00fanica medida que Cabral tentou efetivar foi a de \u201ccercamento das favelas\u201d para que novas moradias n\u00e3o fossem constru\u00eddas.<\/p>\n<p>3 \u2013 No caso de Niter\u00f3i, o descaso do governo tamb\u00e9m \u00e9 bastante n\u00edtido. No ano 2006, a pedido da Prefeitura, o N\u00facleo de Estudos e Projetos Habitacionais Urbanos (Nephu) da Universidade Federal Fluminense elaborou um plano de preven\u00e7\u00e3o de riscos de deslizamentos e enchentes com custo estimado em R$ 44 milh\u00f5es que n\u00e3o foi implementado. Na ocasi\u00e3o foram listados 142 pontos de risco de deslizamento. Segundo o jornal O Globo (08\/04\/2010), \u201co projeto contrasta com o or\u00e7amento da Prefeitura para as a\u00e7\u00f5es de drenagem e interven\u00e7\u00f5es em \u00e1reas de risco, que prev\u00ea gastos de apenas R$ 13,7 milh\u00f5es do R$ 878 milh\u00f5es das receitas municipais deste ano.\u201d<\/p>\n<p>\u00c9 por isso que afirmamos que as causas desse caos que estamos vivendo n\u00e3o s\u00e3o naturais. S\u00e3o pol\u00edticas e sociais. Ficam claras as fragilidades em rela\u00e7\u00e3o \u00e0 habita\u00e7\u00e3o, saneamento b\u00e1sico, escoamento de \u00e1guas pluviais, planos de emerg\u00eancia, sa\u00fade p\u00fablica, etc.<\/p>\n<p>A UFF tem que ajudar!<\/p>\n<p>Estamos pressionando a Reitoria da UFF para que utilize suas possibilidades para ajudar as pessoas. Estamos exigindo: reabertura imediata da emerg\u00eancia do HUAP; libera\u00e7\u00e3o de espa\u00e7os da Universidade para servirem de abrigo; abono de faltas de todos os funcion\u00e1rio efetivos e terceirizados destes dias e; libera\u00e7\u00e3o do bandej\u00e3o para alimenta\u00e7\u00e3o da popula\u00e7\u00e3o atingida.<\/p>\n<p>Vamos \u00e0 Luta!<\/p>\n<p>A tarefa da juventude neste momento dif\u00edcil deve ser a de cobrir de solidariedade \u00e0 popula\u00e7\u00e3o de todo o Rio. Devemos construir comit\u00eas de coleta de donativos: alimentos, \u00e1gua, roupas, colch\u00f5es, rem\u00e9dios, etc. Estamos ajudando diariamente no ponto de coleta de doa\u00e7\u00f5es do HUAP. Quem quiser vir ajudar ser\u00e1 muito bem vindo! Estamos organizando brigadas e indo aos lugares atingidos. Quando as aulas voltarem, temos que fazer isso tamb\u00e9m em nossos campi. Mas temos que ir al\u00e9m. O que nos difere do assistencialismo \u00e9 justamente nossa a\u00e7\u00e3o pol\u00edtica. Esta manh\u00e3 estivemos na Assembl\u00e9ia dos moradores do Morro do Estado, onde estavam al\u00e9m dos moradores, v\u00e1rias entidades como o SINTUFF e o DCE da UFF. Deliberou-se a realiza\u00e7\u00e3o de uma grande manifesta\u00e7\u00e3o p\u00fablica em Niter\u00f3i, no pr\u00f3ximo dia 15\/04 (quinta-feira) contra o descaso dos governantes. Temos que ajudar a construir este grande ato para pedir a cabe\u00e7a dos verdadeiros culpados pelo caos.<\/p>\n<p>    Coletivo Estudantil \u201cVamos \u00e0 Luta!\u201d<\/p>\n<p>Contatos: www.juvvamosaluta.blogspot.com<\/p>\n<p>               Juninho: juninho.uff@gmail.com (21) 9394-6339<\/p>\n<p>               B\u00e1rbara Sinedino: barbara2870@yahoo.com.br (21) 8873-6479<\/p>\n<p>               Ciane: ciane.rodrigues@hotmail.com (21) 8546-8373<\/p>\n<p>                Rafael Lazari: lazari.rafael@gmail.com (21) 7119-4732<\/p>\n<p>                Marco Ant\u00f4nio \u201cAmap\u00e1\u201d: marcounifap@yahoo.com.br (21) 8691-9607<\/p>\n<p>               Andr\u00e9 \u201cKb\u00e7a\u201d: andretertuliano@gmail.com (21) 9298-2282<\/p>\n","protected":false},"excerpt":{"rendered":"<p>Nota do Coletivo Vamos \u00e0 Luta | Nota sobre a situa\u00e7\u00e3o no Rio de Janeiro. O Caos! Estamos vivendo dias de caos no estado do Rio de Janeiro. Desde a noite da \u00faltima segunda-feira (05\/04) o Rio tem sofrido com fortes chuvas que abalaram todo<\/p>\n","protected":false},"author":1,"featured_media":0,"comment_status":"closed","ping_status":"open","sticky":false,"template":"","format":"standard","meta":{"footnotes":""},"categories":[2],"tags":[],"class_list":["post-18","post","type-post","status-publish","format-standard","hentry","category-arquivo"],"_links":{"self":[{"href":"https:\/\/www.cstuit.com\/home\/wp-json\/wp\/v2\/posts\/18","targetHints":{"allow":["GET"]}}],"collection":[{"href":"https:\/\/www.cstuit.com\/home\/wp-json\/wp\/v2\/posts"}],"about":[{"href":"https:\/\/www.cstuit.com\/home\/wp-json\/wp\/v2\/types\/post"}],"author":[{"embeddable":true,"href":"https:\/\/www.cstuit.com\/home\/wp-json\/wp\/v2\/users\/1"}],"replies":[{"embeddable":true,"href":"https:\/\/www.cstuit.com\/home\/wp-json\/wp\/v2\/comments?post=18"}],"version-history":[{"count":0,"href":"https:\/\/www.cstuit.com\/home\/wp-json\/wp\/v2\/posts\/18\/revisions"}],"wp:attachment":[{"href":"https:\/\/www.cstuit.com\/home\/wp-json\/wp\/v2\/media?parent=18"}],"wp:term":[{"taxonomy":"category","embeddable":true,"href":"https:\/\/www.cstuit.com\/home\/wp-json\/wp\/v2\/categories?post=18"},{"taxonomy":"post_tag","embeddable":true,"href":"https:\/\/www.cstuit.com\/home\/wp-json\/wp\/v2\/tags?post=18"}],"curies":[{"name":"wp","href":"https:\/\/api.w.org\/{rel}","templated":true}]}}