

	{"id":18043,"date":"2025-10-22T23:54:28","date_gmt":"2025-10-23T02:54:28","guid":{"rendered":"https:\/\/www.cstuit.com\/home\/?p=18043"},"modified":"2025-10-22T23:54:28","modified_gmt":"2025-10-23T02:54:28","slug":"gaza-chama-a-italia-responde-cronica-das-manifestacoes-da-classe-operaria-italiana-em-apoio-ao-povo-palestino-contra-o-sionismo-e-contra-o-governo-do-pais-seu-cumplice","status":"publish","type":"post","link":"https:\/\/www.cstuit.com\/home\/2025\/10\/22\/gaza-chama-a-italia-responde-cronica-das-manifestacoes-da-classe-operaria-italiana-em-apoio-ao-povo-palestino-contra-o-sionismo-e-contra-o-governo-do-pais-seu-cumplice\/","title":{"rendered":"Gaza chama, a It\u00e1lia responde: cr\u00f4nica das manifesta\u00e7\u00f5es da classe oper\u00e1ria italiana em apoio ao povo palestino, contra o sionismo e contra o governo do pa\u00eds, seu c\u00famplice."},"content":{"rendered":"<p>Por Movimento por uma Liga Marxista Revolucion\u00e1ria, se\u00e7\u00e3o da UIT-QI na It\u00e1lia<\/p>\n<p><em>&#8220;Se perdermos contato com nossos navios por 20 minutos, bloquearemos a Europa. N\u00e3o deixaremos um \u00fanico prego escapar.&#8221;<\/em><\/p>\n<p style=\"text-align: left;\">E assim foi. N\u00e3o apenas no porto de G\u00eanova \u2013 em que, diante do ato de pirataria da Marinha israelense contra a Flotilha Global Sumud em \u00e1guas internacionais, foram fechados os port\u00f5es e abandonadas as docas \u2013, mas por toda a It\u00e1lia. Multid\u00f5es invadiram as ruas da pen\u00ednsula. Houve um verdadeiro despertar da classe oper\u00e1ria e do povo italiano, que apoiaram maci\u00e7amente a Flotilha em sua tentativa de levar ajuda humanit\u00e1ria a Gaza e romper o bloqueio naval ileg\u00edtimo e criminoso. De quinta-feira, 2 de outubro, a domingo, 5 de outubro, cerca de 2 milh\u00f5es de manifestantes tomaram as ruas das cidades italianas. Roma, G\u00eanova, Mil\u00e3o, N\u00e1poles, Bari, Taranto, Livorno e Veneza, algumas das principais cidades do pa\u00eds, juntaram-se, agitando a bandeira palestina e gritando: &#8220;Palestina livre, do rio ao mar!&#8221;. Foi \u2013 e continua sendo \u2013 uma forte onda de indigna\u00e7\u00e3o do povo italiano diante da tentativa de exterm\u00ednio do povo palestino. Uma onda de protestos que eclodiu na noite de quinta-feira em Roma, em frente ao pr\u00e9dio do governo, com 15.000 manifestantes e a presen\u00e7a da Unione Sindacale di Base (Uni\u00e3o dos Sindicatos de Base), que, ao saber da not\u00edcia do ataque, correram para a pra\u00e7a para exigir a interven\u00e7\u00e3o do governo, cientes de que a presidente Meloni havia feito muito pouco para proteger seus compatriotas a bordo dos navios da Flotilha, j\u00e1 que estava ocupada demais em garantir apoio ao criminoso Netanyahu. O choque e a raiva continuaram com a greve geral de sexta-feira, dia 3, declarada pela CGIL e pela USB, uma greve que reuniu quase 1,5 milh\u00e3o de trabalhadores nas pra\u00e7as italianas. Mas a for\u00e7a do movimento n\u00e3o terminou na sexta-feira; continuou com a manifesta\u00e7\u00e3o massiva de s\u00e1bado, na qual um milh\u00e3o de pessoas, s\u00f3 em Roma, gritaram contra as pol\u00edticas coloniais e genocidas de Israel e manifestaram apoio \u00e0 causa Palestina. Havia pessoas de diversas origens: trabalhadores, estudantes, fam\u00edlias, sindicatos e partidos pol\u00edticos. Entre eles, \u00e0 nossa maneira, est\u00e1vamos presentes como Liga Marxista Revolucion\u00e1ria, se\u00e7\u00e3o italiana da UIT-QI. Finalmente, na segunda-feira, 6 de outubro, houve novamente bloqueios de estradas e passeatas espont\u00e2neas, n\u00e3o autorizadas, com a pol\u00edcia e os Carabinieri for\u00e7ados a apenas observar a movimenta\u00e7\u00e3o dos manifestantes. A desigualdade entre o n\u00famero de pessoas presentes nas pra\u00e7as e o contingente das for\u00e7as de seguran\u00e7a burguesas foi favor\u00e1vel aos manifestantes. Em algumas situa\u00e7\u00f5es, a pol\u00edcia expressou simpatia pelos manifestantes, baixando capacetes e escudos. A cena social italiana n\u00e3o testemunhava protestos t\u00e3o expressivos nas pra\u00e7as desde o G8 em G\u00eanova (2001) e a grande manifesta\u00e7\u00e3o em defesa do Artigo 18 do Estatuto dos Trabalhadores (2003). Se excluirmos o breve interl\u00fadio representado pela ocupa\u00e7\u00e3o da pra\u00e7a romana pelo movimento estudantil contra o governo Berlusconi (dezembro de 2010), pode-se dizer que, ap\u00f3s mais de 20 anos, a resist\u00eancia palestina comoveu as almas e os cora\u00e7\u00f5es da classe oper\u00e1ria italiana. A experi\u00eancia pr\u00f3-palestina das pra\u00e7as italianas suscita algumas reflex\u00f5es:<\/p>\n<p>1. A hist\u00f3ria e a dial\u00e9tica entre as classes s\u00e3o marcadas por saltos. Na It\u00e1lia, ap\u00f3s vinte anos de letargia, um movimento de massas irrompeu repentinamente, por enquanto sem uma dire\u00e7\u00e3o \u00fanica, mas capaz de ditar ou condicionar a agenda do governo e da oposi\u00e7\u00e3o oficial.<\/p>\n<p>2. O sindicato mais combativo, mas menos representativo, for\u00e7ou o sindicato mais forte a ir \u00e0s ruas, fazendo com que seu peso fosse sentido num\u00e9rica e organizacionalmente. Isso obrigou a burocracia sindical a se deslocar para a esquerda.<\/p>\n<p>3. O motor da revolta foi a classe oper\u00e1ria. Por\u00e9m, n\u00e3o o setor metal\u00fargico, ou seja, o setor industrial propriamente dito, mas o setor portu\u00e1rio, ou seja, da ind\u00fastria de transportes. Isso \u00e9 um sinal de que o capital pode ser atingido tanto pelo setor da classe oper\u00e1ria em que, na divis\u00e3o do trabalho, a mais-valia \u00e9 gerada quanto pelo setor em que a mais-valia \u00e9 dividida entre produ\u00e7\u00e3o e circula\u00e7\u00e3o.<\/p>\n<p>Agora cabe \u00e0s organiza\u00e7\u00f5es oper\u00e1rias dar continuidade a esse compromisso de luta em apoio \u00e0 resist\u00eancia palestina, especialmente ap\u00f3s o vergonhoso plano de paz assinado por Trump e Netanyahu, que transforma a Palestina \u2014 ou, mais precisamente, a Faixa de Gaza e a Cisjord\u00e2nia \u2014 num protetorado, j\u00e1 que os sionistas se recusam a aceitar um Estado palestino. Todos em Roma, no dia 25 de outubro, para lutar por uma Palestina livre, laica e socialista, do rio ao mar!<\/p>\n","protected":false},"excerpt":{"rendered":"<p>Por Movimento por uma Liga Marxista Revolucion\u00e1ria, se\u00e7\u00e3o da UIT-QI na It\u00e1lia &#8220;Se perdermos contato com nossos navios por 20 minutos, bloquearemos a Europa. N\u00e3o deixaremos um \u00fanico prego escapar.&#8221; E assim foi. N\u00e3o apenas no porto de G\u00eanova \u2013 em que, diante do ato<\/p>\n","protected":false},"author":1,"featured_media":18044,"comment_status":"closed","ping_status":"closed","sticky":false,"template":"","format":"standard","meta":{"footnotes":""},"categories":[6,17],"tags":[31,223,897,35],"class_list":["post-18043","post","type-post","status-publish","format-standard","has-post-thumbnail","hentry","category-internacional","category-sindical","tag-internacional","tag-palestina","tag-protestos","tag-sindical"],"_links":{"self":[{"href":"https:\/\/www.cstuit.com\/home\/wp-json\/wp\/v2\/posts\/18043","targetHints":{"allow":["GET"]}}],"collection":[{"href":"https:\/\/www.cstuit.com\/home\/wp-json\/wp\/v2\/posts"}],"about":[{"href":"https:\/\/www.cstuit.com\/home\/wp-json\/wp\/v2\/types\/post"}],"author":[{"embeddable":true,"href":"https:\/\/www.cstuit.com\/home\/wp-json\/wp\/v2\/users\/1"}],"replies":[{"embeddable":true,"href":"https:\/\/www.cstuit.com\/home\/wp-json\/wp\/v2\/comments?post=18043"}],"version-history":[{"count":1,"href":"https:\/\/www.cstuit.com\/home\/wp-json\/wp\/v2\/posts\/18043\/revisions"}],"predecessor-version":[{"id":18045,"href":"https:\/\/www.cstuit.com\/home\/wp-json\/wp\/v2\/posts\/18043\/revisions\/18045"}],"wp:featuredmedia":[{"embeddable":true,"href":"https:\/\/www.cstuit.com\/home\/wp-json\/wp\/v2\/media\/18044"}],"wp:attachment":[{"href":"https:\/\/www.cstuit.com\/home\/wp-json\/wp\/v2\/media?parent=18043"}],"wp:term":[{"taxonomy":"category","embeddable":true,"href":"https:\/\/www.cstuit.com\/home\/wp-json\/wp\/v2\/categories?post=18043"},{"taxonomy":"post_tag","embeddable":true,"href":"https:\/\/www.cstuit.com\/home\/wp-json\/wp\/v2\/tags?post=18043"}],"curies":[{"name":"wp","href":"https:\/\/api.w.org\/{rel}","templated":true}]}}