

	{"id":18049,"date":"2025-10-23T19:38:06","date_gmt":"2025-10-23T22:38:06","guid":{"rendered":"https:\/\/www.cstuit.com\/home\/?p=18049"},"modified":"2025-10-23T20:33:16","modified_gmt":"2025-10-23T23:33:16","slug":"carta-aberta-as-forcas-da-esquerda-do-psol","status":"publish","type":"post","link":"https:\/\/www.cstuit.com\/home\/2025\/10\/23\/carta-aberta-as-forcas-da-esquerda-do-psol\/","title":{"rendered":"Carta Aberta \u00e0s for\u00e7as da esquerda do PSOL."},"content":{"rendered":"<ul>\n<li>Aos camaradas, do MES, Rebeli\u00e3o Ecossocialista e Insurg\u00eancia, Reconstru\u00e7\u00e3o Democr\u00e1tica, APS, LSR, que questionam o ingresso de Boulos e se posicionam por independ\u00eancia e autonomia;<\/li>\n<li>Aos camaradas da Revolu\u00e7\u00e3o Socialista, Fortalecer o PSOL, o mandato do deputado Glauber Braga e demais for\u00e7as que n\u00e3o integram o campo majorit\u00e1rio do PSOL.<\/li>\n<\/ul>\n<p><strong>1 \u2013<\/strong> Guilherme Boulos acaba de se tornar ministro do governo Lula\/Alckmin. Boulos \u00e9 a principal lideran\u00e7a do PSOL e tornou-se deputado federal com mais de 1 milh\u00e3o de votos. Foi um dos principais articuladores dos gigantescos atos do dia 21\/09 contra a PEC da Bandidagem e outras manifesta\u00e7\u00f5es contra Bolsonaro, Trump e o Centr\u00e3o. Com sua nomea\u00e7\u00e3o, Lula deseja consolidar o apoio de organiza\u00e7\u00f5es populares, manter a melhora dos \u00edndices de popularidade e preparar a campanha eleitoral de 2026.<\/p>\n<p><strong>N\u00e3o estamos diante de um \u201cgiro \u00e0 esquerda\u201d e nem haver\u00e1 \u201cmudan\u00e7a de rumo\u201d.<\/strong><\/p>\n<p><strong>2 \u2013<\/strong> Sabemos que muitos trabalhadores e jovens avaliam positivamente a nomea\u00e7\u00e3o de Boulos. Compreendemos essa expectativa pelo hist\u00f3rico de Boulos e seu papel na convoca\u00e7\u00e3o das manifesta\u00e7\u00f5es do dia 21. A CST construiu as manifesta\u00e7\u00f5es contra Trump, contra o Centr\u00e3o e o bolsonarismo. Defendemos a continuidade da luta unificada nas ruas contra a extrema direita. Mesmo participando dessa unidade, temos outra vis\u00e3o. O ingresso de Boulos n\u00e3o vai \u201cmudar os rumos\u201d do governo Lula\/Alckmin e nem se trata de um \u201cgiro \u00e0 esquerda\u201d. A pol\u00edtica de colabora\u00e7\u00e3o de classes, governando com os patr\u00f5es, \u00e9 uma estrat\u00e9gia pol\u00edtica e program\u00e1tica de Lula e do PT. Apesar do passado ligado \u00e0s lutas populares e do discurso progressista, a Frente Ampla sustenta a ordem capitalista. O governo Lula\/Alckmin n\u00e3o est\u00e1 em disputa. Seu rumo est\u00e1 expresso na pol\u00edtica a servi\u00e7o do grande capital, nas rela\u00e7\u00f5es com os imperialismos e em suas alian\u00e7as conservadoras. A Frente Ampla de Lula\/Alckmin n\u00e3o governa para a classe trabalhadora e n\u00e3o \u00e9 uma alternativa para nossa classe.\u00a0N\u00e3o podemos depositar confian\u00e7a ou semear ilus\u00f5es no governo burgu\u00eas de Lula\/Alckmin. A nomea\u00e7\u00e3o de figuras do mercado financeiro, do agroneg\u00f3cio ou do Centr\u00e3o para postos-chave do atual governo comprova o compromisso com o pagamento da d\u00edvida, a destrui\u00e7\u00e3o ambiental e o fisiologismo. A pol\u00edtica de austeridade, a servi\u00e7o do capital, \u00e9 ditada pelo petista Fernando Haddad. N\u00e3o se pode esquecer que o PT j\u00e1 governou da mesma forma antes. Por isso expulsou os parlamentares radicais do PT (Helo\u00edsa Helena, Luciana Genro, Jo\u00e3o Fontes e Bab\u00e1), desencadeando a funda\u00e7\u00e3o do PSOL. Precisamos manter a independ\u00eancia de classe.<\/p>\n<p><strong>2.1 \u2013<\/strong> Uma prova do que falamos \u00e9 que o arcabou\u00e7o fiscal aos banqueiros e multinacionais e o Plano Safra ao agroneg\u00f3cio se mant\u00eam intactos. Outros exemplos s\u00e3o as pol\u00edticas de destrui\u00e7\u00e3o ambiental, como os leil\u00f5es do petr\u00f3leo, que ofertar\u00e3o blocos do pr\u00e9-sal para empresas como a Chevron, Qatar Energy, Shell e Total, fato denunciado pelos Sindipetro RJ e Litoral Paulista, al\u00e9m da autoriza\u00e7\u00e3o da explora\u00e7\u00e3o de petr\u00f3leo na Foz do Amazonas, criticada por ambientalistas, povos ind\u00edgenas, ribeirinhos e organiza\u00e7\u00f5es pol\u00edticas.<\/p>\n<p><strong>2.2 \u2013<\/strong> O governo Lula\/Alckmin n\u00e3o convocou os atos contra o Centr\u00e3o, contra Bolsonaro, contra o tarifa\u00e7o de Trump ou contra a PEC da Bandidagem. Ao contr\u00e1rio, a pol\u00edtica do PT foi de \u201cnegocia\u00e7\u00f5es\u201d com a extrema direita imperialista de Trump. Manteve reuni\u00f5es com Washington no mesmo momento em que os EUA realizavam agress\u00f5es contra a soberania da Venezuela e da Col\u00f4mbia ao mesmo tempo em que, com a \u201cm\u00e3o esquerda\u201d, negociava o ingresso de Boulos na Esplanada dos Minist\u00e9rios.\u00a0Al\u00e9m disso, o governo Lula\/Alckmin n\u00e3o \u00e9 consequente no combate nas ruas \u00e0 extrema direita. E, no caso de governadores ultrarreacion\u00e1rios como Tarc\u00edsio, mant\u00e9m uma pol\u00edtica de boa vizinhan\u00e7a com financiamentos do BNDES para privatiza\u00e7\u00f5es. Algo que deixa livres esses setores, que se mant\u00eam como for\u00e7a eleitoral em dire\u00e7\u00e3o \u00e0s elei\u00e7\u00f5es de 2026. Sem falar na aus\u00eancia de revoga\u00e7\u00e3o das contrarreformas, na aus\u00eancia da legaliza\u00e7\u00e3o do aborto e na continuidade do genoc\u00eddio contra o povo negro e os povos ind\u00edgenas, inclusive nos governos estaduais do PT.<\/p>\n<p><strong>A nomea\u00e7\u00e3o de Boulos aprofunda a integra\u00e7\u00e3o do PSOL ao governo capitalista<\/strong><\/p>\n<p><strong>3 \u2013<\/strong> A nomea\u00e7\u00e3o de Boulos aprofunda a integra\u00e7\u00e3o do PSOL ao governo capitalista da frente ampla de Lula\/Alckmin e \u00e0s engrenagens do Estado burgu\u00eas. Boulos \u00e9 a maior lideran\u00e7a do partido, e a Secretaria-Geral \u00e9 um cargo estrat\u00e9gico do Pal\u00e1cio do Planalto, da condu\u00e7\u00e3o do governo e da rela\u00e7\u00e3o dos movimentos sociais com o chefe de Estado.<\/p>\n<p><strong>3.1 \u2013<\/strong> A prepara\u00e7\u00e3o de Boulos para ser ministro tem rela\u00e7\u00e3o com sua campanha eleitoral para a Prefeitura de S\u00e3o Paulo, quando fez de tudo para normalizar suas rela\u00e7\u00f5es com os empres\u00e1rios e afastar a imagem de lutador dos movimentos sociais. Um desses movimentos foi incluir em sua chapa a ex-prefeita Marta Suplicy, que, na \u00e9poca, participava do governo reacion\u00e1rio de Ricardo Nunes; a indica\u00e7\u00e3o de Alexandre Gasparian, ex-dirigente da ROTAM, para o programa de seguran\u00e7a p\u00fablica; incluir temas do empreendedorismo em seu programa de campanha; e uma absurda live com Mar\u00e7al.<\/p>\n<p><strong>3.2 \u2013<\/strong> O PSOL j\u00e1 integra o governo Lula\/Alckmin por meio do ingresso da deputada S\u00f4nia Guajajara e dos cargos na lideran\u00e7a no Congresso Nacional. Ap\u00f3s tr\u00eas anos, n\u00e3o se alterou o rumo do governo. Nem se fortaleceram as lutas sociais, como vimos na aprova\u00e7\u00e3o do marco temporal. Um exemplo recente foi o papel da frente ampla sobre o PL da devasta\u00e7\u00e3o: dois ter\u00e7os dos votos favor\u00e1veis vieram da base aliada do governo. A ministra Gleisi Hoffmann e o chefe da Casa Civil, Rui Costa, ambos do PT, nada fizeram contra o projeto. O l\u00edder do governo, senador Randolfe Rodrigues (Rede), ausentou-se da sess\u00e3o. Jaques Wagner, l\u00edder do governo no Senado, deixou o plen\u00e1rio na hora da vota\u00e7\u00e3o. E Lula deu veto parcial ao PL da devasta\u00e7\u00e3o, do mesmo modo como o fez com o marco temporal. O fato de que a extrema direita atue contra os vetos e queira mais destrui\u00e7\u00e3o ambiental e massacre dos povos ind\u00edgenas n\u00e3o anula o papel da frente ampla nesses epis\u00f3dios. E, enquanto ministros como o ruralista Carlos F\u00e1varo atuam abertamente pela aprova\u00e7\u00e3o desses retrocessos, a ministra S\u00f4nia Guajajara n\u00e3o tem a mesma a\u00e7\u00e3o em favor da mobiliza\u00e7\u00e3o direta nas ruas.\u00a0Tudo isso reflete a realidade governamental: quando um partido de esquerda entra num governo capitalista, ele n\u00e3o modifica esse governo e nem o leva para a esquerda. Na realidade, transforma-se num partido que legitima a ordem capitalista e a alian\u00e7a com os patr\u00f5es. Os pal\u00e1cios condicionam a pol\u00edtica e a a\u00e7\u00e3o do PSOL nos minist\u00e9rios. Talvez a a\u00e7\u00e3o mais emblem\u00e1tica dessa adapta\u00e7\u00e3o tenha sido o papel da ministra S\u00f4nia Guajajara na ocupa\u00e7\u00e3o dos povos ind\u00edgenas e na greve da educa\u00e7\u00e3o do Par\u00e1, onde compareceu aos protestos para tentar desmontar a luta.<\/p>\n<p><strong>3.3 \u2013<\/strong> Outra demonstra\u00e7\u00e3o da integra\u00e7\u00e3o ao governo capitalista de Lula e ao Estado burgu\u00eas \u00e9 o fato de que a nomea\u00e7\u00e3o de Boulos nem sequer passou pelas inst\u00e2ncias do PSOL, diferente do que ocorreu com a nomea\u00e7\u00e3o anterior. Em meio \u00e0 convers\u00e3o \u00e0 frente ampla, o centro de gravidade das decis\u00f5es pol\u00edticas do PSOL se deslocou dos diret\u00f3rios do partido para sua bancada parlamentar e agora d\u00e1 um salto, capturado pelos espa\u00e7os governamentais. \u00c9 a perda de independ\u00eancia do PSOL novamente explicitada.<\/p>\n<p><strong>A resolu\u00e7\u00e3o do Diret\u00f3rio Nacional de dezembro de 2022 abriu esse caminho<\/strong><\/p>\n<p><strong>4 \u2013<\/strong> Uma das ra\u00edzes desse processo \u00e9 a resolu\u00e7\u00e3o de dezembro de 2022 que respaldou o ingresso do PSOL no governo Lula\/Alckmin, resolu\u00e7\u00e3o apoiada por praticamente todas as for\u00e7as do PSOL. A CST se op\u00f4s, e esse foi um dos motivos da nossa ruptura com o PSOL. O Diret\u00f3rio do PSOL votou o apoio ao governo Lula\/Alckmin, a inclus\u00e3o na base parlamentar e o ingresso no minist\u00e9rio, renunciando \u00e0 sua independ\u00eancia.\u00a0Sobre o ingresso, o texto diz que \u201co PSOL preserva sua autonomia de organiza\u00e7\u00e3o e, portanto, os filiados que, no caso de convidados, optem por ocupar fun\u00e7\u00f5es no governo federal, devem se licenciar dos espa\u00e7os de dire\u00e7\u00e3o partid\u00e1ria\u201d. Ou seja, a resolu\u00e7\u00e3o aprova que outros dirigentes entrem no governo Lula\/Alckmin, bastando que se \u201clicenciem da dire\u00e7\u00e3o partid\u00e1ria\u201d. Basta cumprir uma mera formalidade burocr\u00e1tica.O PSOL pode at\u00e9 preservar sua \u201cautonomia de organiza\u00e7\u00e3o\u201d, ser um partido formalmente pr\u00f3prio, mas perde sua independ\u00eancia pol\u00edtica, pois qualquer dirigente do partido que entre no governo vai responder ao governo e atuar de acordo com a linha do governo.<\/p>\n<p><strong>4.1 \u2013<\/strong> O ingresso de socialistas ou comunistas em governos capitalistas nunca fortaleceu a luta das ruas nem propiciou \u201cgiros \u00e0 esquerda\u201d. Fortalece o governo de concilia\u00e7\u00e3o de classes, cujo conte\u00fado de classe \u00e9 burgu\u00eas. Gera, cedo ou tarde, desmobiliza\u00e7\u00e3o, desmoraliza\u00e7\u00e3o, retrocessos e derrotas. N\u00e3o se trata de algo t\u00e1tico, mas de princ\u00edpios. A participa\u00e7\u00e3o do PSOL em um governo burgu\u00eas significa dar apoio pol\u00edtico a um governo que aplica ajuste fiscal e colabora com medidas de destrui\u00e7\u00e3o ambiental. Cr\u00edticas ao arcabou\u00e7o ou voto contra algumas medidas de ajuste n\u00e3o salvam o PSOL. Votar contra propostas que atacam o BPC ou criticar a explora\u00e7\u00e3o do petr\u00f3leo na Foz do Amazonas \u00e9 uma obriga\u00e7\u00e3o democr\u00e1tica e humanista. Mas, para um socialista, \u00e9 contradit\u00f3rio votar contra projetos e apoiar um governo que os impulsiona.<\/p>\n<p><strong>Propomos a\u00e7\u00e3o em comum com as for\u00e7as da esquerda do PSOL<\/strong><\/p>\n<p><strong>5 \u2013<\/strong> V\u00e1rias organiza\u00e7\u00f5es do campo das esquerdas do PSOL n\u00e3o s\u00e3o favor\u00e1veis ao ingresso de Boulos no governo e defendem independ\u00eancia e autonomia. Os camaradas do MES falam da \u201cimport\u00e2ncia da independ\u00eancia pol\u00edtica\u201d. Os camaradas da Rebeli\u00e3o Ecossocialista e Insurg\u00eancia Reconstru\u00e7\u00e3o Democr\u00e1tica defendem \u201ca autonomia do PSOL\u201d. A APS critica a decis\u00e3o no mesmo sentido. A LSR afirma que \u201caprofundar o atrelamento do PSOL ao governo atrav\u00e9s de sua principal figura p\u00fablica \u00e9 o caminho errado\u201d. Embora, at\u00e9 aqui, n\u00e3o exista uma efetiva luta pol\u00edtica no interior do PSOL contra o ingresso de Boulos.<\/p>\n<p><strong>5.1 \u2013<\/strong> Apesar de nossas diferen\u00e7as em rela\u00e7\u00e3o \u00e0s for\u00e7as que seguem no PSOL, mesmo com o PSOL integrando o governo Lula\/Alckmin, estamos \u00e0 disposi\u00e7\u00e3o de atuar em comum com os camaradas que defendem \u201cindepend\u00eancia\u201d e \u201cautonomia\u201d.\u00a0Propomos construir a\u00e7\u00f5es conjuntas com essas for\u00e7as do PSOL, visando uma esquerda independente e aut\u00f4noma em rela\u00e7\u00e3o ao governo capitalista de Lula\/Alckmin. Trabalhar em conjunto enquanto debatemos, democraticamente e com fraternidade, diverg\u00eancias como a disputa de rumos do governo ou o apoio a medidas progressivas que as for\u00e7as do PSOL defendem (e n\u00f3s, da CST, n\u00e3o defendemos), sem que esse debate paralise a\u00e7\u00f5es unificadas.<\/p>\n<p><strong>5.2 \u2013<\/strong> A CST avalia que \u00e9 poss\u00edvel uma atua\u00e7\u00e3o conjunta atrav\u00e9s da luta de classes. Nossa proposta \u00e9 construir blocos combativos contra as pol\u00edticas capitalistas do governo Lula\/Alckmin e fortalecer a luta nas ruas contra a extrema direita.\u00a0De certa forma, algo nesse sentido ocorreu no congresso da UNE, atrav\u00e9s da chapa unificada das oposi\u00e7\u00f5es contra a dire\u00e7\u00e3o majorit\u00e1ria da UNE, envolvendo juventudes da esquerda do PSOL, UP, PCBR, PSTU e a CST. Um processo que poderia ser estendido ao movimento sindical, numa batalha contra os pelegos da Articula\u00e7\u00e3o\/PT e PCdoB, e pela democratiza\u00e7\u00e3o dos sindicatos. Algo semelhante ocorreu recentemente na elei\u00e7\u00e3o do Metr\u00f4 de SP, cuja chapa vitoriosa abarcou setores do PSOL e da esquerda independente contra a chapa da Articula\u00e7\u00e3o e do PCdoB.<\/p>\n<p><strong>5.3 \u2013<\/strong> A CST prop\u00f5e um debate sobre a constru\u00e7\u00e3o de um espa\u00e7o \u00e0 esquerda que seja unit\u00e1rio, superando a fragmenta\u00e7\u00e3o atual. Para isso, sugerimos uma reuni\u00e3o entre as dire\u00e7\u00f5es do MES, Rebeli\u00e3o Ecossocialista e Insurg\u00eancia Reconstru\u00e7\u00e3o Democr\u00e1tica, APS e LSR, e as for\u00e7as do PSOL que questionam o ingresso de Boulos, juntamente com for\u00e7as que n\u00e3o s\u00e3o do PSOL, mas querem atuar visando uma esquerda independente.<\/p>\n<p><strong>5.4 \u2013<\/strong> Outro tema que apresentamos para o debate \u00e9 sobre as elei\u00e7\u00f5es de 2026. Em nosso entendimento, a defesa da independ\u00eancia e da autonomia tamb\u00e9m passa por n\u00e3o apoiar a chapa de colabora\u00e7\u00e3o de classes de Lula\/Alckmin. Poder\u00edamos construir um bloco da esquerda independente, sem patr\u00f5es.\u00a0Sabemos que os camaradas da esquerda do PSOL n\u00e3o t\u00eam a linha de romper com o PSOL. Mas uma coisa \u00e9 n\u00e3o romper com o PSOL e outra \u00e9 aderir novamente \u00e0s chapas da frente ampla em 2026. A CST, mesmo quando integrava o PSOL, desacatou a linha majorit\u00e1ria do partido: n\u00e3o apoiamos nem fizemos campanha para a chapa Lula\/Alckmin em 2022. Esse \u00e9 um tema para discuss\u00e3o.<\/p>\n<p><strong>5.5 \u2013<\/strong> Os camaradas do MES, Rebeli\u00e3o Ecossocialista e Insurg\u00eancia Reconstru\u00e7\u00e3o Democr\u00e1tica, APS e LSR, Revolu\u00e7\u00e3o Socialista, Fortalecer o PSOL e o mandato do deputado Glauber Braga t\u00eam uma forte responsabilidade. Uma movimenta\u00e7\u00e3o pela esquerda ajudaria a construir um espa\u00e7o unit\u00e1rio na luta de classes e a reorganizar uma esquerda independente.<\/p>\n<p><strong>A tarefa que se imp\u00f5e \u00e9 a reorganiza\u00e7\u00e3o independente da classe trabalhadora<\/strong><\/p>\n<p>6 \u2013 A CST defende confrontar o sistema capitalista e seus representantes, mantendo um combate radical contra o tarifa\u00e7o de Trump, o imperialismo, a extrema direita e governadores ultrarreacion\u00e1rios como Tarc\u00edsio. Defendemos manter de p\u00e9 a luta por reajuste emergencial de todos os sal\u00e1rios, benef\u00edcios e bolsas, zerando as perdas; garantir que todos os acordos coletivos assegurem o reajuste autom\u00e1tico dos sal\u00e1rios de acordo com a infla\u00e7\u00e3o real dos alimentos, tarifas e rem\u00e9dios; e lutar pela duplica\u00e7\u00e3o do sal\u00e1rio m\u00ednimo. Lutar pelo fim da 6\u00d71, pela redu\u00e7\u00e3o da jornada de trabalho e pelo atendimento das reivindica\u00e7\u00f5es do breque dos apps. Exigir o fim do arcabou\u00e7o fiscal e do Plano Safra, contra qualquer mudan\u00e7a nos pisos constitucionais de sa\u00fade e educa\u00e7\u00e3o. Por mais verbas para as \u00e1reas sociais e para as pautas feministas e LGBTQIA+. Pelo n\u00e3o pagamento da d\u00edvida, taxa\u00e7\u00e3o dos bilion\u00e1rios e multinacionais, estatiza\u00e7\u00e3o do sistema financeiro e expropria\u00e7\u00e3o das multinacionais. Garantir terra para quem nela quer trabalhar, impor a demarca\u00e7\u00e3o de todas as terras dos povos ind\u00edgenas, acabar com as chacinas policiais e com todo o aparelho repressivo contra o povo negro. Cadeia para Bolsonaro e todos os golpistas, e expropria\u00e7\u00e3o das empresas que financiaram o golpe. Exigimos da CUT, CTB, UNE e MTST uma jornada nacional de lutas. Batalhamos por uma nova dire\u00e7\u00e3o democr\u00e1tica, unit\u00e1ria e de lutas para o movimento oper\u00e1rio e popular, combatendo as dire\u00e7\u00f5es majorit\u00e1rias pelegas. E, nesse caminho, aproximar as for\u00e7as que n\u00e3o integram e nem apoiam o governo Lula\/Alckmin, reorganizando a esquerda socialista e comunista de forma independente. Uma esquerda radical e sem patr\u00f5es.<\/p>\n<p><strong>6.1 \u2013<\/strong> A CST \u00e9 uma organiza\u00e7\u00e3o socialista e revolucion\u00e1ria independente. Somos a se\u00e7\u00e3o no Brasil da UIT-QI (Unidade Internacional de Trabalhadoras e Trabalhadores \u2013 Quarta Internacional).<\/p>\n<p>Estrategicamente, defendemos a unidade dos revolucion\u00e1rios e revolucion\u00e1rias. Lutamos por um governo da classe trabalhadora, sem patr\u00f5es, e por um Brasil socialista.<\/p>\n<p>Por uma efetiva unidade anti-imperialista latino-americana contra Trump, rumo a uma Federa\u00e7\u00e3o das Rep\u00fablicas Socialistas da Am\u00e9rica Latina.<\/p>\n<p>S\u00e3o Paulo, 23\/10\/2025<\/p>\n<p>Corrente Socialista de Trabalhadores e Trabalhadoras, se\u00e7\u00e3o da UIT-QI no Brasil<\/p>\n","protected":false},"excerpt":{"rendered":"<p>Aos camaradas, do MES, Rebeli\u00e3o Ecossocialista e Insurg\u00eancia, Reconstru\u00e7\u00e3o Democr\u00e1tica, APS, LSR, que questionam o ingresso de Boulos e se posicionam por independ\u00eancia e autonomia; Aos camaradas da Revolu\u00e7\u00e3o Socialista, Fortalecer o PSOL, o mandato do deputado Glauber Braga e demais for\u00e7as que n\u00e3o integram<\/p>\n","protected":false},"author":1,"featured_media":18050,"comment_status":"closed","ping_status":"closed","sticky":false,"template":"","format":"standard","meta":{"footnotes":""},"categories":[1853,8,5],"tags":[162,381,37],"class_list":["post-18049","post","type-post","status-publish","format-standard","has-post-thumbnail","hentry","category-debates","category-debates-socialistas","category-nacional","tag-brasil","tag-esquerda","tag-psol"],"_links":{"self":[{"href":"https:\/\/www.cstuit.com\/home\/wp-json\/wp\/v2\/posts\/18049","targetHints":{"allow":["GET"]}}],"collection":[{"href":"https:\/\/www.cstuit.com\/home\/wp-json\/wp\/v2\/posts"}],"about":[{"href":"https:\/\/www.cstuit.com\/home\/wp-json\/wp\/v2\/types\/post"}],"author":[{"embeddable":true,"href":"https:\/\/www.cstuit.com\/home\/wp-json\/wp\/v2\/users\/1"}],"replies":[{"embeddable":true,"href":"https:\/\/www.cstuit.com\/home\/wp-json\/wp\/v2\/comments?post=18049"}],"version-history":[{"count":5,"href":"https:\/\/www.cstuit.com\/home\/wp-json\/wp\/v2\/posts\/18049\/revisions"}],"predecessor-version":[{"id":18056,"href":"https:\/\/www.cstuit.com\/home\/wp-json\/wp\/v2\/posts\/18049\/revisions\/18056"}],"wp:featuredmedia":[{"embeddable":true,"href":"https:\/\/www.cstuit.com\/home\/wp-json\/wp\/v2\/media\/18050"}],"wp:attachment":[{"href":"https:\/\/www.cstuit.com\/home\/wp-json\/wp\/v2\/media?parent=18049"}],"wp:term":[{"taxonomy":"category","embeddable":true,"href":"https:\/\/www.cstuit.com\/home\/wp-json\/wp\/v2\/categories?post=18049"},{"taxonomy":"post_tag","embeddable":true,"href":"https:\/\/www.cstuit.com\/home\/wp-json\/wp\/v2\/tags?post=18049"}],"curies":[{"name":"wp","href":"https:\/\/api.w.org\/{rel}","templated":true}]}}