

	{"id":18062,"date":"2025-10-24T15:17:18","date_gmt":"2025-10-24T18:17:18","guid":{"rendered":"https:\/\/www.cstuit.com\/home\/?p=18062"},"modified":"2025-10-24T15:17:18","modified_gmt":"2025-10-24T18:17:18","slug":"mesmo-interceptada-a-flotilha-sumud-vence-ao-incendiar-as-ruas-do-mundo","status":"publish","type":"post","link":"https:\/\/www.cstuit.com\/home\/2025\/10\/24\/mesmo-interceptada-a-flotilha-sumud-vence-ao-incendiar-as-ruas-do-mundo\/","title":{"rendered":"Mesmo interceptada, a Flotilha Sumud vence ao incendiar as ruas do mundo!"},"content":{"rendered":"<p style=\"font-weight: 400;\"><em>Por Lorena Fernandes e B\u00e1rbara Sinedino \u2013 Coordena\u00e7\u00e3o Nacional da CST<\/em><\/p>\n<p style=\"font-weight: 400;\">A Flotilha Sumud partiu com uma miss\u00e3o: romper o bloqueio criminoso imposto pelo Estado nazi-sionista de Israel \u00e0 Faixa de Gaza e levar ajuda humanit\u00e1ria ao povo palestino. Organizada por ativistas de dezenas de pa\u00edses, entre eles o Brasil, a expedi\u00e7\u00e3o se tornou um s\u00edmbolo internacional de solidariedade e resist\u00eancia. N\u00f3s, da CST, se\u00e7\u00e3o da UIT-QI, temos muito orgulho de ter enviado dois camaradas argentinos nessa miss\u00e3o: Giordano e Ezequiel Peressini (que passou cerca de quatro dias sequestrado por Israel).<\/p>\n<p style=\"font-weight: 400;\">Apesar de n\u00e3o ter conseguido chegar at\u00e9 Gaza, devido \u00e0 intercepta\u00e7\u00e3o violenta da Marinha israelense em \u00e1guas internacionais, a Flotilha cumpriu um feito in\u00e9dito ao chegar muito pr\u00f3ximo de Gaza. A flotilha obrigou o ex\u00e9rcito israelense a deslocar parte de sua frota naval, o que, por algumas horas, abriu espa\u00e7o para que pescadores palestinos pudessem sair ao mar e capturar peixes em quantidades que n\u00e3o conseguiam h\u00e1 anos. Um gesto simples, mas com muito significado: vida e resist\u00eancia em meio ao holocausto.<\/p>\n<p style=\"font-weight: 400;\"><strong>O sequestro da Flotilha, em meio ao genoc\u00eddio, sacudiu o mundo<\/strong><\/p>\n<p style=\"font-weight: 400;\">Na It\u00e1lia, a classe trabalhadora entrou em cena ao protagonizar greves em rep\u00fadio ao sequestro da Flotilha e em defesa do povo palestino. Foi uma demonstra\u00e7\u00e3o poderosa de que a solidariedade internacional se expressa na a\u00e7\u00e3o direta da classe trabalhadora. Um exemplo a ser seguido e, infelizmente, n\u00e3o vemos a CUT, CTB, UNE, MTST jogarem todo o peso que t\u00eam para construir essa luta. Tamb\u00e9m houve atos massivos na Inglaterra, Fran\u00e7a, B\u00e9lgica, Holanda, Canad\u00e1, EUA e Argentina.<\/p>\n<p style=\"font-weight: 400;\">Parafraseando Greta Thunberg que sintetizou a miss\u00e3o flotilha ap\u00f3s ser libertada: \u201cEu poderia falar por horas sobre os abusos que sofremos enquanto prisioneiros, mas a hist\u00f3ria aqui \u00e9 sobre a escalada do genoc\u00eddio contra o povo palestino.\u201d<\/p>\n<p style=\"font-weight: 400;\">No Brasil, a solidariedade tamb\u00e9m tomou as ruas. Em S\u00e3o Paulo, a Frente Palestina-SP impulsionou milhares que se reuniram na Paulista e Rua Augusta com bandeiras da Palestina, kufyias e cartazes denunciando o genoc\u00eddio. As manifesta\u00e7\u00f5es exigiram o cessar-fogo imediato, o fim do bloqueio e a liberta\u00e7\u00e3o dos sequestrados da Flotilha Sumud e dos mais de 11 mil palestinos aprisionados nas masmorras de Israel.<\/p>\n<p style=\"font-weight: 400;\">Esses atos ocorreram nas v\u00e9speras do 7 de outubro, quando se completaram dois anos da a\u00e7\u00e3o da resist\u00eancia palestina que, ao romper o sil\u00eancio, exp\u00f4s ao mundo a brutalidade do apartheid e in\u00edcio a uma nova etapa da ofensiva contra o povo palestino imposto por Israel e o imperialismo.<\/p>\n<p style=\"font-weight: 400;\">Vivemos um momento hist\u00f3rico em que o sionismo, ideologia contra-revolucion\u00e1ria e colonialista, \u00e9 mais odiado do que nunca pelas massas do mundo. O Estado nazi-sionista de Israel perdeu qualquer apar\u00eancia de \u201cdemocracia\u201d e se revela como \u00e9: um regime nazista e imperialista.<\/p>\n<p style=\"font-weight: 400;\">A luta pela liberta\u00e7\u00e3o da Palestina \u00e9 a nossa luta.\u00a0 A CST, se\u00e7\u00e3o da UIT-QI, compartilha do sentimento de solidariedade e revolta. Vamos seguir impulsionando todas as mobiliza\u00e7\u00f5es, nas ruas, pela constru\u00e7\u00e3o de uma Palestina livre \u00fanica, laica, democr\u00e1tica e n\u00e3o racista, do rio ao mar. A Palestina vencer\u00e1!<\/p>\n","protected":false},"excerpt":{"rendered":"<p>Por Lorena Fernandes e B\u00e1rbara Sinedino \u2013 Coordena\u00e7\u00e3o Nacional da CST A Flotilha Sumud partiu com uma miss\u00e3o: romper o bloqueio criminoso imposto pelo Estado nazi-sionista de Israel \u00e0 Faixa de Gaza e levar ajuda humanit\u00e1ria ao povo palestino. Organizada por ativistas de dezenas de<\/p>\n","protected":false},"author":1,"featured_media":0,"comment_status":"closed","ping_status":"closed","sticky":false,"template":"","format":"standard","meta":{"footnotes":""},"categories":[6],"tags":[],"class_list":["post-18062","post","type-post","status-publish","format-standard","hentry","category-internacional"],"_links":{"self":[{"href":"https:\/\/www.cstuit.com\/home\/wp-json\/wp\/v2\/posts\/18062","targetHints":{"allow":["GET"]}}],"collection":[{"href":"https:\/\/www.cstuit.com\/home\/wp-json\/wp\/v2\/posts"}],"about":[{"href":"https:\/\/www.cstuit.com\/home\/wp-json\/wp\/v2\/types\/post"}],"author":[{"embeddable":true,"href":"https:\/\/www.cstuit.com\/home\/wp-json\/wp\/v2\/users\/1"}],"replies":[{"embeddable":true,"href":"https:\/\/www.cstuit.com\/home\/wp-json\/wp\/v2\/comments?post=18062"}],"version-history":[{"count":1,"href":"https:\/\/www.cstuit.com\/home\/wp-json\/wp\/v2\/posts\/18062\/revisions"}],"predecessor-version":[{"id":18063,"href":"https:\/\/www.cstuit.com\/home\/wp-json\/wp\/v2\/posts\/18062\/revisions\/18063"}],"wp:attachment":[{"href":"https:\/\/www.cstuit.com\/home\/wp-json\/wp\/v2\/media?parent=18062"}],"wp:term":[{"taxonomy":"category","embeddable":true,"href":"https:\/\/www.cstuit.com\/home\/wp-json\/wp\/v2\/categories?post=18062"},{"taxonomy":"post_tag","embeddable":true,"href":"https:\/\/www.cstuit.com\/home\/wp-json\/wp\/v2\/tags?post=18062"}],"curies":[{"name":"wp","href":"https:\/\/api.w.org\/{rel}","templated":true}]}}