

	{"id":18066,"date":"2025-10-24T15:19:45","date_gmt":"2025-10-24T18:19:45","guid":{"rendered":"https:\/\/www.cstuit.com\/home\/?p=18066"},"modified":"2025-10-24T15:19:59","modified_gmt":"2025-10-24T18:19:59","slug":"lula-como-e-que-e-nao-adianta-so-falar-tem-que-romper","status":"publish","type":"post","link":"https:\/\/www.cstuit.com\/home\/2025\/10\/24\/lula-como-e-que-e-nao-adianta-so-falar-tem-que-romper\/","title":{"rendered":"Lula, como \u00e9 que \u00e9? N\u00e3o adianta s\u00f3 falar, tem que romper!"},"content":{"rendered":"<p style=\"font-weight: 400;\"><em>Por Lorena Fernandes e B\u00e1rbara Sinedino &#8211; Coordena\u00e7\u00e3o Nacional da CST<\/em><\/p>\n<p style=\"font-weight: 400;\">Desde o in\u00edcio do holocausto contra o povo palestino, Lula fez declara\u00e7\u00f5es em que classificou o massacre como genoc\u00eddio, reafirmou isso na Assembleia Geral da ONU e disse que o que acontece em Gaza \u00e9 mais do que exterm\u00ednio, \u00e9 a nega\u00e7\u00e3o do sonho de uma na\u00e7\u00e3o (palestina). O Brasil tamb\u00e9m aderiu \u00e0 a\u00e7\u00e3o da \u00c1frica do Sul na Corte Internacional de Justi\u00e7a, que acusa Israel de genoc\u00eddio. Mas, apesar das palavras corretas, as rela\u00e7\u00f5es com o Estado nazi-sionista seguem vigorando. Enquanto Israel segue sua pol\u00edtica colonialista, nazi-sionista, o governo brasileiro da frente ampla mant\u00e9m la\u00e7os diplom\u00e1ticos, comerciais, cient\u00edficos, esportivos e militares com Israel, contrariando a voz das ruas e apelo do pr\u00f3prio povo palestino por ruptura imediata.<\/p>\n<p style=\"font-weight: 400;\">As mobiliza\u00e7\u00f5es por boicote, san\u00e7\u00f5es e rupturas a Israel se espalham pelo mundo. Na Espanha, o governo aprovou medidas, como embargo de armas, proibi\u00e7\u00e3o de navios israelenses pararem em portos e bloqueio de voos militares, fruto da press\u00e3o das mobiliza\u00e7\u00f5es. S\u00e3o a\u00e7\u00f5es que ajudam a isolar o regime assassino. No esporte, cresce a press\u00e3o para banir Israel das federa\u00e7\u00f5es esportivas internacionais. Pep Guardiola cobrou da Fifa a expuls\u00e3o de Israel.<\/p>\n<p style=\"font-weight: 400;\">Enquanto Lula condena o genoc\u00eddio em palavras, o governo segue mantendo neg\u00f3cios com o opressor. Anunciou o fim da venda de armas a Israel, mas o Brasil continua comprando tecnologia militar israelense, testada sobre corpos palestinos antes de ser usada nas pol\u00edcias que exterminam a juventude negra e perif\u00e9rica. Em 2024, as exporta\u00e7\u00f5es de petr\u00f3leo brasileiro para Israel aumentaram, abastecendo os tanques de guerra que massacram Gaza. N\u00e3o h\u00e1 como combater o genoc\u00eddio mantendo rela\u00e7\u00f5es com o genocida.<\/p>\n<p style=\"font-weight: 400;\">O sionismo ainda encontra espa\u00e7o dentro do pr\u00f3prio PT. Foi o caso do vergonhoso \u201cDia da Amizade Brasil\u2013Israel\u201d, apoiado por alguns parlamentares petistas. Mais recentemente, Jaques Wagner discursou no Senado dizendo que o Hamas deve ser exterminado, em vez de condenar os nazistas de Israel que praticam o holocausto. Essas posturas enfraquecem a solidariedade internacional pela liberta\u00e7\u00e3o da Palestina.<\/p>\n<p style=\"font-weight: 400;\">Em 1985, no governo Sarney, em meio \u00e0s mobiliza\u00e7\u00f5es internacionais, o Brasil rompeu rela\u00e7\u00f5es com o Estado racista e de apartheid da \u00c1frica do Sul: embaixadores foram expulsos e as rela\u00e7\u00f5es comerciais e culturais cortadas. Hoje, diante do holocausto palestino, Lula pode e deve fazer o mesmo. A solidariedade n\u00e3o se faz apenas com discursos, mas com ruptura, boicote e san\u00e7\u00f5es. A UFF, Unicamp e UFC romperam conv\u00eanios com universidades israelenses, numa importante vit\u00f3ria da causa palestina. Seguiremos nas ruas at\u00e9 que o Brasil rompa todas as rela\u00e7\u00f5es com o Estado nazi-sionista de Israel.<\/p>\n","protected":false},"excerpt":{"rendered":"<p>Por Lorena Fernandes e B\u00e1rbara Sinedino &#8211; Coordena\u00e7\u00e3o Nacional da CST Desde o in\u00edcio do holocausto contra o povo palestino, Lula fez declara\u00e7\u00f5es em que classificou o massacre como genoc\u00eddio, reafirmou isso na Assembleia Geral da ONU e disse que o que acontece em Gaza<\/p>\n","protected":false},"author":1,"featured_media":0,"comment_status":"closed","ping_status":"closed","sticky":false,"template":"","format":"standard","meta":{"footnotes":""},"categories":[5],"tags":[],"class_list":["post-18066","post","type-post","status-publish","format-standard","hentry","category-nacional"],"_links":{"self":[{"href":"https:\/\/www.cstuit.com\/home\/wp-json\/wp\/v2\/posts\/18066","targetHints":{"allow":["GET"]}}],"collection":[{"href":"https:\/\/www.cstuit.com\/home\/wp-json\/wp\/v2\/posts"}],"about":[{"href":"https:\/\/www.cstuit.com\/home\/wp-json\/wp\/v2\/types\/post"}],"author":[{"embeddable":true,"href":"https:\/\/www.cstuit.com\/home\/wp-json\/wp\/v2\/users\/1"}],"replies":[{"embeddable":true,"href":"https:\/\/www.cstuit.com\/home\/wp-json\/wp\/v2\/comments?post=18066"}],"version-history":[{"count":1,"href":"https:\/\/www.cstuit.com\/home\/wp-json\/wp\/v2\/posts\/18066\/revisions"}],"predecessor-version":[{"id":18067,"href":"https:\/\/www.cstuit.com\/home\/wp-json\/wp\/v2\/posts\/18066\/revisions\/18067"}],"wp:attachment":[{"href":"https:\/\/www.cstuit.com\/home\/wp-json\/wp\/v2\/media?parent=18066"}],"wp:term":[{"taxonomy":"category","embeddable":true,"href":"https:\/\/www.cstuit.com\/home\/wp-json\/wp\/v2\/categories?post=18066"},{"taxonomy":"post_tag","embeddable":true,"href":"https:\/\/www.cstuit.com\/home\/wp-json\/wp\/v2\/tags?post=18066"}],"curies":[{"name":"wp","href":"https:\/\/api.w.org\/{rel}","templated":true}]}}