

	{"id":18073,"date":"2025-10-24T15:26:02","date_gmt":"2025-10-24T18:26:02","guid":{"rendered":"https:\/\/www.cstuit.com\/home\/?p=18073"},"modified":"2025-10-24T15:29:06","modified_gmt":"2025-10-24T18:29:06","slug":"uff-unicamp-e-ufc-rompem-relacoes-com-universidades-israelenses","status":"publish","type":"post","link":"https:\/\/www.cstuit.com\/home\/2025\/10\/24\/uff-unicamp-e-ufc-rompem-relacoes-com-universidades-israelenses\/","title":{"rendered":"UFF, Unicamp e UFC rompem rela\u00e7\u00f5es com universidades israelenses!"},"content":{"rendered":"<p style=\"font-weight: 400;\"><em>Por Rariane \u00c1gatha e La\u00eds Sathler \u2013 Vamos \u00e0 Luta UFF<\/em><\/p>\n<p style=\"font-weight: 400;\">Nos dias 28 e 29 de setembro, n\u00f3s, da Juventude Revolucion\u00e1ria Vamos \u00e0 Luta, junto aos companheiros do Combate Sindical, realizamos uma s\u00e9rie de a\u00e7\u00f5es em solidariedade ao povo palestino. Foi uma mobiliza\u00e7\u00e3o que envolveu os tr\u00eas setores da universidade.<\/p>\n<p style=\"font-weight: 400;\">Realizamos um acampamento estudantil em apoio \u00e0 Flotilha Sumud e em rep\u00fadio ao conv\u00eanio da UFF com uma universidade israelense, enfrentando bravamente o frio e os desconfortos dos paralelep\u00edpedos. O esfor\u00e7o coletivo resultou em uma vit\u00f3ria importante: o rompimento do conv\u00eanio da UFF com a Universidade de Ben Gurion.<\/p>\n<p style=\"font-weight: 400;\">Essa conquista demonstra que a luta organizada e consciente \u00e9 capaz de gerar mudan\u00e7as reais. Na mesma semana, estudantes da Unicamp e da UFC tamb\u00e9m conquistaram o rompimento de suas universidades com institui\u00e7\u00f5es israelenses. J\u00e1 na USP, UFMG e UnB, estudantes seguem mobilizados, agora fortalecidos pelas vit\u00f3rias j\u00e1 alcan\u00e7adas.<\/p>\n<p style=\"font-weight: 400;\">Embora Lula tenha se posicionado sobre a Flotilha Sumud e reconhecido publicamente que h\u00e1 um genoc\u00eddio em curso na Palestina, suas palavras ainda n\u00e3o se transformaram em a\u00e7\u00f5es concretas. O Brasil segue comprando armamentos israelenses, que matam jovens palestinos e tamb\u00e9m brasileiros; e continua exportando a\u00e7o, carne e cereais para o Estado sionista de Israel. Isso \u00e9 inadmiss\u00edvel. Por isso, propusemos que o acampamento levantasse uma exig\u00eancia central: que o governo Lula rompa imediatamente todas as rela\u00e7\u00f5es com o Estado de Israel.<\/p>\n<p style=\"font-weight: 400;\">As vit\u00f3rias conquistadas precisam servir de impulso para aprofundar essa luta. Exigimos que a UNE convoque uma jornada nacional de mobiliza\u00e7\u00e3o, organizando a base, para ampliar as rupturas nas universidades e que Lula rompa rela\u00e7\u00f5es com o Estado de Israel.<\/p>\n<p style=\"font-weight: 400;\">Participar dessa a\u00e7\u00e3o de resist\u00eancia refor\u00e7ou nossa convic\u00e7\u00e3o de que \u00e9 preciso seguir lutando, denunciando os crimes e as viol\u00eancias cometidas pelo Estado israelense e impedindo que institui\u00e7\u00f5es brasileiras sejam c\u00famplices de tais pr\u00e1ticas.<\/p>\n<p style=\"font-weight: 400;\">Parabenizamos todas e todos que participaram das acampadas e vig\u00edlias, pela coragem, determina\u00e7\u00e3o e compromisso com a causa palestina. Seguiremos firmes, at\u00e9 que toda a Palestina seja livre, do rio ao mar!<\/p>\n","protected":false},"excerpt":{"rendered":"<p>Por Rariane \u00c1gatha e La\u00eds Sathler \u2013 Vamos \u00e0 Luta UFF Nos dias 28 e 29 de setembro, n\u00f3s, da Juventude Revolucion\u00e1ria Vamos \u00e0 Luta, junto aos companheiros do Combate Sindical, realizamos uma s\u00e9rie de a\u00e7\u00f5es em solidariedade ao povo palestino. Foi uma mobiliza\u00e7\u00e3o que<\/p>\n","protected":false},"author":1,"featured_media":18078,"comment_status":"closed","ping_status":"closed","sticky":false,"template":"","format":"standard","meta":{"footnotes":""},"categories":[7],"tags":[],"class_list":["post-18073","post","type-post","status-publish","format-standard","has-post-thumbnail","hentry","category-juventude"],"_links":{"self":[{"href":"https:\/\/www.cstuit.com\/home\/wp-json\/wp\/v2\/posts\/18073","targetHints":{"allow":["GET"]}}],"collection":[{"href":"https:\/\/www.cstuit.com\/home\/wp-json\/wp\/v2\/posts"}],"about":[{"href":"https:\/\/www.cstuit.com\/home\/wp-json\/wp\/v2\/types\/post"}],"author":[{"embeddable":true,"href":"https:\/\/www.cstuit.com\/home\/wp-json\/wp\/v2\/users\/1"}],"replies":[{"embeddable":true,"href":"https:\/\/www.cstuit.com\/home\/wp-json\/wp\/v2\/comments?post=18073"}],"version-history":[{"count":1,"href":"https:\/\/www.cstuit.com\/home\/wp-json\/wp\/v2\/posts\/18073\/revisions"}],"predecessor-version":[{"id":18074,"href":"https:\/\/www.cstuit.com\/home\/wp-json\/wp\/v2\/posts\/18073\/revisions\/18074"}],"wp:featuredmedia":[{"embeddable":true,"href":"https:\/\/www.cstuit.com\/home\/wp-json\/wp\/v2\/media\/18078"}],"wp:attachment":[{"href":"https:\/\/www.cstuit.com\/home\/wp-json\/wp\/v2\/media?parent=18073"}],"wp:term":[{"taxonomy":"category","embeddable":true,"href":"https:\/\/www.cstuit.com\/home\/wp-json\/wp\/v2\/categories?post=18073"},{"taxonomy":"post_tag","embeddable":true,"href":"https:\/\/www.cstuit.com\/home\/wp-json\/wp\/v2\/tags?post=18073"}],"curies":[{"name":"wp","href":"https:\/\/api.w.org\/{rel}","templated":true}]}}