

	{"id":18075,"date":"2025-10-24T15:28:15","date_gmt":"2025-10-24T18:28:15","guid":{"rendered":"https:\/\/www.cstuit.com\/home\/?p=18075"},"modified":"2025-10-24T15:28:15","modified_gmt":"2025-10-24T18:28:15","slug":"juventude-nas-universidades-em-defesa-da-palestina","status":"publish","type":"post","link":"https:\/\/www.cstuit.com\/home\/2025\/10\/24\/juventude-nas-universidades-em-defesa-da-palestina\/","title":{"rendered":"Juventude nas universidades em defesa da Palestina"},"content":{"rendered":"<p style=\"font-weight: 400;\"><strong>USP pela vit\u00f3ria da Palestina!<\/strong><\/p>\n<p style=\"font-weight: 400;\"><em>Por Mateus Pereira \u2013 Estudante da USP<\/em><\/p>\n<p style=\"font-weight: 400;\">A Flotilha Sumud foi uma das iniciativas mais importantes da atualidade ao tentar romper o bloqueio do enclave genocida imposto a Gaza. Al\u00e9m de contar com diversos brasileiros, tamb\u00e9m participaram trabalhadores da USP, expressando solidariedade ativa \u00e0 resist\u00eancia palestina.<\/p>\n<p style=\"font-weight: 400;\">Vivemos um momento em que grandes fatos mundiais entram em choque com as posi\u00e7\u00f5es da USP e do governo Lula\/Alckmin, que mant\u00eam rela\u00e7\u00f5es com o Estado nazi-sionista de Israel.<\/p>\n<p style=\"font-weight: 400;\"><strong>Acampar na USP e proteger a Flotilha<\/strong><\/p>\n<p style=\"font-weight: 400;\">Na USP, estudantes se dedicaram intensamente \u00e0 causa palestina, construindo atos, debates e um acampamento no hist\u00f3rico v\u00e3o da FFLCH, al\u00e9m de participar das lutas pela cidade.<br \/>\nNos dias 24, 25 e 26 de setembro, acampamos para pressionar a reitoria e organizar os pr\u00f3ximos passos da mobiliza\u00e7\u00e3o, que culminaram na paralisa\u00e7\u00e3o dos cursos no dia 9 de outubro e em atos em defesa da Palestina junto com os trabalhadores da USP.<\/p>\n<p style=\"font-weight: 400;\">A juventude revolucion\u00e1ria esteve presente em todos os dias de acampamento, enfrentando as noites frias do Butant\u00e3 com firmeza e convic\u00e7\u00e3o.<\/p>\n<p style=\"font-weight: 400;\"><strong>Enfrentar a extrema direita<\/strong><\/p>\n<p style=\"font-weight: 400;\">A luta pela Palestina est\u00e1 diretamente ligada \u00e0 batalha contra a extrema direita representada por Trump, Bolsonaro, Tarc\u00edsio e seus aliados. Tivemos de enfrentar suas provoca\u00e7\u00f5es e intimida\u00e7\u00f5es quando tentaram atacar o movimento estudantil. Respondemos com atos unit\u00e1rios na FFLCH, reafirmando em alto e bom som \u2014 e quantas vezes for necess\u00e1rio: \u201cUSP, rompa suas rela\u00e7\u00f5es com Israel!\u201d<\/p>\n<p style=\"font-weight: 400;\"><strong>Seguir as mobiliza\u00e7\u00f5es!<\/strong><\/p>\n<p style=\"font-weight: 400;\">O genoc\u00eddio em curso precisa ser interrompido e, para isso, \u00e9 necess\u00e1rio enterrar o enclave colonial de Israel na Palestina. Seguiremos com as a\u00e7\u00f5es de solidariedade internacionalista, construindo a mais ampla unidade de luta, para que a USP, \u00faltima universidade brasileira a adotar cotas raciais, n\u00e3o seja tamb\u00e9m a \u00faltima a reconhecer o genoc\u00eddio e romper suas rela\u00e7\u00f5es com Israel.<\/p>\n<p>&nbsp;<\/p>\n<p>&#8212;&#8212;&#8212;&#8212;&#8212;&#8212;&#8212;&#8212;&#8212;&#8212;&#8212;&#8212;&#8212;&#8212;&#8212;&#8212;&#8212;&#8212;&#8212;&#8212;&#8212;&#8212;&#8212;&#8212;&#8212;&#8212;&#8212;&#8212;&#8212;&#8212;&#8212;&#8212;&#8212;&#8212;&#8212;&#8212;&#8212;&#8212;&#8212;-<\/p>\n<p style=\"font-weight: 400;\"><strong>Ato na UFMG em defesa do povo palestino<\/strong><\/p>\n<p style=\"font-weight: 400;\"><em>Por Duda Pereira, Vamos \u00e0 Luta UFMG<\/em><\/p>\n<p style=\"font-weight: 400;\">No dia 2 de outubro, estudantes de diversos cursos da UFMG se reuniram na Faculdade de Filosofia e Ci\u00eancias Humanas para exigir a ruptura das rela\u00e7\u00f5es acad\u00eamicas com institui\u00e7\u00f5es israelenses. O ato aconteceu no dia seguinte \u00e0 intercepta\u00e7\u00e3o das embarca\u00e7\u00f5es da Flotilha Sumud, e em uma data pr\u00f3xima a do infeliz anivers\u00e1rio de 2 anos do in\u00edcio da nova fase do genoc\u00eddio palestino, o que o tornou ainda mais significativo. A atividade deu sequ\u00eancia a mobiliza\u00e7\u00e3o da vig\u00edlia de 24h Pela Palestina e Pelas Cotas Trans, realizada no dia 15 de setembro. \u00c9 necess\u00e1rio que a produ\u00e7\u00e3o de conhecimento das universidades n\u00e3o seja disponibilizada para entidades de ensino sionistas. E, para tal, \u00e9 fundamental que o movimento estudantil se mobilize para cobrar de todas as reitorias um posicionamento incisivo e efetivo de combate ao sionismo. Somente um movimento organizado massivo alcan\u00e7ar\u00e1 o rompimento de rela\u00e7\u00f5es acad\u00eamicas, como fizeram os estudantes da Unicamp e da UFF.<\/p>\n","protected":false},"excerpt":{"rendered":"<p>USP pela vit\u00f3ria da Palestina! Por Mateus Pereira \u2013 Estudante da USP A Flotilha Sumud foi uma das iniciativas mais importantes da atualidade ao tentar romper o bloqueio do enclave genocida imposto a Gaza. Al\u00e9m de contar com diversos brasileiros, tamb\u00e9m participaram trabalhadores da USP,<\/p>\n","protected":false},"author":1,"featured_media":18076,"comment_status":"closed","ping_status":"closed","sticky":false,"template":"","format":"standard","meta":{"footnotes":""},"categories":[7],"tags":[],"class_list":["post-18075","post","type-post","status-publish","format-standard","has-post-thumbnail","hentry","category-juventude"],"_links":{"self":[{"href":"https:\/\/www.cstuit.com\/home\/wp-json\/wp\/v2\/posts\/18075","targetHints":{"allow":["GET"]}}],"collection":[{"href":"https:\/\/www.cstuit.com\/home\/wp-json\/wp\/v2\/posts"}],"about":[{"href":"https:\/\/www.cstuit.com\/home\/wp-json\/wp\/v2\/types\/post"}],"author":[{"embeddable":true,"href":"https:\/\/www.cstuit.com\/home\/wp-json\/wp\/v2\/users\/1"}],"replies":[{"embeddable":true,"href":"https:\/\/www.cstuit.com\/home\/wp-json\/wp\/v2\/comments?post=18075"}],"version-history":[{"count":1,"href":"https:\/\/www.cstuit.com\/home\/wp-json\/wp\/v2\/posts\/18075\/revisions"}],"predecessor-version":[{"id":18077,"href":"https:\/\/www.cstuit.com\/home\/wp-json\/wp\/v2\/posts\/18075\/revisions\/18077"}],"wp:featuredmedia":[{"embeddable":true,"href":"https:\/\/www.cstuit.com\/home\/wp-json\/wp\/v2\/media\/18076"}],"wp:attachment":[{"href":"https:\/\/www.cstuit.com\/home\/wp-json\/wp\/v2\/media?parent=18075"}],"wp:term":[{"taxonomy":"category","embeddable":true,"href":"https:\/\/www.cstuit.com\/home\/wp-json\/wp\/v2\/categories?post=18075"},{"taxonomy":"post_tag","embeddable":true,"href":"https:\/\/www.cstuit.com\/home\/wp-json\/wp\/v2\/tags?post=18075"}],"curies":[{"name":"wp","href":"https:\/\/api.w.org\/{rel}","templated":true}]}}