

	{"id":18079,"date":"2025-10-24T15:30:58","date_gmt":"2025-10-24T18:30:58","guid":{"rendered":"https:\/\/www.cstuit.com\/home\/?p=18079"},"modified":"2025-10-24T15:30:58","modified_gmt":"2025-10-24T18:30:58","slug":"usp-a-luta-contra-a-extrema-direita-nas-universidades","status":"publish","type":"post","link":"https:\/\/www.cstuit.com\/home\/2025\/10\/24\/usp-a-luta-contra-a-extrema-direita-nas-universidades\/","title":{"rendered":"USP: A luta contra a extrema direita nas universidades"},"content":{"rendered":"<p><em>Por<\/em> <i>Jeane Carla, Vamos \u00e0 Luta SP e <\/i><i>Isadora Bueno, Vamos \u00e0 Luta SP e Educa\u00e7\u00e3o USP<\/i><\/p>\n<p style=\"font-weight: 400;\">No dia 21 de agosto, estudantes da Universidade Federal do Paran\u00e1 deram um recado claro: a extrema direita n\u00e3o tem espa\u00e7o nas nossas universidades. O vereador de extrema direita Guilherme Kilter (Novo) organizou um ato em defesa dos golpistas do 8 de janeiro e pela anistia de Bolsonaro. Os estudantes se mobilizaram e impediram a realiza\u00e7\u00e3o do evento, expulsando cada um dos fascistas do campus.<\/p>\n<p style=\"font-weight: 400;\">Desde o governo Bolsonaro, assistimos ao fortalecimento do discurso de \u00f3dio contra as universidades. N\u00e3o por acaso, o movimento estudantil e as institui\u00e7\u00f5es de ensino tornaram-se alvos centrais. N\u00f3s, da Juventude Vamos \u00e0 Luta (CST e independentes), afirmamos que com a extrema direita n\u00e3o h\u00e1 di\u00e1logo: \u00e9 preciso destru\u00ed-los na luta e expulsar lideran\u00e7as que venham \u00e0s universidades para atacar estudantes e espa\u00e7os estudantis.<\/p>\n<p style=\"font-weight: 400;\">O movimento estudantil precisa ocupar as ruas e exigir do governo Lula a pris\u00e3o de todos os golpistas do 8 de janeiro, come\u00e7ando com a cadeia imediata de Bolsonaro. S\u00f3 assim teremos for\u00e7a para barrar cada incurs\u00e3o da extrema direita em nossas institui\u00e7\u00f5es e para proteger estudantes, professores e os espa\u00e7os f\u00edsicos das universidades.<\/p>\n<p style=\"font-weight: 400;\">O mesmo padr\u00e3o de ataques se repete na USP: vereadores e figuras da extrema direita, como Nikolas Ferreira (PL), t\u00eam ido \u00e0 universidade para provocar, rasgar cartazes e agredir a comunidade acad\u00eamica. Em um epis\u00f3dio recente, um estudante chegou a ser mordido por um ativista da extrema direita num sinal claro de que medidas firmes de autodefesa unificadas s\u00e3o necess\u00e1rias.<\/p>\n<p style=\"font-weight: 400;\">Em resposta, no dia 2 de outubro foi realizado um ato na USP em defesa da FFLCH, convocado pela pr\u00f3pria faculdade. A mobiliza\u00e7\u00e3o foi importante para reafirmar que, na USP, a extrema direita n\u00e3o se criar\u00e1. O ato reuniu movimento estudantil, professores, funcion\u00e1rios, representantes da Faculdade e parlamentares que, em unidade, exigiram: fora fascistas da USP e expressaram tamb\u00e9m solidariedade \u00e0 Palestina e apoio \u00e0 Flotilha Sumud.<\/p>\n<p style=\"font-weight: 400;\">Estivemos presentes e reafirmamos: a mobiliza\u00e7\u00e3o unificada \u00e9 o caminho para derrotar a extrema direita, expuls\u00e1-la das universidades e defender a educa\u00e7\u00e3o p\u00fablica. A atua\u00e7\u00e3o dos estudantes da UFPR, que impediram a realiza\u00e7\u00e3o do evento bolsonarista, mostra o caminho a seguir.<\/p>\n<p style=\"font-weight: 400;\">Somente com luta, organiza\u00e7\u00e3o e solidariedade entre estudantes, professores e funcion\u00e1rios colocaremos a extrema direita para correr \u2014 e preservaremos nossas universidades como espa\u00e7os de ensino, pesquisa e resist\u00eancia democr\u00e1tica.<\/p>\n<p style=\"font-weight: 400;\">\n","protected":false},"excerpt":{"rendered":"<p>Por Jeane Carla, Vamos \u00e0 Luta SP e Isadora Bueno, Vamos \u00e0 Luta SP e Educa\u00e7\u00e3o USP No dia 21 de agosto, estudantes da Universidade Federal do Paran\u00e1 deram um recado claro: a extrema direita n\u00e3o tem espa\u00e7o nas nossas universidades. O vereador de extrema<\/p>\n","protected":false},"author":1,"featured_media":18080,"comment_status":"closed","ping_status":"closed","sticky":false,"template":"","format":"standard","meta":{"footnotes":""},"categories":[7],"tags":[],"class_list":["post-18079","post","type-post","status-publish","format-standard","has-post-thumbnail","hentry","category-juventude"],"_links":{"self":[{"href":"https:\/\/www.cstuit.com\/home\/wp-json\/wp\/v2\/posts\/18079","targetHints":{"allow":["GET"]}}],"collection":[{"href":"https:\/\/www.cstuit.com\/home\/wp-json\/wp\/v2\/posts"}],"about":[{"href":"https:\/\/www.cstuit.com\/home\/wp-json\/wp\/v2\/types\/post"}],"author":[{"embeddable":true,"href":"https:\/\/www.cstuit.com\/home\/wp-json\/wp\/v2\/users\/1"}],"replies":[{"embeddable":true,"href":"https:\/\/www.cstuit.com\/home\/wp-json\/wp\/v2\/comments?post=18079"}],"version-history":[{"count":1,"href":"https:\/\/www.cstuit.com\/home\/wp-json\/wp\/v2\/posts\/18079\/revisions"}],"predecessor-version":[{"id":18081,"href":"https:\/\/www.cstuit.com\/home\/wp-json\/wp\/v2\/posts\/18079\/revisions\/18081"}],"wp:featuredmedia":[{"embeddable":true,"href":"https:\/\/www.cstuit.com\/home\/wp-json\/wp\/v2\/media\/18080"}],"wp:attachment":[{"href":"https:\/\/www.cstuit.com\/home\/wp-json\/wp\/v2\/media?parent=18079"}],"wp:term":[{"taxonomy":"category","embeddable":true,"href":"https:\/\/www.cstuit.com\/home\/wp-json\/wp\/v2\/categories?post=18079"},{"taxonomy":"post_tag","embeddable":true,"href":"https:\/\/www.cstuit.com\/home\/wp-json\/wp\/v2\/tags?post=18079"}],"curies":[{"name":"wp","href":"https:\/\/api.w.org\/{rel}","templated":true}]}}