

	{"id":18085,"date":"2025-10-24T15:37:02","date_gmt":"2025-10-24T18:37:02","guid":{"rendered":"https:\/\/www.cstuit.com\/home\/?p=18085"},"modified":"2025-10-24T15:37:02","modified_gmt":"2025-10-24T18:37:02","slug":"cop-30-governo-lula-e-agronegocio-querem-privatizar-os-rios-da-amazonia","status":"publish","type":"post","link":"https:\/\/www.cstuit.com\/home\/2025\/10\/24\/cop-30-governo-lula-e-agronegocio-querem-privatizar-os-rios-da-amazonia\/","title":{"rendered":"COP 30: Governo Lula e Agroneg\u00f3cio querem privatizar os rios da Amaz\u00f4nia"},"content":{"rendered":"<p style=\"font-weight: 400;\"><em>Por Jo\u00e3o Santiago e Mariza Santos<\/em><\/p>\n<p style=\"font-weight: 400;\">\u00c0s v\u00e9speras da COP-30 o governo Lula editou o Decreto n\u00ba 12.600, no final de agosto, que teve o rep\u00fadio imediato das principais lideran\u00e7as ind\u00edgenas e especialistas ambientais. Com apenas dois artigos, o\u00a0Decreto entrega para a iniciativa privada cerca de 3 mil km de trechos naveg\u00e1veis nos rios Tapaj\u00f3s e Tocantins no Par\u00e1 e o Madeira no Amazonas e Rond\u00f4nia, atrav\u00e9s do \u201cPrograma Nacional de Desestatiza\u00e7\u00e3o\u201d,<\/p>\n<p style=\"font-weight: 400;\"><strong>Auric\u00e9lia Arapiun: \u00e9 uma \u201ctrai\u00e7\u00e3o\u201d aos povos ind\u00edgenas<\/strong><\/p>\n<p style=\"font-weight: 400;\">Para as principais lideran\u00e7as ind\u00edgenas essas hidrovias n\u00e3o servem aos povos origin\u00e1rios e ribeirinhos, mas sim para a rota da soja e \u00e0s principais transportadoras mundiais. \u201cN\u00f3s sentimos os nossos direitos violados. N\u00e3o ouviram os povos ind\u00edgenas nas margens dos rios tapaj\u00f3s\u201d, declarou Lucas Tupinamb\u00e1,\u00a0vice-coordenador do Conselho Ind\u00edgena Tapaj\u00f3s e Arapiuns (Cita), que representa 14 povos ind\u00edgenas do Baixo Rio Tapaj\u00f3s. Outra lideran\u00e7a ind\u00edgena, Auric\u00e9lia Arapiun, membra do conselho deliberativo da Coordena\u00e7\u00e3o das Organiza\u00e7\u00f5es Ind\u00edgenas da Amaz\u00f4nia Brasileira (Coiab) tamb\u00e9m foi categ\u00f3rica na condena\u00e7\u00e3o da privatiza\u00e7\u00e3o dos rios: \u201cReceber uma not\u00edcia dessa de quem deveria proteger nossos rios, de quem deveria ter vetado todo o\u00a0<a href=\"https:\/\/amazoniareal.com.br\/pl-da-devastacao-e-aprovado-e-governo-articula-veto\/\" data-saferedirecturl=\"https:\/\/www.google.com\/url?q=https:\/\/amazoniareal.com.br\/pl-da-devastacao-e-aprovado-e-governo-articula-veto\/&amp;source=gmail&amp;ust=1761415957845000&amp;usg=AOvVaw0826itTaX2d0TPDnwCNFS3\">PL da Devasta\u00e7\u00e3o<\/a>, para n\u00f3s, povos ind\u00edgenas que sobrevivem e dependem da Amaz\u00f4nia, \u00e9 um golpe, \u00e9 uma trai\u00e7\u00e3o&#8230;\u201d (<a href=\"http:\/\/amazoniareal.com.br\/\" data-saferedirecturl=\"https:\/\/www.google.com\/url?q=http:\/\/amazoniareal.com.br&amp;source=gmail&amp;ust=1761415957845000&amp;usg=AOvVaw2GvtupRDE0VFFoxqbkg1W-\">amazoniareal.com.br<\/a>). E complementou: \u201cPrivatizar o rio e construir hidrovias&#8230; \u00c9 para o agroneg\u00f3cio, para as grandes empresas, para facilitar a vida deles, n\u00e3o a nossa.\u201d<\/p>\n<p style=\"font-weight: 400;\"><strong>Alessandra Munduruku: Governo Lula \u201cest\u00e1 assinando nossa morte\u201d<\/strong><\/p>\n<p style=\"font-weight: 400;\">\u201cEssa hidrovia n\u00e3o \u00e9 para a gente, \u00e9 para a soja, \u00e9 para as grandes transportadoras mundiais. Que desenvolvimento \u00e9 esse, sem a participa\u00e7\u00e3o dos ribeirinhos, dos pescadores, dos ind\u00edgenas? Que desenvolvimento \u00e9 esse que vai matar a m\u00e3e dos peixes, o que \u00e9 mais sagrado para n\u00f3s, que s\u00e3o os rios?\u201d, protestou Alessandra Korap Munduruku\u00a0 na Revista Cenarium n\u00ba 63 e divulgado em suas redes sociais. Na mesma mat\u00e9ria alertou: \u201cVoc\u00ea est\u00e1 assinando a nossa morte. Dos rios, dos peixes&#8230;\u201d. Tamb\u00e9m relacionou o decreto assinado por Lula com outros grandes projetos que v\u00e3o impactar a Amaz\u00f4nia \u00e0s v\u00e9speras da COP-30 como o Ferrogr\u00e3o. (Revista Cenarium, n\u00ba 63, p\u00e1g. 9).<\/p>\n<p style=\"font-weight: 400;\">Enquanto as lideran\u00e7as ind\u00edgenas denunciam essa privatiza\u00e7\u00e3o, o que vemos na postura da Ministra S\u00f4nia Guajajara (PSOL), que deveria ser a primeira a defender o direito dos povos ind\u00edgenas, \u00e9 o sil\u00eancio, infelizmente. N\u00e3o adianta traduzir a Conven\u00e7\u00e3o 169 da OIT sobre os direitos dos povos ind\u00edgenas em suas l\u00ednguas nativas se n\u00e3o se defende os direitos que est\u00e3o sendo surrupiados na pr\u00e1tica pelo governo.<\/p>\n<p style=\"font-weight: 400;\"><strong>Por tr\u00e1s das Hidrovias privatizadas: os interesses do agroneg\u00f3cio<\/strong><\/p>\n<p style=\"font-weight: 400;\">O Governo Federal atrav\u00e9s do BNDES vai investir R$ 2,5 bilh\u00f5es inicialmente nas Hidrovias do Tocantis, Tapaj\u00f3s e Madeira. Ou seja: a mesma hist\u00f3ria: o dinheiro p\u00fablico vai financiar a privatiza\u00e7\u00e3o, que por sua vez, vai destruir o meio ambiente e a vida de popula\u00e7\u00f5es ind\u00edgenas e tradicionais.<\/p>\n<p style=\"font-weight: 400;\">Desses projetos, o que est\u00e1 mais avan\u00e7ado \u00e9 o da Hidrovia do Rio Madeira, de acordo com o Governo Federal. A Hidrovia vai cortar 11 munic\u00edpios dos Estados de Rond\u00f4nia e Amazonas e ter\u00e1 uma concess\u00e3o de 12 anos, com a previs\u00e3o de transporte de 13 milh\u00f5es de toneladas de gr\u00e3os (de soja, principalmente), podendo chegar a 21 milh\u00f5es de toneladas. \u00c9\u00a0uma op\u00e7\u00e3o do governo priorizar a expans\u00e3o do corredor log\u00edstico do Arco Norte para o escoamento da soja, milho e min\u00e9rios, reduzindo custos de log\u00edstica.<\/p>\n<p style=\"font-weight: 400;\">Est\u00e1 claro como o dia: o projeto de Hidrovias s\u00f3 vai beneficiar a burguesia do agroneg\u00f3cio e as multinacionais do setor da soja, que hoje na Amaz\u00f4nia responde por 10% da produ\u00e7\u00e3o nacional. A norte-americana Cargill tem seu pr\u00f3prio porto em Santar\u00e9m e \u00e9 uma das grandes interessadas na privatiza\u00e7\u00e3o dos rios.<\/p>\n<p style=\"font-weight: 400;\">Nos somamos ao grito de indigna\u00e7\u00e3o das lideran\u00e7as ind\u00edgenas e das comunidades do Rio Tocantins, que conseguiram barrar na Justi\u00e7a a Hidrovia, que destruiria o Pedral do Louren\u00e7o. Exigimos do governo Lula que pare imediatamente a privatiza\u00e7\u00e3o dos rios amaz\u00f4nicos.<\/p>\n<pre>\r\n<img loading=\"lazy\" decoding=\"async\" class=\"alignnone size-medium wp-image-18086\" src=\"https:\/\/www.cstuit.com\/home\/wp-content\/uploads\/2025\/10\/image-300x186.png\" alt=\"\" width=\"300\" height=\"186\" srcset=\"https:\/\/www.cstuit.com\/home\/wp-content\/uploads\/2025\/10\/image-300x186.png 300w, https:\/\/www.cstuit.com\/home\/wp-content\/uploads\/2025\/10\/image.png 362w\" sizes=\"auto, (max-width: 300px) 100vw, 300px\" \/>Alesandra Munduruku (foto)<\/pre>\n","protected":false},"excerpt":{"rendered":"<p>Por Jo\u00e3o Santiago e Mariza Santos \u00c0s v\u00e9speras da COP-30 o governo Lula editou o Decreto n\u00ba 12.600, no final de agosto, que teve o rep\u00fadio imediato das principais lideran\u00e7as ind\u00edgenas e especialistas ambientais. Com apenas dois artigos, o\u00a0Decreto entrega para a iniciativa privada cerca<\/p>\n","protected":false},"author":1,"featured_media":18087,"comment_status":"closed","ping_status":"closed","sticky":false,"template":"","format":"standard","meta":{"footnotes":""},"categories":[1711,5],"tags":[],"class_list":["post-18085","post","type-post","status-publish","format-standard","has-post-thumbnail","hentry","category-ambiental","category-nacional"],"_links":{"self":[{"href":"https:\/\/www.cstuit.com\/home\/wp-json\/wp\/v2\/posts\/18085","targetHints":{"allow":["GET"]}}],"collection":[{"href":"https:\/\/www.cstuit.com\/home\/wp-json\/wp\/v2\/posts"}],"about":[{"href":"https:\/\/www.cstuit.com\/home\/wp-json\/wp\/v2\/types\/post"}],"author":[{"embeddable":true,"href":"https:\/\/www.cstuit.com\/home\/wp-json\/wp\/v2\/users\/1"}],"replies":[{"embeddable":true,"href":"https:\/\/www.cstuit.com\/home\/wp-json\/wp\/v2\/comments?post=18085"}],"version-history":[{"count":1,"href":"https:\/\/www.cstuit.com\/home\/wp-json\/wp\/v2\/posts\/18085\/revisions"}],"predecessor-version":[{"id":18088,"href":"https:\/\/www.cstuit.com\/home\/wp-json\/wp\/v2\/posts\/18085\/revisions\/18088"}],"wp:featuredmedia":[{"embeddable":true,"href":"https:\/\/www.cstuit.com\/home\/wp-json\/wp\/v2\/media\/18087"}],"wp:attachment":[{"href":"https:\/\/www.cstuit.com\/home\/wp-json\/wp\/v2\/media?parent=18085"}],"wp:term":[{"taxonomy":"category","embeddable":true,"href":"https:\/\/www.cstuit.com\/home\/wp-json\/wp\/v2\/categories?post=18085"},{"taxonomy":"post_tag","embeddable":true,"href":"https:\/\/www.cstuit.com\/home\/wp-json\/wp\/v2\/tags?post=18085"}],"curies":[{"name":"wp","href":"https:\/\/api.w.org\/{rel}","templated":true}]}}