

	{"id":18090,"date":"2025-10-24T15:46:42","date_gmt":"2025-10-24T18:46:42","guid":{"rendered":"https:\/\/www.cstuit.com\/home\/?p=18090"},"modified":"2025-10-24T15:46:42","modified_gmt":"2025-10-24T18:46:42","slug":"pedro-rosa-uma-historia-de-luta-a-servico-da-classe-trabalhadora","status":"publish","type":"post","link":"https:\/\/www.cstuit.com\/home\/2025\/10\/24\/pedro-rosa-uma-historia-de-luta-a-servico-da-classe-trabalhadora\/","title":{"rendered":"Pedro Rosa: uma hist\u00f3ria de luta a servi\u00e7o da classe trabalhadora!"},"content":{"rendered":"<p style=\"font-weight: 400;\"><strong><em>Por Rosi Messias \u2013 Coordenadora Nacional da CST<\/em><\/strong><\/p>\n<p style=\"font-weight: 400;\">No dia 24 de setembro, ocorreu a cerim\u00f4nia de despedida do companheiro Pedro Rosa Cabral, dirigente hist\u00f3rico da CST, se\u00e7\u00e3o da UIT-QI, do SINTUFF (Sindicato dos Trabalhadores da UFF) e dirigente da FASUBRA.<\/p>\n<p style=\"font-weight: 400;\">Pedro foi homenageado por familiares, companheiros e companheiras de luta da CST, servidores da UFF, dirigentes sindicais, organiza\u00e7\u00f5es pol\u00edticas, professores, estudantes, trabalhadores do SINTUFF e da FASUBRA, amigos e amigas. O sal\u00e3o onde aconteceu o vel\u00f3rio ficou completamente lotado, tomado sobretudo pelos trabalhadores e trabalhadoras da UFF, que compareceram em peso para se despedir de seu dirigente e camarada. Aposentados e aposentadas da UFF comparecendo em peso. Representando a fam\u00edlia, falou Ivone Rosa, recitando versos de Chico Buarque. Da dire\u00e7\u00e3o do sindicato, os coordenadores\u00a0Wagner Peres\u00a0e\u00a0Carlos Abreu\u00a0lembraram sua marca na hist\u00f3ria do SINTUFF: \u201c<em>Pedro sempre manteve o sindicato com independ\u00eancia. Onde tinha luta, ele estava, mobilizava, ensinava. Foi professor na milit\u00e2ncia e refer\u00eancia de combatividade<\/em>\u201d, disse Wagner. \u201c<em>Pedro era um entusiasta da luta de classes, um ca\u00e7ador de lutas. Contribuiu para formar gera\u00e7\u00f5es de militantes e seguir\u00e1 presente em cada mobiliza\u00e7\u00e3o<\/em>\u201d, completou Abreu.<\/p>\n<p style=\"font-weight: 400;\">A atividade foi coordenada em dupla por mim e B\u00e1rbara Sinedino, da coordena\u00e7\u00e3o nacional da CST, se\u00e7\u00e3o da UIT-QI.<\/p>\n<p style=\"font-weight: 400;\">O ato se transformou em uma grande homenagem pol\u00edtica, reconhecendo a trajet\u00f3ria de um militante que dedicou d\u00e9cadas de sua vida \u00e0 luta da classe trabalhadora e \u00e0 constru\u00e7\u00e3o da esquerda revolucion\u00e1ria desde sua juventude. Durante a cerim\u00f4nia, foram lembradas as in\u00fameras mensagens de homenagem ao legado de Pedro, enviadas pela UIT-QI e por organiza\u00e7\u00f5es pol\u00edticas de nossa internacional do Chile, Venezuela, Bol\u00edvia, Argentina, Estado Espanhol e Turquia.<\/p>\n<p style=\"font-weight: 400;\">Pedro era respeitado n\u00e3o apenas entre os que compartilhavam suas posi\u00e7\u00f5es pol\u00edticas, mas tamb\u00e9m por muitos e muitas que, na universidade e no movimento sindical, divergiam de suas ideias e sua organiza\u00e7\u00e3o. Por isso sua despedida foi t\u00e3o plural. Entre os presentes estavam o reitor da UFF Ant\u00f4nio Cl\u00e1udio da N\u00f3brega, o vice-reitor F\u00e1bio Passos, o ex-reitor Roberto Salles, o m\u00e9dico e professor Wladimir Soares, o ex-diretor da Faculdade de Direito Wilson Madeira, o ex-diretor do ICHF e do Instituto de Psicologia Francisco Palharini, o vereador Professor T\u00falio (PSOL), Cyro Garcia (PSTU), Raul Bittencourt (UP), \u00a0Ivanilda Reis (Coordenadora Geral da FASUBRA), al\u00e9m de representantes nacionais e locais da FASUBRA, SINTUFRJ, ASSUNIRIO, SINTUR-RJ, SEPE-RJ, ADUFF, CSP-Conlutas e ANDES-SN.<\/p>\n<p style=\"font-weight: 400;\">O companheiro Bab\u00e1, veterano do movimento trotskista no Brasil, dirigente nacional da CST e tamb\u00e9m ex-dirigente da FASUBRA, foi um dos oradores em nome de nossa organiza\u00e7\u00e3o.<\/p>\n<p style=\"font-weight: 400;\">A juventude revolucion\u00e1ria Vamos \u00e0 Luta, que esteve ao lado do SINTUFF na \u00faltima greve, participou com uma forte delega\u00e7\u00e3o e gravou um v\u00eddeo em homenagem ao nosso dirigente, reafirmando o compromisso com a unidade oper\u00e1ria-estudantil. Compareceram ainda militantes sindicais da CST, da educa\u00e7\u00e3o, TAEs, dos Correios e garis. Al\u00e9m de colegas que que militaram com Pedro anteriormente em nossa organiza\u00e7\u00e3o.<\/p>\n<p style=\"font-weight: 400;\">Pedro tamb\u00e9m foi homenageado pelos deputados do PSOL Tarc\u00edsio Mota e Chico Alencar, em pronunciamento na C\u00e2mara Federal, e pela vereadora Vivi Reis, na C\u00e2mara Municipal de Bel\u00e9m.<\/p>\n<p style=\"font-weight: 400;\">Em nome da dire\u00e7\u00e3o da CST e da UIT-QI, Claudia Gonzales prestou nossa \u00faltima homenagem ao principal dirigente sindical da corrente, destacando a longa milit\u00e2ncia que compartilhou com ele em in\u00fameras batalhas da luta de classes e na constru\u00e7\u00e3o do trotskismo morenista.<\/p>\n<p style=\"font-weight: 400;\">As interven\u00e7\u00f5es foram marcadas pela emo\u00e7\u00e3o e pela lembran\u00e7a do car\u00e1ter firme, da coer\u00eancia e do esp\u00edrito de luta incans\u00e1vel de Pedro. Ficar\u00e1 na mem\u00f3ria de todos e todas sua \u00faltima apari\u00e7\u00e3o p\u00fablica, marchando com energia no massivo ato de Copacabana, dias antes de seu falecimento.<\/p>\n<p style=\"font-weight: 400;\">Durante o ato-homenagem, ecoaram as palavras de Alessandra Primo, sua companheira de vida e de luta: \u201c<em>Pedro foi um homem de convic\u00e7\u00f5es firmes, que n\u00e3o se dobrou e nunca se calou. E eu sei que, de alguma forma, ele vai continuar conosco, porque a luta sempre o chamou e ele sempre atendeu<\/em>.\u201d<\/p>\n<p style=\"font-weight: 400;\">Reafirmamos nossas condol\u00eancias a Alessandra, Bia, Ariel, Arthur, Ivone, seus demais familiares, amigos, amigas, trabalhadores e trabalhadoras da UFF e camaradas de milit\u00e2ncia.<\/p>\n<p style=\"font-weight: 400;\"><em>Pedro, presente! At\u00e9 o socialismo, sempre!<\/em><\/p>\n<p><img loading=\"lazy\" decoding=\"async\" class=\"alignnone size-medium wp-image-18094\" src=\"https:\/\/www.cstuit.com\/home\/wp-content\/uploads\/2025\/10\/homanagem-pedro-UFF-300x200.jpg\" alt=\"\" width=\"300\" height=\"200\" srcset=\"https:\/\/www.cstuit.com\/home\/wp-content\/uploads\/2025\/10\/homanagem-pedro-UFF-300x200.jpg 300w, https:\/\/www.cstuit.com\/home\/wp-content\/uploads\/2025\/10\/homanagem-pedro-UFF-1024x682.jpg 1024w, https:\/\/www.cstuit.com\/home\/wp-content\/uploads\/2025\/10\/homanagem-pedro-UFF-768x512.jpg 768w, https:\/\/www.cstuit.com\/home\/wp-content\/uploads\/2025\/10\/homanagem-pedro-UFF-600x400.jpg 600w, https:\/\/www.cstuit.com\/home\/wp-content\/uploads\/2025\/10\/homanagem-pedro-UFF-210x140.jpg 210w, https:\/\/www.cstuit.com\/home\/wp-content\/uploads\/2025\/10\/homanagem-pedro-UFF-272x182.jpg 272w, https:\/\/www.cstuit.com\/home\/wp-content\/uploads\/2025\/10\/homanagem-pedro-UFF-720x480.jpg 720w, https:\/\/www.cstuit.com\/home\/wp-content\/uploads\/2025\/10\/homanagem-pedro-UFF-950x630.jpg 950w, https:\/\/www.cstuit.com\/home\/wp-content\/uploads\/2025\/10\/homanagem-pedro-UFF.jpg 1280w\" sizes=\"auto, (max-width: 300px) 100vw, 300px\" \/><\/p>\n<p>&#8212;&#8212;&#8212;&#8212;&#8212;&#8212;&#8212;&#8212;&#8212;&#8212;&#8212;&#8212;&#8212;&#8212;&#8212;&#8212;&#8212;&#8212;&#8212;&#8212;&#8212;&#8212;&#8212;&#8212;&#8212;&#8212;&#8212;&#8212;&#8212;&#8212;&#8212;&#8212;&#8212;&#8212;&#8212;&#8212;&#8212;&#8212;&#8212;-<\/p>\n<p style=\"font-weight: 400;\"><strong>Homenagem da CST de Belo Horizonte<\/strong><\/p>\n<p style=\"font-weight: 400;\">\u00a0Em 27 de setembro a regional Belo Horizonte prestou sua homenagem ao companheiro Pedro na sede da CST. Lembraram atrav\u00e9s de um v\u00eddeo sua trajet\u00f3ria como dirigente sindical e pol\u00edtico, momentos amenos com sua fam\u00edlia, amigos e colegas da categoria. A atividade foi coordenada por Andressa Rocha, da coordena\u00e7\u00e3o nacional da CST. As imagens refletem a express\u00e3o emotiva expressada na homenagem: &#8220;<em>Pedro foi um companheiro imprescind\u00edvel e nos deixa um legado de dedica\u00e7\u00e3o pela luta por um mundo melhor e socialista&#8221;<\/em><\/p>\n<p><img loading=\"lazy\" decoding=\"async\" class=\"alignnone size-medium wp-image-18093\" src=\"https:\/\/www.cstuit.com\/home\/wp-content\/uploads\/2025\/10\/homenagem-Pedero-BH-300x225.jpg\" alt=\"\" width=\"300\" height=\"225\" srcset=\"https:\/\/www.cstuit.com\/home\/wp-content\/uploads\/2025\/10\/homenagem-Pedero-BH-300x225.jpg 300w, https:\/\/www.cstuit.com\/home\/wp-content\/uploads\/2025\/10\/homenagem-Pedero-BH-1024x768.jpg 1024w, https:\/\/www.cstuit.com\/home\/wp-content\/uploads\/2025\/10\/homenagem-Pedero-BH-768x576.jpg 768w, https:\/\/www.cstuit.com\/home\/wp-content\/uploads\/2025\/10\/homenagem-Pedero-BH-1536x1152.jpg 1536w, https:\/\/www.cstuit.com\/home\/wp-content\/uploads\/2025\/10\/homenagem-Pedero-BH-600x450.jpg 600w, https:\/\/www.cstuit.com\/home\/wp-content\/uploads\/2025\/10\/homenagem-Pedero-BH.jpg 1600w\" sizes=\"auto, (max-width: 300px) 100vw, 300px\" \/><\/p>\n<p style=\"font-weight: 400;\">\n<p style=\"font-weight: 400;\"><strong>Homenagem em Bel\u00e9m &#8211; PA<\/strong><\/p>\n<p style=\"font-weight: 400;\">Na manh\u00e3 de 3 de outubro na UFPA (Universidade Federal do Par\u00e1) ocorreu a homenagem \u00e0 mem\u00f3ria do companheiro Pedro Rosa. Jo\u00e3o Santiago, Joice Souza e Felipe Melo do Combate SPFs e da CST foram parte da constru\u00e7\u00e3o dessa homenagem.<\/p>\n<p style=\"font-weight: 400;\">Estiveram presentes seus familiares, amigos, colegas de longa data das lutas dos t\u00e9cnicos administrativos, docentes, o reitor Gilmar Pereira, a vereadora do PSOL Vivi Reis, o mandato do deputado federal Dorinaldo Malafaia. As diferentes interven\u00e7\u00f5es lembraram Pedro como uma pessoa am\u00e1vel, carinhosa, e sobretudo como um militante revolucion\u00e1rio, que dedicou sua vida para a constru\u00e7\u00e3o de um mundo socialista. Pedro Rosa, Presente!<\/p>\n<p><img loading=\"lazy\" decoding=\"async\" class=\"alignnone size-medium wp-image-18091\" src=\"https:\/\/www.cstuit.com\/home\/wp-content\/uploads\/2025\/10\/homnagem-Pedro-UFPA-300x169.jpg\" alt=\"\" width=\"300\" height=\"169\" srcset=\"https:\/\/www.cstuit.com\/home\/wp-content\/uploads\/2025\/10\/homnagem-Pedro-UFPA-300x169.jpg 300w, https:\/\/www.cstuit.com\/home\/wp-content\/uploads\/2025\/10\/homnagem-Pedro-UFPA-1024x576.jpg 1024w, https:\/\/www.cstuit.com\/home\/wp-content\/uploads\/2025\/10\/homnagem-Pedro-UFPA-768x432.jpg 768w, https:\/\/www.cstuit.com\/home\/wp-content\/uploads\/2025\/10\/homnagem-Pedro-UFPA-1536x864.jpg 1536w, https:\/\/www.cstuit.com\/home\/wp-content\/uploads\/2025\/10\/homnagem-Pedro-UFPA-600x338.jpg 600w, https:\/\/www.cstuit.com\/home\/wp-content\/uploads\/2025\/10\/homnagem-Pedro-UFPA.jpg 1600w\" sizes=\"auto, (max-width: 300px) 100vw, 300px\" \/><\/p>\n<p><img loading=\"lazy\" decoding=\"async\" class=\"alignnone size-medium wp-image-18092\" src=\"https:\/\/www.cstuit.com\/home\/wp-content\/uploads\/2025\/10\/homenagem-Para--300x225.jpg\" alt=\"\" width=\"300\" height=\"225\" srcset=\"https:\/\/www.cstuit.com\/home\/wp-content\/uploads\/2025\/10\/homenagem-Para--300x225.jpg 300w, https:\/\/www.cstuit.com\/home\/wp-content\/uploads\/2025\/10\/homenagem-Para--1024x768.jpg 1024w, https:\/\/www.cstuit.com\/home\/wp-content\/uploads\/2025\/10\/homenagem-Para--768x576.jpg 768w, https:\/\/www.cstuit.com\/home\/wp-content\/uploads\/2025\/10\/homenagem-Para--600x450.jpg 600w, https:\/\/www.cstuit.com\/home\/wp-content\/uploads\/2025\/10\/homenagem-Para-.jpg 1280w\" sizes=\"auto, (max-width: 300px) 100vw, 300px\" \/><\/p>\n","protected":false},"excerpt":{"rendered":"<p>Por Rosi Messias \u2013 Coordenadora Nacional da CST No dia 24 de setembro, ocorreu a cerim\u00f4nia de despedida do companheiro Pedro Rosa Cabral, dirigente hist\u00f3rico da CST, se\u00e7\u00e3o da UIT-QI, do SINTUFF (Sindicato dos Trabalhadores da UFF) e dirigente da FASUBRA. Pedro foi homenageado por<\/p>\n","protected":false},"author":1,"featured_media":18095,"comment_status":"closed","ping_status":"closed","sticky":false,"template":"","format":"standard","meta":{"footnotes":""},"categories":[5],"tags":[139,1296,1669,2440,959,2441,199],"class_list":["post-18090","post","type-post","status-publish","format-standard","has-post-thumbnail","hentry","category-nacional","tag-combate","tag-cst","tag-luto","tag-pedro","tag-presente","tag-rosa","tag-sintuff"],"_links":{"self":[{"href":"https:\/\/www.cstuit.com\/home\/wp-json\/wp\/v2\/posts\/18090","targetHints":{"allow":["GET"]}}],"collection":[{"href":"https:\/\/www.cstuit.com\/home\/wp-json\/wp\/v2\/posts"}],"about":[{"href":"https:\/\/www.cstuit.com\/home\/wp-json\/wp\/v2\/types\/post"}],"author":[{"embeddable":true,"href":"https:\/\/www.cstuit.com\/home\/wp-json\/wp\/v2\/users\/1"}],"replies":[{"embeddable":true,"href":"https:\/\/www.cstuit.com\/home\/wp-json\/wp\/v2\/comments?post=18090"}],"version-history":[{"count":1,"href":"https:\/\/www.cstuit.com\/home\/wp-json\/wp\/v2\/posts\/18090\/revisions"}],"predecessor-version":[{"id":18096,"href":"https:\/\/www.cstuit.com\/home\/wp-json\/wp\/v2\/posts\/18090\/revisions\/18096"}],"wp:featuredmedia":[{"embeddable":true,"href":"https:\/\/www.cstuit.com\/home\/wp-json\/wp\/v2\/media\/18095"}],"wp:attachment":[{"href":"https:\/\/www.cstuit.com\/home\/wp-json\/wp\/v2\/media?parent=18090"}],"wp:term":[{"taxonomy":"category","embeddable":true,"href":"https:\/\/www.cstuit.com\/home\/wp-json\/wp\/v2\/categories?post=18090"},{"taxonomy":"post_tag","embeddable":true,"href":"https:\/\/www.cstuit.com\/home\/wp-json\/wp\/v2\/tags?post=18090"}],"curies":[{"name":"wp","href":"https:\/\/api.w.org\/{rel}","templated":true}]}}