

	{"id":18156,"date":"2025-11-06T17:57:44","date_gmt":"2025-11-06T20:57:44","guid":{"rendered":"https:\/\/www.cstuit.com\/home\/?p=18156"},"modified":"2025-11-06T17:57:44","modified_gmt":"2025-11-06T20:57:44","slug":"unir-a-esquerda-radical-combate-socialista-no-208","status":"publish","type":"post","link":"https:\/\/www.cstuit.com\/home\/2025\/11\/06\/unir-a-esquerda-radical-combate-socialista-no-208\/","title":{"rendered":"Unir\u2029a\u2029esquerda\u2029radical | Combate Socialista n\u00ba 208"},"content":{"rendered":"<p>A p\u00f3s\u2029tr\u00eas\u2029anos\u2029de\u2029mandato\u2029da\u2029frente\u2029ampla,\u2029as\u2029mudan\u00e7as\u2029t\u00e3o\u2029esperadas n\u00e3o ocorreram.\u2029 Lula\u2029 prometeu\u2029 picanha\u2029 e\u2029 cerveja,\u2029 mas\u2029 est\u00e1\u2029 dif\u00edcil comprar\u2029caf\u00e9\u2029e\u2029ovo.\u2029Aclasse\u2029trabalhadora\u2029que\u2029carrega\u2029o\u2029pa\u00eds\u2029nas\u2029costas sofre\u2029 nos\u2029 transportes superlotados\u2029 e\u2029 caros,\u2029 os\u2029 juros\u2029 extorsivos\u2029 no\u2029 cheque especial,\u2029alugu\u00e9is\u2029altos\u2029e\u2029o\u2029desmonte\u2029da\u2029educa\u00e7\u00e3o\u2029e\u2029sa\u00fade\u2029p\u00fablicas.\u2029Agora\u2029temos\u2029de\u2029enfrentar\u2029a\u2029reforma administrativa\u2029que\u2029vai\u2029destruir\u2029os\u2029direitos\u2029dos\u2029servidores\u2029p\u00fablicos.<\/p>\n<p>Os\u2029empregos\u2029est\u00e3o\u2029mais\u2029precarizados\u2029com\u2029a\u20296&#215;1\u2029nos\u2029trabalhos\u2029nos\u2029Apps.\u2029O\u2029genoc\u00eddio\u2029contra\u2029o\u2029povo\u2029negro\u2029continua.\u2029Os\u2029povos\u2029ind\u00edgenas\u2029seguem\u2029sofrendo e a juventude est\u00e1 sem perspectivas. As pautas centrais feministas e\u2029LGBTQIA+\u2029est\u00e3o\u2029bloqueadas.\u2029Os\u2029n\u00fameros\u2029de\u2029feminic\u00eddio\u2029s\u00e3o\u2029os\u2029mais\u2029altos\u2029e\u2029\u2029s\u00e3o\u2029os\u2029mais\u2029altos\u2029e\u2029nada\u2029se\u2029avan\u00e7ou sobre\u2029a\u2029legaliza\u00e7\u00e3o\u2029do\u2029aborto.\u00a0 A frente\u2029ampla\u2029n\u00e3o\u2029soluciona\u2029nossos\u2029problemas\u2029por\u2029ser\u2029uma\u2029alian\u00e7a\u2029com\u2029os\u2029partidos\u2029patronais,\u2029com\u2029lideran\u00e7as\u2029do\u2029centr\u00e3o\u2029para\u2029governar\u2029com\u2029e\u2029para\u2029os\u2029empres\u00e1rios\u2029e\u2029as\u2029multinacionais.<\/p>\n<p>Mas voc\u00eas s\u00e3o muito radicais&#8230;<\/p>\n<p>Muitos trabalhadores e jovens continuam acreditando na frente ampla. Honestamente avaliam\u2029que\u2029estamos\u2029sendo\u2029muito\u2029radicais.\u2029N\u00f3s respeitamos\u2029 essa\u2029 opini\u00e3o,\u2029mas discordamos.\u2029N\u00f3s\u2029somos\u2029socialistas\u2029revolucion\u00e1rios\u2029e\u2029desde\u2029muitos\u2029anos questionamos\u2029a\u2029estrat\u00e9gia\u2029de\u2029Lula\u2029e\u2029do\u2029PT.\u2029Enquanto\u2029seguimos\u2029lutando\u2029por\u2029nossas<br \/>\nreivindica\u00e7\u00f5es,\u2029queremos\u2029seguir\u2029conversando\u2029e\u2029explicando\u2029nosso\u2029ponto\u2029de\u2029vista.<\/p>\n<p>O\u2029fato\u2029de\u2029que\u2029a\u2029extrema\u2029direita\u2029golpista\u2029tenha\u2029um\u2029projeto\u2029ultrarreacion\u00e1rio\u2029n\u00e3o\u2029pode\u2029nos\u2029levar\u2029a\u2029passar\u2029 pano\u2029 para\u2029 os\u2029 erros\u2029 da\u2029frente\u2029 ampla\u2029 de\u2029Lula.\u2029Lutar\u2029unificados\u2029nas\u2029ruas\u2029contra\u2029a\u2029extrema\u2029direita,\u2029sim.\u2029Apagar\u2029nossas\u2029fronteiras\u2029de\u2029classe,\u2029n\u00e3o.\u2029Um problema\u2029\u00e9\u2029que\u2029muitos\u2029dos\u2029partidos\u2029que\u2029sustentaram\u2029o\u2029governo\u2029genocida\u2029de\u2029Bolsonaro<br \/>\nhoje\u2029comp\u00f5e\u2029o\u2029governo\u2029Lula.\u2029Outro\u2029\u00e9\u2029que\u2029Lula\u2029mant\u00e9m\u2029 o\u2029 financiamento\u2029 de privatiza\u00e7\u00f5es\u2029 de\u2029governadores. Por outro lado, Lula n\u00e3o\u2029convocou\u2029nenhuma manifesta\u00e7\u00e3o\u2029pela\u2029puni\u00e7\u00e3o\u2029dos\u2029golpistas\u2029do\u20298J\u2029 e\u2029mant\u00e9m\u2029golpistas\u2029 como Jos\u00e9\u2029M\u00facio\u2029no\u2029Minist\u00e9rio\u2029da\u2029Defesa.\u2029N\u00e3o\u2029houve\u2029o\u2029 t\u00e3o\u2029 esperado\u2029 &#8220;revoga\u00e7o&#8221;\u2029 e\u2029 se\u2029 manteve\u2029 as<br \/>\nmedidas\u2029de\u2029Temer\u2029e\u2029Bolsonaro\u2029como\u2029a\u2029reforma\u2029da previd\u00eancia, trabalhista, privatiza\u00e7\u00e3o da\u2029Eletrobr\u00e1s,\u2029NEM,\u2029etc.<\/p>\n<p>Lula\u2029 e\u2029 o\u2029 Ministro\u2029 petista\u2029 Haddad\u2029 fizeram\u2029 o arcabou\u00e7o\u2029 fiscal\u2029 e\u2029 o\u2029 plano\u2029 safra\u2029 que\u2029 destina\u2029toneladas de recursos p\u00fablicos para os\u2029banqueiros,\u2029multinacionais,\u2029sistema\u2029financeiro\u2029e\u2029o\u2029agroneg\u00f3cio\u2029assassino\u2029dos\u2029povos\u2029ind\u00edgenas.<br \/>\nEnt\u00e3o,\u2029sim,\u2029nossa\u2029posi\u00e7\u00e3o\u2029\u00e9\u2029da\u2029esquerda\u2029radical:\u2029vamos\u2029 at\u00e9\u2029 a\u2029 raiz\u2029 dos\u2029 problemas\u2029 e\u2029 queremos\u2029resolver\u2029as\u2029demandas\u2029da\u2029classe\u2029trabalhadora\u2029e\u2029dos setores populares. O que inclui ser\u2029consequente na luta contra o imperialismo estadunidense,\u2029coisa\u2029que\u2029Lula\u2029n\u00e3o\u2029faz.<\/p>\n<p>A extrema direita imperialista \u00e9 inimiga!<\/p>\n<p>O\u2029 governo\u2029 da\u2029 frente\u2029 ampla\u2029 intensificou\u2029 as\u2029&#8221;negocia\u00e7\u00f5es&#8221;\u2029 com\u2029 a\u2029 Casa\u2029 Branca\u2029 sobre\u2029 o\u2029tarifa\u00e7o. N\u00e3o \u00e9 poss\u00edvel negociar com o\u2029sanguin\u00e1rio Trump e o imperialismo<br \/>\nestadunidense. Eles querem ampliar a\u2029explora\u00e7\u00e3o\u2029sobre\u2029nosso\u2029pa\u00eds,\u2029nossas\u2029florestas\u2029e<br \/>\nterras\u2029raras,\u2029e\u2029aprofundar\u2029a\u2029domina\u00e7\u00e3o\u2029contra\u2029o\u2029Brasil\u2029e\u2029nossa\u2029economia,\u2029tirando\u2029o\u2029couro\u2029da\u2029classe trabalhadora para favorecer suas\u2029multinacionais.\u2029N\u00e3o\u2029tem\u2029 &#8220;qu\u00edmica&#8221;\u2029 positiva\u2029com\u2029uma\u2029rela\u00e7\u00e3o\u2029t\u00f3xica\u2029dessa.\u2029A foto\u2029de\u2029Lula\u2029com Trump e a comitiva do governo\u2029Brasileiro\u2029em\u2029Washington\u2029n\u00e3o\u2029ajudam\u2029na\u2029luta\u2029anti\u00adimperialista. N\u00e3o tem di\u00e1logo com a\u2029extrema\u2029 direita.\u2029 Ou\u2029 eles\u2029 nos\u2029 esmagam\u2029 ou\u2029esmagamos\u2029eles.\u2029Assim,\u2029o\u2029\u00fanico\u2029caminho\u2029\u00e9\u2029a\u2029luta nas ruas contra Trump, Bolsonaros,\u2029Tarc\u00edsio\u2029e\u2029a\u2029extrema\u2029direita\u2029capacho\u2029dos\u2029EUA.<\/p>\n<p>Unidos e mobilizados somos mais fortes<\/p>\n<p>\u00c9 preciso organiza\u00e7\u00e3o e mobiliza\u00e7\u00e3o\u2029unificada\u2029da\u2029classe\u2029trabalhadora\u2029e\u2029dos\u2029setores<br \/>\npopulares.\u2029Exigimos\u2029da\u2029CUT,\u2029CTB,\u2029UNE\u2029 e\u2029MTST que\u2029os\u2029atos\u2029do\u2029dia\u202921\/09\u2029n\u00e3o\u2029fiquem\u2029s\u00f3\u2029na\u2029lembran\u00e7a:\u2029\u00e9\u2029necess\u00e1rio\u2029uma\u2029nova\u2029jornada\u2029de\u2029 mobiliza\u00e7\u00e3o\u2029 nacional,\u2029 com\u2029 as\u2029 pautas\u2029 do\u2029plebiscito\u2029das\u2029Frentes\u2029Povo\u2029sem\u2029medo\u2029e\u2029Brasil\u2029Popular:\u2029o\u2029fim\u2029da\u2029escala\u20296&#215;1,\u2029a\u2029taxa\u00e7\u00e3o\u2029dos\u2029bilion\u00e1rios\u037e com as reivindica\u00e7\u00f5es de\u2029movimentos que constroem a c\u00fapula dos\u2029povos:\u2029contra\u2029a\u2029explora\u00e7\u00e3o\u2029de\u2029petr\u00f3leo\u2029na\u2029foz\u2029do\u2029Amazonas,\u2029 a demarca\u00e7\u00e3o\u2029 das\u2029 terras\u2029 dos\u2029povos\u2029 ind\u00edgenas,\u2029 a\u2029 reforma\u2029 agr\u00e1ria,\u2029 verbas para emerg\u00eancia clim\u00e1tica. Incorporando\u2029pautas\u2029 da\u2029 classe\u2029 trabalhadora\u2029 como\u2029 a\u2029 luta<br \/>\ncontra\u2029reforma\u2029administrativa,\u2029o\u2029reajuste\u2029dos sal\u00e1rios,\u2029a\u2029redu\u00e7\u00e3o\u2029das\u2029jornadas\u2029de\u2029trabalho,\u2029a\u2029luta\u2029contra\u2029as\u2029privatiza\u00e7\u00f5es.<\/p>\n<p>Construir\u2029uma\u2029esquerda\u2029independente\u2029dos\u2029patr\u00f5es<\/p>\n<p>Paralelamente\u2029 precisamos\u2029 construir\u2029 uma\u2029sa\u00edda\u2029 pol\u00edtica,\u2029 para\u2029 vocalizar\u2029 essas\u2029 lutas<br \/>\npela\u2029esquerda.\u2029ACST defende\u2029a\u2029constru\u00e7\u00e3o de\u2029um\u2029bloco\u2029da\u2029esquerda\u2029independente\u2029dos\u2029patr\u00f5es\u2029e\u2029que\u2029n\u00e3o\u2029integra\u2029a\u2029frente\u2029ampla.\u2029No\u2029mesmo\u2029sentido\u2029se\u2029 posicionam\u2029 lideran\u00e7as\u2029independentes que defendem propostas\u2029socialistas,\u2029 comunistas,\u2029ambientalistas\u2029 e\u2029feministas\u2029como\u2029Pl\u00ednio\u2029de\u2029Arruda\u2029Sampaio\u2029Jr., Renato Cinco e Dirlene Marques.<br \/>\nExpressamos\u2029 essas\u2029ideias\u2029 na\u2029recente\u2029live\u2029Por\u2029uma\u2029Esquerda\u2029Independente\u2029(video\u2029no<br \/>\ncanal\u2029Combate\u2029Socialista).\u2029N\u00e3o\u2029somos\u2029os\u2029\u00fanicos\u2029e\u2029por\u2029isso\u2029precisamos\u2029avan\u00e7ar\u2029em<br \/>\numa\u2029converg\u00eancia\u2029de\u2029pensamentos\u2029e\u2029a\u00e7\u00f5es com\u2029for\u00e7as\u2029como\u2029UP,\u2029PCBR,\u2029PSTU,\u2029MRTe<br \/>\nSoB,\u2029 al\u00e9m\u2029 de\u2029 organiza\u00e7\u00f5es\u2029 e\u2029 lideran\u00e7as regionais. Isso s\u00f3 ser\u00e1 feito com g e n e r o si d a d e\u00a0 e\u00a0 p a c i \u00ea n c i a , sem hegemonismos, autoproclama\u00e7\u00e3o ou\u2029sectarismo.\u2029 O\u2029 caminho\u2029 por\u2029 agora\u2029 \u00e9\u2029 um\u2029trabalho\u2029 conjunto\u2029 em\u2029 unidade\u2029 de\u2029 a\u00e7\u00e3o,\u2029construindo uma frente, debatendo\u2029fraternalmente as nossas diferen\u00e7as.<br \/>\nNingu\u00e9m\u2029por\u2029si\u2029s\u00f3\u2029tem\u2029for\u00e7as\u2029suficientes\u2029para\u2029 resolver\u2029 os\u2029 problemas\u2029 da\u2029 esquerda<br \/>\nbrasileira. Por isso a unidade \u00e9 uma\u2029necessidade. Reafirmamos a nossa proposta de uma reuni\u00e3o de partidos,\u2029organiza\u00e7\u00f5es,\u2029 lideran\u00e7as\u2029 sociais\u2029 que\u2029 n\u00e3o\u2029integram a frente ampla de Lula, que\u2029desejam combater nas ruas a extrema\u2029direita\u2029imperialista,\u2029para\u2029explorar\u2029a\u00e7\u00f5es\u2029em\u2029conjunto. Um esquerda independente e radical que luta, pela revoga\u00e7\u00e3o do\u2029Arcabou\u00e7o Fiscal e do Plano Safra do\u2029governo Lula\/Alckmin, pelo n\u00e3o<br \/>\npagamento da d\u00edvida p\u00fablica, pela\u2029revoga\u00e7\u00e3o\u2029 das\u2029 reformas\u2029 da\u2029 previd\u00eancia, trabalhista e enfrente a reforma administrativa. Pela reestatiza\u00e7\u00e3o das empresas\u2029privatizadas\u2029e\u2029pelo\u2029aumento\u2029dos\u2029investimentos\u2029sociais,\u2029pela\u2029estatiza\u00e7\u00e3o\u2029dos<br \/>\nsistema financeiro e das empresas\u2029multinacionais estadunidenses. Pela\u2029aplica\u00e7\u00e3o\u2029 da\u2029 lei\u2029 de\u2029reciprocidade,\u2029 defesa\u2029das\u2029terras\u2029raras,\u2029ruptura de\u2029rela\u00e7\u00f5es\u2029com Israel, expropria\u00e7\u00e3o das empresas que\u2029financiaram\u2029o\u20298J.<\/p>\n<p><img loading=\"lazy\" decoding=\"async\" class=\"alignnone size-medium wp-image-18159\" src=\"https:\/\/www.cstuit.com\/home\/wp-content\/uploads\/2025\/11\/WhatsApp-Image-2025-11-04-at-16.48.52-1-240x300.jpeg\" alt=\"\" width=\"240\" height=\"300\" srcset=\"https:\/\/www.cstuit.com\/home\/wp-content\/uploads\/2025\/11\/WhatsApp-Image-2025-11-04-at-16.48.52-1-240x300.jpeg 240w, https:\/\/www.cstuit.com\/home\/wp-content\/uploads\/2025\/11\/WhatsApp-Image-2025-11-04-at-16.48.52-1-819x1024.jpeg 819w, https:\/\/www.cstuit.com\/home\/wp-content\/uploads\/2025\/11\/WhatsApp-Image-2025-11-04-at-16.48.52-1-768x960.jpeg 768w, https:\/\/www.cstuit.com\/home\/wp-content\/uploads\/2025\/11\/WhatsApp-Image-2025-11-04-at-16.48.52-1-600x750.jpeg 600w, https:\/\/www.cstuit.com\/home\/wp-content\/uploads\/2025\/11\/WhatsApp-Image-2025-11-04-at-16.48.52-1.jpeg 1080w\" sizes=\"auto, (max-width: 240px) 100vw, 240px\" \/><\/p>\n","protected":false},"excerpt":{"rendered":"<p>A p\u00f3s\u2029tr\u00eas\u2029anos\u2029de\u2029mandato\u2029da\u2029frente\u2029ampla,\u2029as\u2029mudan\u00e7as\u2029t\u00e3o\u2029esperadas n\u00e3o ocorreram.\u2029 Lula\u2029 prometeu\u2029 picanha\u2029 e\u2029 cerveja,\u2029 mas\u2029 est\u00e1\u2029 dif\u00edcil comprar\u2029caf\u00e9\u2029e\u2029ovo.\u2029Aclasse\u2029trabalhadora\u2029que\u2029carrega\u2029o\u2029pa\u00eds\u2029nas\u2029costas sofre\u2029 nos\u2029 transportes superlotados\u2029 e\u2029 caros,\u2029 os\u2029 juros\u2029 extorsivos\u2029 no\u2029 cheque especial,\u2029alugu\u00e9is\u2029altos\u2029e\u2029o\u2029desmonte\u2029da\u2029educa\u00e7\u00e3o\u2029e\u2029sa\u00fade\u2029p\u00fablicas.\u2029Agora\u2029temos\u2029de\u2029enfrentar\u2029a\u2029reforma administrativa\u2029que\u2029vai\u2029destruir\u2029os\u2029direitos\u2029dos\u2029servidores\u2029p\u00fablicos. Os\u2029empregos\u2029est\u00e3o\u2029mais\u2029precarizados\u2029com\u2029a\u20296&#215;1\u2029nos\u2029trabalhos\u2029nos\u2029Apps.\u2029O\u2029genoc\u00eddio\u2029contra\u2029o\u2029povo\u2029negro\u2029continua.\u2029Os\u2029povos\u2029ind\u00edgenas\u2029seguem\u2029sofrendo e a juventude est\u00e1 sem perspectivas. As pautas centrais feministas e\u2029LGBTQIA+\u2029est\u00e3o\u2029bloqueadas.\u2029Os\u2029n\u00fameros\u2029de\u2029feminic\u00eddio\u2029s\u00e3o\u2029os\u2029mais\u2029altos\u2029e\u2029\u2029s\u00e3o\u2029os\u2029mais\u2029altos\u2029e\u2029nada\u2029se\u2029avan\u00e7ou sobre\u2029a\u2029legaliza\u00e7\u00e3o\u2029do\u2029aborto.\u00a0 A frente\u2029ampla\u2029n\u00e3o\u2029soluciona\u2029nossos\u2029problemas\u2029por\u2029ser\u2029uma\u2029alian\u00e7a\u2029com\u2029os\u2029partidos\u2029patronais,\u2029com\u2029lideran\u00e7as\u2029do\u2029centr\u00e3o\u2029para\u2029governar\u2029com\u2029e\u2029para\u2029os\u2029empres\u00e1rios\u2029e\u2029as\u2029multinacionais. Mas voc\u00eas s\u00e3o muito<\/p>\n","protected":false},"author":1,"featured_media":18158,"comment_status":"closed","ping_status":"closed","sticky":false,"template":"","format":"standard","meta":{"footnotes":""},"categories":[135],"tags":[],"class_list":["post-18156","post","type-post","status-publish","format-standard","has-post-thumbnail","hentry","category-editorial"],"_links":{"self":[{"href":"https:\/\/www.cstuit.com\/home\/wp-json\/wp\/v2\/posts\/18156","targetHints":{"allow":["GET"]}}],"collection":[{"href":"https:\/\/www.cstuit.com\/home\/wp-json\/wp\/v2\/posts"}],"about":[{"href":"https:\/\/www.cstuit.com\/home\/wp-json\/wp\/v2\/types\/post"}],"author":[{"embeddable":true,"href":"https:\/\/www.cstuit.com\/home\/wp-json\/wp\/v2\/users\/1"}],"replies":[{"embeddable":true,"href":"https:\/\/www.cstuit.com\/home\/wp-json\/wp\/v2\/comments?post=18156"}],"version-history":[{"count":1,"href":"https:\/\/www.cstuit.com\/home\/wp-json\/wp\/v2\/posts\/18156\/revisions"}],"predecessor-version":[{"id":18160,"href":"https:\/\/www.cstuit.com\/home\/wp-json\/wp\/v2\/posts\/18156\/revisions\/18160"}],"wp:featuredmedia":[{"embeddable":true,"href":"https:\/\/www.cstuit.com\/home\/wp-json\/wp\/v2\/media\/18158"}],"wp:attachment":[{"href":"https:\/\/www.cstuit.com\/home\/wp-json\/wp\/v2\/media?parent=18156"}],"wp:term":[{"taxonomy":"category","embeddable":true,"href":"https:\/\/www.cstuit.com\/home\/wp-json\/wp\/v2\/categories?post=18156"},{"taxonomy":"post_tag","embeddable":true,"href":"https:\/\/www.cstuit.com\/home\/wp-json\/wp\/v2\/tags?post=18156"}],"curies":[{"name":"wp","href":"https:\/\/api.w.org\/{rel}","templated":true}]}}