

	{"id":18196,"date":"2025-11-22T11:42:18","date_gmt":"2025-11-22T14:42:18","guid":{"rendered":"https:\/\/www.cstuit.com\/home\/?p=18196"},"modified":"2025-11-22T11:44:00","modified_gmt":"2025-11-22T14:44:00","slug":"18196","status":"publish","type":"post","link":"https:\/\/www.cstuit.com\/home\/2025\/11\/22\/18196\/","title":{"rendered":"A Farsa da Guerra \u00e0s Drogas"},"content":{"rendered":"<p style=\"font-weight: 400;\"><em>Por Danilo Bianchi \u2013 Coordena\u00e7\u00e3o da CST<\/em><\/p>\n<p style=\"font-weight: 400;\">A pol\u00edtica proibicionista da suposta \u201cguerra \u00e0s drogas\u201d, sustentada pela repress\u00e3o militarizada, volta a revelar sua face mais brutal e criminosa. A recente opera\u00e7\u00e3o das pol\u00edcias do Rio de Janeiro \u2014 marcada pelo horror, pela viola\u00e7\u00e3o de direitos e por homic\u00eddios cometidos por for\u00e7as que atuam como verdadeiras pol\u00edcias assassinas \u2014 foi cinicamente defendida pelo governador Cl\u00e1udio Castro como um suposto combate ao \u201cterror\u201d de fac\u00e7\u00f5es como o Comando Vermelho. Na realidade, trata-se de mais um cap\u00edtulo de uma pol\u00edtica de Estado que opera com m\u00e9todos abertamente fascistas e que encontra na morte de pobres seu mecanismo de funcionamento. Essa chacina n\u00e3o \u00e9 um desvio, mas a express\u00e3o mais sangrenta de uma pol\u00edtica nacional de criminaliza\u00e7\u00e3o da pobreza, de encarceramento em massa e de repress\u00e3o sistem\u00e1tica da popula\u00e7\u00e3o negra e perif\u00e9rica \u2014 na pr\u00e1tica, uma verdadeira e permanente \u201cguerra aos pobres\u201d.<\/p>\n<p style=\"font-weight: 400;\"><strong>O Fracasso Hist\u00f3rico do Proibicionismo<\/strong><\/p>\n<p style=\"font-weight: 400;\">Essa pol\u00edtica de proibi\u00e7\u00e3o e repress\u00e3o \u00e0s drogas, exportada pelos Estados Unidos desde os anos 1980, \u00e9 um modelo comprovadamente fracassado e funcional apenas aos interesses do imperialismo. Incapaz de enfrentar o tr\u00e1fico, controlar o mercado ilegal ou reduzir a viol\u00eancia, ela apenas aprofunda o caos: n\u00e3o diminui a criminalidade, coloca em risco a vida de milhares \u2014 sobretudo nas favelas \u2014 e segue exterminando a popula\u00e7\u00e3o negra das periferias urbanas. Seu antecedente direto, a Lei Seca dos anos 1930, j\u00e1 havia revelado o destino inevit\u00e1vel desse tipo de pol\u00edtica: fortaleceu m\u00e1fias como as de Chicago, expandiu mercados clandestinos e aumentou o consumo de \u00e1lcool. Mesmo assim, governantes brasileiros continuam presos \u00e0 mesma l\u00f3gica repressiva, produzindo mais viol\u00eancia, alimentando o poder de fac\u00e7\u00f5es e mil\u00edcias e sem qualquer impacto real na redu\u00e7\u00e3o do consumo de drogas, que segue sendo uma realidade humana e social, n\u00e3o um problema de pol\u00edcia.<\/p>\n<p><img loading=\"lazy\" decoding=\"async\" class=\"alignnone size-medium wp-image-18197\" src=\"https:\/\/www.cstuit.com\/home\/wp-content\/uploads\/2025\/11\/JILHIQSYE5IT7KI54GRQ5QOMY4-300x253.jpg\" alt=\"\" width=\"300\" height=\"253\" srcset=\"https:\/\/www.cstuit.com\/home\/wp-content\/uploads\/2025\/11\/JILHIQSYE5IT7KI54GRQ5QOMY4-300x253.jpg 300w, https:\/\/www.cstuit.com\/home\/wp-content\/uploads\/2025\/11\/JILHIQSYE5IT7KI54GRQ5QOMY4-1024x864.jpg 1024w, https:\/\/www.cstuit.com\/home\/wp-content\/uploads\/2025\/11\/JILHIQSYE5IT7KI54GRQ5QOMY4-768x648.jpg 768w, https:\/\/www.cstuit.com\/home\/wp-content\/uploads\/2025\/11\/JILHIQSYE5IT7KI54GRQ5QOMY4-600x507.jpg 600w, https:\/\/www.cstuit.com\/home\/wp-content\/uploads\/2025\/11\/JILHIQSYE5IT7KI54GRQ5QOMY4.jpg 1200w\" sizes=\"auto, (max-width: 300px) 100vw, 300px\" \/><\/p>\n<p style=\"font-weight: 400;\"><strong>Imperialismo, Ret\u00f3rica do \u201cNarcoterrorismo\u201d e Hipocrisia<\/strong><\/p>\n<p style=\"font-weight: 400;\">A chacina no Rio de Janeiro promovida pela extrema direita est\u00e1 diretamente ligada \u00e0 pol\u00edtica de Trump, que se esconde atr\u00e1s do discurso de combate ao suposto \u201cnarcoterrorismo\u201d. \u00c9 sob esse pretexto que os EUA explodem navios na Venezuela e pressionam o Brasil a rotular fac\u00e7\u00f5es como CV e PCC como organiza\u00e7\u00f5es terroristas \u2014 uma manobra que busca legitimar novas opera\u00e7\u00f5es imperialistas em territ\u00f3rio latino-americano. Essa narrativa n\u00e3o tem nada de inocente: ela funciona como cobertura ideol\u00f3gica para expandir a presen\u00e7a militar e econ\u00f4mica dos EUA na regi\u00e3o. Mas toda essa ret\u00f3rica \u00e9 pura hipocrisia. Os verdadeiros narcoterroristas est\u00e3o em Wall Street, na Casa Branca, na Faria Lima e nos governos e corpora\u00e7\u00f5es que lucram com lavagem de dinheiro, tr\u00e1fico de armas, financeiriza\u00e7\u00e3o do crime e com a pr\u00f3pria engrenagem militar que alimenta essas guerras. S\u00e3o esses setores, aliados da extrema direita, que realmente se beneficiam da viol\u00eancia que dizem combater \u2014 e por isso, al\u00e9m de assassinos, s\u00e3o tamb\u00e9m mentirosos e profundamente hip\u00f3critas. Isso n\u00e3o significa ignorar o grave problema das corpora\u00e7\u00f5es capitalistas criminosas ligadas ao tr\u00e1fico de drogas e armas, cujas ramifica\u00e7\u00f5es ilegais est\u00e3o em todos os poderes da rep\u00fablica e nas c\u00fapulas empresariais do pa\u00eds. Para combat\u00ea-los, temos de ter a\u00e7\u00f5es de intelig\u00eancia, controlar as fronteiras e atacar a m\u00e1fia em todas as escalas da rep\u00fablica.<\/p>\n<p><img loading=\"lazy\" decoding=\"async\" class=\"alignnone size-medium wp-image-18198\" src=\"https:\/\/www.cstuit.com\/home\/wp-content\/uploads\/2025\/11\/WhatsApp-Image-2025-11-22-at-11.36.56-251x300.jpeg\" alt=\"\" width=\"251\" height=\"300\" srcset=\"https:\/\/www.cstuit.com\/home\/wp-content\/uploads\/2025\/11\/WhatsApp-Image-2025-11-22-at-11.36.56-251x300.jpeg 251w, https:\/\/www.cstuit.com\/home\/wp-content\/uploads\/2025\/11\/WhatsApp-Image-2025-11-22-at-11.36.56.jpeg 377w\" sizes=\"auto, (max-width: 251px) 100vw, 251px\" \/><\/p>\n<p style=\"font-weight: 400;\"><strong>Drogas: Um Fen\u00f4meno Humano, N\u00e3o Policial<\/strong><\/p>\n<p style=\"font-weight: 400;\">Para enfrentar de fato essa quest\u00e3o, \u00e9 preciso romper com a hipocrisia. As drogas \u2014 ou psicotr\u00f3picos \u2014 existem e s\u00e3o consumidas desde as sociedades mais antigas, seja para fins medicinais, ritual\u00edsticos ou recreativos; o uso de subst\u00e2ncias n\u00e3o \u00e9 uma anomalia social, mas um fen\u00f4meno humano. E essa hipocrisia fica ainda mais evidente quando drogas como \u00e1lcool e tabaco \u2014 subst\u00e2ncias de alta depend\u00eancia \u2014 s\u00e3o legalizadas, enquanto outras continuam proibidas: a proibi\u00e7\u00e3o nunca foi sobre sa\u00fade, mas sobre controle social. Isso n\u00e3o significa ignorar que o uso abusivo possa gerar problemas sociais, familiares e epis\u00f3dios de viol\u00eancia; significa reconhecer que tais situa\u00e7\u00f5es devem ser tratadas como quest\u00e3o de sa\u00fade p\u00fablica, e n\u00e3o como caso de pol\u00edcia.<img loading=\"lazy\" decoding=\"async\" class=\"alignnone size-medium wp-image-18201\" src=\"https:\/\/www.cstuit.com\/home\/wp-content\/uploads\/2025\/11\/WhatsApp-Image-2025-11-22-at-11.34.08-300x105.jpeg\" alt=\"\" width=\"300\" height=\"105\" srcset=\"https:\/\/www.cstuit.com\/home\/wp-content\/uploads\/2025\/11\/WhatsApp-Image-2025-11-22-at-11.34.08-300x105.jpeg 300w, https:\/\/www.cstuit.com\/home\/wp-content\/uploads\/2025\/11\/WhatsApp-Image-2025-11-22-at-11.34.08-600x210.jpeg 600w, https:\/\/www.cstuit.com\/home\/wp-content\/uploads\/2025\/11\/WhatsApp-Image-2025-11-22-at-11.34.08.jpeg 702w\" sizes=\"auto, (max-width: 300px) 100vw, 300px\" \/><\/p>\n<p style=\"font-weight: 400;\"><strong>Pela Legaliza\u00e7\u00e3o e Redu\u00e7\u00e3o de Danos<\/strong><\/p>\n<p style=\"font-weight: 400;\">Por isso defendemos a legaliza\u00e7\u00e3o das drogas: antes de tudo, como uma quest\u00e3o essencial de liberdade democr\u00e1tica, mas tamb\u00e9m porque \u00e9 o \u00fanico caminho capaz de reduzir o poder econ\u00f4mico e pol\u00edtico do crime organizado, enfrentar o genoc\u00eddio da juventude negra e perif\u00e9rica, desmontar o encarceramento em massa e fortalecer uma pol\u00edtica efetiva de Redu\u00e7\u00e3o de Danos no SUS. Trata-se de uma abordagem que entende o uso de drogas em sua complexidade humana e social, garantindo cuidado, orienta\u00e7\u00e3o e prote\u00e7\u00e3o. Ao minimizar riscos e ampliar a autonomia das pessoas que n\u00e3o querem ou n\u00e3o conseguem interromper o uso de imediato, a Redu\u00e7\u00e3o de Danos promove inclus\u00e3o, n\u00e3o puni\u00e7\u00e3o. O modelo proibicionista e abstencionista, ao contr\u00e1rio, apoia-se em uma l\u00f3gica moralista e criminalizadora que alimenta o genoc\u00eddio produzido pela \u201cguerra \u00e0s drogas\u201d. Porque, no fim, a guerra real nunca foi contra as subst\u00e2ncias, mas contra o povo negro que sofre chacinas como as do Alem\u00e3o e da Penha.<\/p>\n<p><img loading=\"lazy\" decoding=\"async\" class=\"alignnone size-medium wp-image-18200\" src=\"https:\/\/www.cstuit.com\/home\/wp-content\/uploads\/2025\/11\/image_processing20230523-15602-6wssol-300x212.jpeg\" alt=\"\" width=\"300\" height=\"212\" srcset=\"https:\/\/www.cstuit.com\/home\/wp-content\/uploads\/2025\/11\/image_processing20230523-15602-6wssol-300x212.jpeg 300w, https:\/\/www.cstuit.com\/home\/wp-content\/uploads\/2025\/11\/image_processing20230523-15602-6wssol-768x542.jpeg 768w, https:\/\/www.cstuit.com\/home\/wp-content\/uploads\/2025\/11\/image_processing20230523-15602-6wssol-600x424.jpeg 600w, https:\/\/www.cstuit.com\/home\/wp-content\/uploads\/2025\/11\/image_processing20230523-15602-6wssol.jpeg 800w\" sizes=\"auto, (max-width: 300px) 100vw, 300px\" \/> <img loading=\"lazy\" decoding=\"async\" class=\"alignnone size-medium wp-image-18199\" src=\"https:\/\/www.cstuit.com\/home\/wp-content\/uploads\/2025\/11\/whatsapp-image-2023-06-01-at-11.12.34-300x191.webp\" alt=\"\" width=\"300\" height=\"191\" srcset=\"https:\/\/www.cstuit.com\/home\/wp-content\/uploads\/2025\/11\/whatsapp-image-2023-06-01-at-11.12.34-300x191.webp 300w, https:\/\/www.cstuit.com\/home\/wp-content\/uploads\/2025\/11\/whatsapp-image-2023-06-01-at-11.12.34-768x488.webp 768w, https:\/\/www.cstuit.com\/home\/wp-content\/uploads\/2025\/11\/whatsapp-image-2023-06-01-at-11.12.34-600x381.webp 600w, https:\/\/www.cstuit.com\/home\/wp-content\/uploads\/2025\/11\/whatsapp-image-2023-06-01-at-11.12.34.webp 888w\" sizes=\"auto, (max-width: 300px) 100vw, 300px\" \/><\/p>\n","protected":false},"excerpt":{"rendered":"<p>Por Danilo Bianchi \u2013 Coordena\u00e7\u00e3o da CST A pol\u00edtica proibicionista da suposta \u201cguerra \u00e0s drogas\u201d, sustentada pela repress\u00e3o militarizada, volta a revelar sua face mais brutal e criminosa. A recente opera\u00e7\u00e3o das pol\u00edcias do Rio de Janeiro \u2014 marcada pelo horror, pela viola\u00e7\u00e3o de direitos<\/p>\n","protected":false},"author":1,"featured_media":18202,"comment_status":"closed","ping_status":"closed","sticky":false,"template":"","format":"standard","meta":{"footnotes":""},"categories":[5],"tags":[],"class_list":["post-18196","post","type-post","status-publish","format-standard","has-post-thumbnail","hentry","category-nacional"],"_links":{"self":[{"href":"https:\/\/www.cstuit.com\/home\/wp-json\/wp\/v2\/posts\/18196","targetHints":{"allow":["GET"]}}],"collection":[{"href":"https:\/\/www.cstuit.com\/home\/wp-json\/wp\/v2\/posts"}],"about":[{"href":"https:\/\/www.cstuit.com\/home\/wp-json\/wp\/v2\/types\/post"}],"author":[{"embeddable":true,"href":"https:\/\/www.cstuit.com\/home\/wp-json\/wp\/v2\/users\/1"}],"replies":[{"embeddable":true,"href":"https:\/\/www.cstuit.com\/home\/wp-json\/wp\/v2\/comments?post=18196"}],"version-history":[{"count":2,"href":"https:\/\/www.cstuit.com\/home\/wp-json\/wp\/v2\/posts\/18196\/revisions"}],"predecessor-version":[{"id":18204,"href":"https:\/\/www.cstuit.com\/home\/wp-json\/wp\/v2\/posts\/18196\/revisions\/18204"}],"wp:featuredmedia":[{"embeddable":true,"href":"https:\/\/www.cstuit.com\/home\/wp-json\/wp\/v2\/media\/18202"}],"wp:attachment":[{"href":"https:\/\/www.cstuit.com\/home\/wp-json\/wp\/v2\/media?parent=18196"}],"wp:term":[{"taxonomy":"category","embeddable":true,"href":"https:\/\/www.cstuit.com\/home\/wp-json\/wp\/v2\/categories?post=18196"},{"taxonomy":"post_tag","embeddable":true,"href":"https:\/\/www.cstuit.com\/home\/wp-json\/wp\/v2\/tags?post=18196"}],"curies":[{"name":"wp","href":"https:\/\/api.w.org\/{rel}","templated":true}]}}