

	{"id":18371,"date":"2026-01-20T00:02:01","date_gmt":"2026-01-20T03:02:01","guid":{"rendered":"https:\/\/www.cstuit.com\/home\/?p=18371"},"modified":"2026-01-20T00:14:31","modified_gmt":"2026-01-20T03:14:31","slug":"das-vielas-do-caninde-para-a-marques-da-sapucai","status":"publish","type":"post","link":"https:\/\/www.cstuit.com\/home\/2026\/01\/20\/das-vielas-do-caninde-para-a-marques-da-sapucai\/","title":{"rendered":"Das vielas do Canind\u00e9 para a Marqu\u00eas de Sapuca\u00ed"},"content":{"rendered":"<p style=\"text-align: right;\"><em>Por Celso Cabral e Eziel Duarte<\/em><\/p>\n<p>Da literatura brasileira para a avenida do carnaval, a escola de samba Unidos da Tijuca ir\u00e1 homenagear a escritora Carolina Maria de Jesus no Carnaval de 2026. A partir do destaque de seu livro <em>Quarto de Despejo: Di\u00e1rio de uma Favelada<\/em>, publicado em 1960, a obra narra sua hist\u00f3ria de vida, de luta contra a fome e o sonho de mudar sua realidade, apresentando fortes cr\u00edticas sociais. Carolina Maria de Jesus \u00e9 uma das principais escritoras negras do nosso pa\u00eds, com destaque para o livro j\u00e1 mencionado, no qual relata seu cotidiano como catadora de papel, m\u00e3e solo e mulher preta, na favela do Canind\u00e9, em S\u00e3o Paulo.<\/p>\n<p>Assim como Carolina Maria de Jesus, as mulheres negras do Brasil est\u00e3o entre os dados sociais mais prec\u00e1rios do pa\u00eds. Na letra do samba, ao ser apresentada a frase \u201cdele (Jesus) herdei tamb\u00e9m a cruz\u201d, essa \u201ccruz\u201d do sacrif\u00edcio \u00e9 fruto de um hist\u00f3rico racista e machista do nosso pa\u00eds, que se expressava na d\u00e9cada de 1960 e que persiste at\u00e9 hoje. Segundo estudos publicados pelo Minist\u00e9rio da Igualdade Racial (MIR), cerca de 68% a 69% dos feminic\u00eddios e homic\u00eddios intencionais de mulheres envolvem mulheres negras \u2014 um percentual desproporcional \u00e0 sua participa\u00e7\u00e3o na popula\u00e7\u00e3o. Ainda hoje, os lares chefiados por mulheres enfrentam uma situa\u00e7\u00e3o de vulnerabilidade econ\u00f4mica, sendo 70% deles chefiados por mulheres negras.<\/p>\n<p>Em seu livro, a autora conta como sobreviveu \u00e0 mis\u00e9ria que assolou grande parte de sua vida, como lidou com a fome, o racismo e o machismo. Carolina Maria de Jesus, em sua narrativa, revela um Brasil desigual, onde existem fome, subempregos e mis\u00e9ria. \u201cQuem inventou a fome s\u00e3o os que comem\u201d (<em>Quarto de Despejo<\/em>). A fome \u2014 um problema do passado \u2014 atinge o nosso presente, em que cerca de 6,5 milh\u00f5es de pessoas vivem em situa\u00e7\u00e3o de fome (dados do IBGE), principalmente pessoas negras.<\/p>\n<p>A Unidos da Tijuca parece preparar uma grande cr\u00edtica social que, se seguir o teor das den\u00fancias de Carolina \u2014 que exp\u00f4s pol\u00edticos e o poder p\u00fablico como respons\u00e1veis pela situa\u00e7\u00e3o de pobreza e descaso com o povo trabalhador \u2014, ser\u00e1 feita em alto tom.<\/p>\n<blockquote><p>\u201cPol\u00edtico quando candidato<br \/>\nPromete que d\u00e1 aumento<br \/>\nE o povo v\u00ea que de fato<br \/>\nAumenta o seu sofrimento\u201d<br \/>\n(<em>Quarto de Despejo<\/em>)<\/p><\/blockquote>\n<p>Esses elementos s\u00e3o destacados no samba, tendo como contexto a forte industrializa\u00e7\u00e3o de S\u00e3o Paulo e o avan\u00e7o da urbaniza\u00e7\u00e3o da cidade, que fez com que moradores da favela do Canind\u00e9 fossem expulsos de seus barracos para a constru\u00e7\u00e3o da Marginal do rio Tiet\u00ea. Por vezes, em sua escrita, os \u201cerros ortogr\u00e1ficos\u201d n\u00e3o pouparam as cr\u00edticas aos pol\u00edticos: s\u00e3o citados o ex-prefeito Faria Lima, Get\u00falio Vargas \u2014 como algu\u00e9m que n\u00e3o acabou com a mis\u00e9ria \u2014 e J\u00e2nio Quadros, mencionado como algu\u00e9m que fazia discursos moralistas, entre outros. O samba ecoa da seguinte forma:<\/p>\n<blockquote><p>\u201cDos sal\u00f5es da burguesia aos barracos do Borel<br \/>\nOnde nascem Carolinas, n\u00e3o seremos mais os r\u00e9us<br \/>\nPor tantas Marias que viram seus filhos crucificados\u201d<\/p><\/blockquote>\n<p>Acreditamos que a Unidos da Tijuca far\u00e1 um lind\u00edssimo desfile com esse enredo potente, que ser\u00e1 uma grande aula na avenida e uma bel\u00edssima homenagem a Carolina Maria de Jesus. Que esse enredo inspire outras Carolinas pelo pa\u00eds. A agremia\u00e7\u00e3o ser\u00e1 a segunda a desfilar no dia 16 de fevereiro, na Marqu\u00eas de Sapuca\u00ed.<\/p>\n<blockquote><p>\u201cMuda essa hist\u00f3ria, Tijuca!<br \/>\nTira do meu verso a for\u00e7a pra vencer<br \/>\nReconhece o seu lugar e luta<br \/>\nEsse \u00e9 o nosso jeito de escrever\u201d<br \/>\n(<em>Trecho do samba-enredo \u2014 Unidos da Tijuca 2026<\/em>)<\/p><\/blockquote>\n<p>&nbsp;<\/p>\n<p>&nbsp;<\/p>\n<p>Assista ao clipe oficial<\/p>\n<p><iframe loading=\"lazy\" title=\"UNIDOS DA TIJUCA 2026 - CLIPE OFICIAL RIO CARNAVAL\" width=\"940\" height=\"529\" src=\"https:\/\/www.youtube.com\/embed\/wHguDfY9-BI?feature=oembed\" frameborder=\"0\" allow=\"accelerometer; autoplay; clipboard-write; encrypted-media; gyroscope; picture-in-picture; web-share\" referrerpolicy=\"strict-origin-when-cross-origin\" allowfullscreen><\/iframe><\/p>\n","protected":false},"excerpt":{"rendered":"<p>Por Celso Cabral e Eziel Duarte Da literatura brasileira para a avenida do carnaval, a escola de samba Unidos da Tijuca ir\u00e1 homenagear a escritora Carolina Maria de Jesus no Carnaval de 2026. A partir do destaque de seu livro Quarto de Despejo: Di\u00e1rio de<\/p>\n","protected":false},"author":1,"featured_media":18373,"comment_status":"closed","ping_status":"closed","sticky":false,"template":"","format":"standard","meta":{"footnotes":""},"categories":[790],"tags":[254,1178,2443],"class_list":["post-18371","post","type-post","status-publish","format-standard","has-post-thumbnail","hentry","category-cultura","tag-carnaval","tag-critica","tag-mulheres-negras"],"_links":{"self":[{"href":"https:\/\/www.cstuit.com\/home\/wp-json\/wp\/v2\/posts\/18371","targetHints":{"allow":["GET"]}}],"collection":[{"href":"https:\/\/www.cstuit.com\/home\/wp-json\/wp\/v2\/posts"}],"about":[{"href":"https:\/\/www.cstuit.com\/home\/wp-json\/wp\/v2\/types\/post"}],"author":[{"embeddable":true,"href":"https:\/\/www.cstuit.com\/home\/wp-json\/wp\/v2\/users\/1"}],"replies":[{"embeddable":true,"href":"https:\/\/www.cstuit.com\/home\/wp-json\/wp\/v2\/comments?post=18371"}],"version-history":[{"count":4,"href":"https:\/\/www.cstuit.com\/home\/wp-json\/wp\/v2\/posts\/18371\/revisions"}],"predecessor-version":[{"id":18376,"href":"https:\/\/www.cstuit.com\/home\/wp-json\/wp\/v2\/posts\/18371\/revisions\/18376"}],"wp:featuredmedia":[{"embeddable":true,"href":"https:\/\/www.cstuit.com\/home\/wp-json\/wp\/v2\/media\/18373"}],"wp:attachment":[{"href":"https:\/\/www.cstuit.com\/home\/wp-json\/wp\/v2\/media?parent=18371"}],"wp:term":[{"taxonomy":"category","embeddable":true,"href":"https:\/\/www.cstuit.com\/home\/wp-json\/wp\/v2\/categories?post=18371"},{"taxonomy":"post_tag","embeddable":true,"href":"https:\/\/www.cstuit.com\/home\/wp-json\/wp\/v2\/tags?post=18371"}],"curies":[{"name":"wp","href":"https:\/\/api.w.org\/{rel}","templated":true}]}}