

	{"id":18378,"date":"2026-01-27T20:31:39","date_gmt":"2026-01-27T23:31:39","guid":{"rendered":"https:\/\/www.cstuit.com\/home\/?p=18378"},"modified":"2026-01-27T21:36:53","modified_gmt":"2026-01-28T00:36:53","slug":"vamos-aos-atos-contra-os-ataques-de-trump-na-venezuela-e-na-america-latina-pela-libertacao-de-maduro-e-cilia-flores","status":"publish","type":"post","link":"https:\/\/www.cstuit.com\/home\/2026\/01\/27\/vamos-aos-atos-contra-os-ataques-de-trump-na-venezuela-e-na-america-latina-pela-libertacao-de-maduro-e-cilia-flores\/","title":{"rendered":"Vamos aos atos contra os ataques de Trump na Venezuela e na Am\u00e9rica Latina! Pela liberta\u00e7\u00e3o de Maduro e Cilia Flores!"},"content":{"rendered":"<p><strong>Vamos aos atos contra os ataques de Trump na Venezuela e na Am\u00e9rica Latina! Pela liberta\u00e7\u00e3o de Maduro e Cilia Flores!<\/strong><\/p>\n<p>1 \u2013 Os ataques do imperialismo estadunidense de Donald Trump contra a Venezuela, somados ao sequestro de Maduro e Cilia Flores, representam uma escalada grav\u00edssima. N\u00e3o \u00e9 um epis\u00f3dio isolado: \u00e9 uma ofensiva planejada para aprofundar a domina\u00e7\u00e3o pol\u00edtica e econ\u00f4mica sobre o pa\u00eds e impor uma amea\u00e7a direta a toda a Am\u00e9rica Latina. Os EUA buscam ampliar o saque das riquezas naturais, avan\u00e7ar sobre recursos naturais e estrat\u00e9gicos e intensificar a superexplora\u00e7\u00e3o, tentando impedir qualquer mobiliza\u00e7\u00e3o de massas que possa desafiar a ordem capitalista-imperialista em crise. Por isso, defender a soberania venezuelana e exigir a liberta\u00e7\u00e3o imediata de Maduro e Cilia Flores \u00e9 uma tarefa do conjunto das organiza\u00e7\u00f5es de trabalhadores e populares.<\/p>\n<p>2 \u2013 Essa defesa n\u00e3o significa dar apoio pol\u00edtico ao chavismo. Nossa corrente atua como Oposi\u00e7\u00e3o de Esquerda ao governo Maduro porque se trata de uma ditadura capitalista que reprime a classe trabalhadora, imp\u00f5e ajuste e precariza\u00e7\u00e3o e abriu caminho para a entrega do petr\u00f3leo e das riquezas nacionais venezuelanas \u00e0s multinacionais. O governo de Delcy Rodr\u00edguez n\u00e3o organiza uma resposta popular e internacionalista de ruptura com os agressores. Em vez disso, tenta \u201cnormalizar\u201d as rela\u00e7\u00f5es com os EUA por meio de novas negocia\u00e7\u00f5es e concess\u00f5es, aprofundando uma linha de subordina\u00e7\u00e3o ao imperialismo que n\u00e3o come\u00e7ou agora e pode se agravar.<\/p>\n<p>3 \u2013 O governo Lula fez uma condena\u00e7\u00e3o formal \u00e0 interven\u00e7\u00e3o de Trump na Venezuela, o que est\u00e1 correto. Por\u00e9m, ao mesmo tempo, busca manter uma rela\u00e7\u00e3o cordial com Trump e chega a se apresentar como poss\u00edvel \u201cmediador\u201d, apostando numa suposta proximidade entre os dois. Isso \u00e9 um erro grave. Diante de uma ofensiva imperialista com bombardeios, sequestros e declara\u00e7\u00f5es expl\u00edcitas de saque \u00e0s riquezas naturais, n\u00e3o cabe concilia\u00e7\u00e3o nem diplomacia amistosa. Por isso, denunciamos essa ambiguidade do governo Lula e exigimos que ele passe das palavras \u00e0 a\u00e7\u00e3o: use seu peso pol\u00edtico, inclusive no plano internacional, para impulsionar uma resposta anti-imperialista concreta, com mobiliza\u00e7\u00e3o real. \u00c9 necess\u00e1rio convocar, junto com Petro (Col\u00f4mbia) e Claudia Sheinbaum (M\u00e9xico), uma jornada de lutas intercontinental contra a agress\u00e3o de Trump.<\/p>\n<p>4 \u2013 Embora existam diferen\u00e7as profundas de an\u00e1lise e pol\u00edticas sobre a defesa da Venezuela, sobre o governo Delcy Rodr\u00edguez e sobre o governo Lula, isso n\u00e3o pode se configurar em uma ruptura na unidade de a\u00e7\u00e3o para combater o imperialismo ianque. Os setores majorit\u00e1rios dos atos que est\u00e3o sendo convocados da Alba, FPSM, Brasil Popular n\u00e3o s\u00e3o cr\u00edticos \u00e0s posturas de concilia\u00e7\u00e3o que fazem Delcy Rodriguez e Lula diante da ofensiva imperialista. Contudo, hoje, s\u00e3o quem t\u00eam maior capacidade de convoca\u00e7\u00e3o e influ\u00eancia de massas. A tarefa colocada \u00e9 manter a unidade de a\u00e7\u00e3o e pressionar para que deem continuidade e ampliem as mobiliza\u00e7\u00f5es em uma jornada de lutas anti-imperialista no Brasil.<\/p>\n<p><em>Ao mesmo tempo, n\u00e3o silenciamos cr\u00edticas. Na \u00faltima reuni\u00e3o nacional, a postura da ALBA foi antidemocr\u00e1tica, impedindo que organiza\u00e7\u00f5es falassem e contribu\u00edssem. Denunciamos essa pr\u00e1tica e defendemos que a constru\u00e7\u00e3o dos atos seja baseada na mais ampla democracia entre as organiza\u00e7\u00f5es e movimentos envolvidos, porque \u00e9 assim que se fortalece a unidade real e se ampliam as ruas.<\/em><\/p>\n<p>5 \u2013 Por isso, chamamos \u00e0 constru\u00e7\u00e3o de um bloco da esquerda independente e combativa, atuando de forma unificada dentro das mobiliza\u00e7\u00f5es, para impulsionar uma jornada nacional de lutas anti-imperialista. Convocamos essas organiza\u00e7\u00f5es que est\u00e3o fora da Frente Ampla a se somarem aos atos, fortalecendo a unidade de a\u00e7\u00e3o sem abrir m\u00e3o da independ\u00eancia pol\u00edtica.<\/p>\n<p>6 \u2013 A crise da domina\u00e7\u00e3o imperialista estadunidense abre muitas oportunidades. Trump enfrenta forte resist\u00eancia interna, como demonstram as mobiliza\u00e7\u00f5es massivas e a greve geral em Minneapolis com o grito Fora ICE. Ao mesmo tempo, Trump e Netanyahu n\u00e3o conseguiram impor uma vit\u00f3ria sobre o povo palestino, e a causa da Palestina segue viva e internacionalizada. Esse cen\u00e1rio cria condi\u00e7\u00f5es para construir uma grande jornada de lutas capaz de frear a ofensiva de Trump contra nosso continente. Para isso, as mobiliza\u00e7\u00f5es s\u00e3o decisivas.<\/p>\n<p><strong>Trump, tire as patas da Venezuela e da Am\u00e9rica Latina!<\/strong><\/p>\n<p><strong>Basta de bombardeios criminosos na Venezuela, no Pac\u00edfico e no Caribe!<\/strong><\/p>\n<p><strong>Pela imediata liberta\u00e7\u00e3o de Maduro e de Cilia Flores! Que os presidentes do Brasil, da Col\u00f4mbia e do M\u00e9xico convoquem uma mobiliza\u00e7\u00e3o continental para derrotar a agress\u00e3o colonial de Trump!<\/strong><\/p>\n<p><strong>Que as dire\u00e7\u00f5es dos sindicatos, das centrais sindicais, dos partidos pol\u00edticos e dos movimentos sociais convoquem uma jornada de lutas!<\/strong><\/p>\n<p><strong>Cassa\u00e7\u00e3o imediata de Nikolas Ferreira e todos parlamentares que tenha sugerido que Trump fa\u00e7a o mesmo no Brasil!<\/strong><\/p>\n","protected":false},"excerpt":{"rendered":"<p>Vamos aos atos contra os ataques de Trump na Venezuela e na Am\u00e9rica Latina! Pela liberta\u00e7\u00e3o de Maduro e Cilia Flores! 1 \u2013 Os ataques do imperialismo estadunidense de Donald Trump contra a Venezuela, somados ao sequestro de Maduro e Cilia Flores, representam uma escalada<\/p>\n","protected":false},"author":1,"featured_media":18380,"comment_status":"closed","ping_status":"closed","sticky":false,"template":"","format":"standard","meta":{"footnotes":""},"categories":[5],"tags":[],"class_list":["post-18378","post","type-post","status-publish","format-standard","has-post-thumbnail","hentry","category-nacional"],"_links":{"self":[{"href":"https:\/\/www.cstuit.com\/home\/wp-json\/wp\/v2\/posts\/18378","targetHints":{"allow":["GET"]}}],"collection":[{"href":"https:\/\/www.cstuit.com\/home\/wp-json\/wp\/v2\/posts"}],"about":[{"href":"https:\/\/www.cstuit.com\/home\/wp-json\/wp\/v2\/types\/post"}],"author":[{"embeddable":true,"href":"https:\/\/www.cstuit.com\/home\/wp-json\/wp\/v2\/users\/1"}],"replies":[{"embeddable":true,"href":"https:\/\/www.cstuit.com\/home\/wp-json\/wp\/v2\/comments?post=18378"}],"version-history":[{"count":2,"href":"https:\/\/www.cstuit.com\/home\/wp-json\/wp\/v2\/posts\/18378\/revisions"}],"predecessor-version":[{"id":18381,"href":"https:\/\/www.cstuit.com\/home\/wp-json\/wp\/v2\/posts\/18378\/revisions\/18381"}],"wp:featuredmedia":[{"embeddable":true,"href":"https:\/\/www.cstuit.com\/home\/wp-json\/wp\/v2\/media\/18380"}],"wp:attachment":[{"href":"https:\/\/www.cstuit.com\/home\/wp-json\/wp\/v2\/media?parent=18378"}],"wp:term":[{"taxonomy":"category","embeddable":true,"href":"https:\/\/www.cstuit.com\/home\/wp-json\/wp\/v2\/categories?post=18378"},{"taxonomy":"post_tag","embeddable":true,"href":"https:\/\/www.cstuit.com\/home\/wp-json\/wp\/v2\/tags?post=18378"}],"curies":[{"name":"wp","href":"https:\/\/api.w.org\/{rel}","templated":true}]}}