

	{"id":18535,"date":"2026-04-27T20:06:13","date_gmt":"2026-04-27T23:06:13","guid":{"rendered":"https:\/\/www.cstuit.com\/home\/?p=18535"},"modified":"2026-04-27T20:06:13","modified_gmt":"2026-04-27T23:06:13","slug":"construir-um-1-de-maio-unificado-sem-governos-e-patroes","status":"publish","type":"post","link":"https:\/\/www.cstuit.com\/home\/2026\/04\/27\/construir-um-1-de-maio-unificado-sem-governos-e-patroes\/","title":{"rendered":"Construir um 1 de maio unificado sem governos e patr\u00f5es"},"content":{"rendered":"<p class=\"p2\">A hist\u00f3rica data do primeiro de maio se aproxima, no Brasil ela acontece em um momento de fortes greves, como as das universidades e institutos federais que j\u00e1 abarca 55 unidades, na recente greve da USP e no importante movimento paredista de t\u00e9cnicos e docentes da UERJ. Al\u00e9m de lutas feministas desde dezembro do ano passado e vit\u00f3rias do movimento ind\u00edgena contra a privatiza\u00e7\u00e3o dos rios atrav\u00e9s de ocupa\u00e7\u00f5es no Tapaj\u00f3s e a presente luta das mulheres do m\u00e9dio Xingu contra a Bela Sun.<\/p>\n<p class=\"p2\">Al\u00e9m desse contexto de greves e lutas, os atos do 1\u00ba de maio ocorrem mais uma vez em volta ao debate do fim da escala 6&#215;1 e a necessidade da redu\u00e7\u00e3o da jornada de trabalho. Uma pauta urgente que tem os patr\u00f5es, a m\u00eddia, parlamentares da extrema direita e velha direita se colocando contr\u00e1rios a redu\u00e7\u00e3o de jornada.<span class=\"Apple-converted-space\">\u00a0<\/span><\/p>\n<p class=\"p2\">No bojo da situa\u00e7\u00e3o nacional o governo Lula\/Alckmin chega ao \u00faltimo ano do seu terceiro mandato com as contrarreformas mantidas, sal\u00e1rio m\u00ednimo sem dobrar o valor, tentativa de privatiza\u00e7\u00e3o dos rios e uma pol\u00edtica de reestrutura\u00e7\u00e3o dos correios que joga os custos nas costas dos trabalhadores.Mesmo na pauta do fim da escala 6&#215;1 n\u00e3o passou de palavras.<span class=\"Apple-converted-space\">\u00a0<\/span><\/p>\n<p class=\"p2\">No ponto de vista internacional n\u00e3o rompeu rela\u00e7\u00e3o com o Estado nazisionista de Israel e nem aplicou a lei de reciprocidade contra Trump diante dos tarifa\u00e7os mantendo uma rela\u00e7\u00e3o com o Imperialismo Americano como nada estivesse acontecido e comemorando a declara\u00e7\u00e3o de Trump afirmando que existia uma qu\u00edmica entre eles.<\/p>\n<p class=\"p2\">Ocorrem tamb\u00e9m muitos ataques dos governadores e prefeitos da extrema direita, privatizando setores estrat\u00e9gicos como transportes e saneamento em SP, ataques \u00e0 educa\u00e7\u00e3o, aos servidores municipais; chacinas brutais como as do RJ; viol\u00eancia policial contra os Guarani Kaiow\u00e1, no Mato Grosso do Sul. Governadores e prefeitos apoiadores de Trump e do Holocausto em Gaza.<\/p>\n<p class=\"p2\"><b>Qual \u00e9 o crit\u00e9rio para participar dos atos?<span class=\"Apple-converted-space\">\u00a0<\/span><\/b><\/p>\n<p class=\"p2\">H\u00e1 um debate em torno da constru\u00e7\u00e3o dos atos de primeiro de maio, em nossa opini\u00e3o a ida aos atos se d\u00e1 por alguns aspectos, o primeiro deles \u00e9 o fato de nessas manifesta\u00e7\u00f5es n\u00e3o terem patr\u00f5es, n\u00e3o haver representantes das patronais, n\u00e3o serem atos-festas e obviamente nos guiando pelos eixos que norteiam o ato.Defendemos que seja uma mobiliza\u00e7\u00e3o unit\u00e1ria na defesa das pautas da classe trabalhadora.<\/p>\n<p class=\"p2\">Em Belo Horizonte, por exemplo, o eixo do ato unificado com a CSP Conlutas, CUT, CTB, VAT, v\u00e1rios outros partidos, movimentos e etc \u00e9 sem patr\u00f5es e seus representantes e com pautas hist\u00f3ricas e atuais da classe trabalhadora. E por isso a COMBATE Sindical (CST e independentes) convoca e participa dessa manifesta\u00e7\u00e3o.<\/p>\n<p class=\"p2\">Em SP h\u00e1 tamb\u00e9m um debate sobre a unifica\u00e7\u00e3o dos atos com as demais centrais, o que provavelmente n\u00e3o ocorrer\u00e1. Mas vemos que \u00e9 totalmente poss\u00edvel construir um ato unificado da CSP-CONLUTAS com o tradicional ato da Pastoral Oper\u00e1ria, desde que se tenha paci\u00eancia e habilidade para se chegar em alguns eixos comuns. E buscar a unidade com o VAT.<\/p>\n<p class=\"p2\">No RJ haver\u00e1 um ato convocado pelo VAT e demais centrais sindicais com eixo do fim da escala 6&#215;1. Nesse ato pela redu\u00e7\u00e3o da jornada de trabalho, n\u00e3o h\u00e1 patr\u00f5es e nem representantes dos patr\u00f5es. Ent\u00e3o n\u00f3s podemos participar. Defendemos um bloco das organiza\u00e7\u00f5es classistas e combativas para atuar unificadas dentro dessa manifesta\u00e7\u00e3o, como nossa central a CSP-CONLUTAS, Sindicatos Combativos como Petroleiros e SINTUFF, oposi\u00e7\u00f5es do SEPE, movimento negro e demais setores da esquerda.<\/p>\n<p class=\"p2\">Esse crit\u00e9rio de unidade na luta do conjunto da classe trabalhadora, sem patr\u00f5es e seus representantes, \u00e9 b\u00e1sico para o movimento oper\u00e1rio. Infelizmente esse n\u00e3o tem sido o debate dos companheiros do MRT, organiza\u00e7\u00e3o revolucion\u00e1ria que impulsiona o coletivo combativo Nossa Classe, com o qual fazemos muitas batalhas conjuntas. Em MG eles abandonaram a constru\u00e7\u00e3o unit\u00e1ria justificando sua sa\u00edda pela participa\u00e7\u00e3o da CTB. Na concep\u00e7\u00e3o deles n\u00e3o se pode participar do ato se a CTB estiver. \u00c9 um crit\u00e9rio equivocado. N\u00f3s concordamos com o MRT quando apontam que as principais centrais (CUT\/CTB) deveriam romper a paralisia e construir nas ruas a luta pelo fim da escala 6&#215;1 e n\u00e3o deixar essa pauta \u00e0 merc\u00ea do parlamento. No entanto, acreditamos ser um equ\u00edvoco n\u00e3o ir aos atos pelo fato destas centrais estarem na convocat\u00f3ria da atividade. N\u00f3s avaliamos que \u00e9 importante que esta data seja a mais unit\u00e1ria poss\u00edvel e que reflita as pautas de nossa classe. Se as centrais est\u00e3o no ato o que devemos fazer \u00e9 exigir que se tenha continuidade ap\u00f3s o primeiro de maio e levantar tamb\u00e9m nosso programa e pautas. Nada melhor do que dentro desses atos exigir que eles construam essas jornadas de lutas nas ruas.<span class=\"Apple-converted-space\">\u00a0<\/span><\/p>\n<p class=\"p2\">Por isso tamb\u00e9m, avaliamos que \u00e9 fundamental tentar construir atos conjuntos com o VAT pelo fim da escala 6&#215;1 j\u00e1 que esse movimento aparentemente vai convocar atos em algumas ou v\u00e1rias capitais. Todas as diferen\u00e7as pol\u00edticas e de m\u00e9todo que possam existir com a dire\u00e7\u00e3o majorit\u00e1ria do VAT n\u00e3o podem impedir tentativa de unifica\u00e7\u00e3o da luta pelo fim da 6&#215;1.<\/p>\n<p class=\"p2\"><b>Pela unifica\u00e7\u00e3o dos atos<\/b><\/p>\n<p class=\"p2\">Por isso, em nossa opini\u00e3o \u00e9 importante que se unifiquem os atos no dia 01 de maio e se fortale\u00e7a a luta dos trabalhadores e trabalhadoras, como \u00e9 o caso de BH. Nos atos como o do RJ defendemos um bloco das organiza\u00e7\u00f5es classistas e combativas para atuar unificadas dentro dessas manifesta\u00e7\u00f5es. Onde n\u00e3o for poss\u00edvel a unidade com as centrais majorit\u00e1rias que os setores da esquerda sindical ou atos alternativos busquem se unir, atuando em bloco para construir em conjunto com o VAT. \u00c9 o caso de SP, onde defendemos a unidade da nossa central a CSP- CONLUTAS e com a Pastoral num \u00fanico ato, buscando unidade com o VAT. Pontos como o fim da 6&#215;1, defesa das terras raras contra os EUA, apoio aos grevistas das universidades e luta ind\u00edgena contra Bela Sun, fim dos feminic\u00eddios, apoio ao povo palestino, seguramente podem garantir essa unidade.<\/p>\n<p class=\"p2\">N\u00f3s da Combate Sindical estaremos nos atos levantando a bandeira do internacionalismo e da luta antimperialista contra Trump e em apoio ao povo Palestino e Iraniano exigindo que o governo Lula rompa as rela\u00e7\u00f5es com o estado genocida de Israel. Seguir a solidariedade a Flotilha Global Sumud que navega em dire\u00e7\u00e3o a Gaza levando ajuda humanit\u00e1ria. Pelo fim da escala 6&#215;1, pela revoga\u00e7\u00e3o das contrarreformas trabalhista e da previd\u00eancia, fim do arcabou\u00e7o fiscal e o atendimento das demais pautas da classe trabalhadora. Pela criminaliza\u00e7\u00e3o da misoginia e pelo fim dos feminic\u00eddios. Todo apoio \u00e0 greve das universidades federais.<\/p>\n","protected":false},"excerpt":{"rendered":"<p>A hist\u00f3rica data do primeiro de maio se aproxima, no Brasil ela acontece em um momento de fortes greves, como as das universidades e institutos federais que j\u00e1 abarca 55 unidades, na recente greve da USP e no importante movimento paredista de t\u00e9cnicos e docentes<\/p>\n","protected":false},"author":1,"featured_media":18536,"comment_status":"closed","ping_status":"closed","sticky":false,"template":"","format":"standard","meta":{"footnotes":""},"categories":[5],"tags":[],"class_list":["post-18535","post","type-post","status-publish","format-standard","has-post-thumbnail","hentry","category-nacional"],"_links":{"self":[{"href":"https:\/\/www.cstuit.com\/home\/wp-json\/wp\/v2\/posts\/18535","targetHints":{"allow":["GET"]}}],"collection":[{"href":"https:\/\/www.cstuit.com\/home\/wp-json\/wp\/v2\/posts"}],"about":[{"href":"https:\/\/www.cstuit.com\/home\/wp-json\/wp\/v2\/types\/post"}],"author":[{"embeddable":true,"href":"https:\/\/www.cstuit.com\/home\/wp-json\/wp\/v2\/users\/1"}],"replies":[{"embeddable":true,"href":"https:\/\/www.cstuit.com\/home\/wp-json\/wp\/v2\/comments?post=18535"}],"version-history":[{"count":1,"href":"https:\/\/www.cstuit.com\/home\/wp-json\/wp\/v2\/posts\/18535\/revisions"}],"predecessor-version":[{"id":18537,"href":"https:\/\/www.cstuit.com\/home\/wp-json\/wp\/v2\/posts\/18535\/revisions\/18537"}],"wp:featuredmedia":[{"embeddable":true,"href":"https:\/\/www.cstuit.com\/home\/wp-json\/wp\/v2\/media\/18536"}],"wp:attachment":[{"href":"https:\/\/www.cstuit.com\/home\/wp-json\/wp\/v2\/media?parent=18535"}],"wp:term":[{"taxonomy":"category","embeddable":true,"href":"https:\/\/www.cstuit.com\/home\/wp-json\/wp\/v2\/categories?post=18535"},{"taxonomy":"post_tag","embeddable":true,"href":"https:\/\/www.cstuit.com\/home\/wp-json\/wp\/v2\/tags?post=18535"}],"curies":[{"name":"wp","href":"https:\/\/api.w.org\/{rel}","templated":true}]}}