

	{"id":18538,"date":"2026-04-28T15:14:19","date_gmt":"2026-04-28T18:14:19","guid":{"rendered":"https:\/\/www.cstuit.com\/home\/?p=18538"},"modified":"2026-04-28T15:14:19","modified_gmt":"2026-04-28T18:14:19","slug":"nas-ruas-para-conquistar-uma-saida-da-classe-trabalhadora-fluminense","status":"publish","type":"post","link":"https:\/\/www.cstuit.com\/home\/2026\/04\/28\/nas-ruas-para-conquistar-uma-saida-da-classe-trabalhadora-fluminense\/","title":{"rendered":"Nas ruas para conquistar uma sa\u00edda da classe trabalhadora fluminense"},"content":{"rendered":"<p class=\"s3\"><span style=\"font-family: inherit; font-style: inherit;\">O estado do Rio de Janeiro vive mais uma crise pol\u00edtica reflexo de d\u00e9cadas de governos que espoliaram o estado, alimentaram o crime organizado, incentivaram as chacinas policiais e arrocharam o sal\u00e1rio dos servidores.<\/span><\/p>\n<p class=\"s5\"><span class=\"s4\"><span class=\"bumpedFont15\">O epis\u00f3dio mais recente foi a ren\u00fancia do governador da extrema direita, Cl\u00e1udio Castro (PL), pelo envolvimento <\/span><\/span><span class=\"s4\"><span class=\"bumpedFont15\">em um esquema<\/span><\/span><span class=\"s4\"><span class=\"bumpedFont15\"> de corrup\u00e7\u00e3o que se utilizou das contrata\u00e7\u00f5es tempor\u00e1rias no CEPERJ e UERJ para financiar a sua reelei\u00e7\u00e3o em 2022.<\/span><\/span><\/p>\n<p class=\"s5\"><span class=\"s4\"><span class=\"bumpedFont15\">Castro foi o governador n\u00e3o s\u00f3 dos desvios no CEPERJ e UERJ, mas que comandou mais chacinas, que teve membros do seu governo presos por envolvimento com crime organizado, que atacou fortemente os servidores e teve o presidente do fundo de pens\u00e3o(Rioprevid\u00eancia) preso por investir o dinheiro da aposentadoria dos servidores e pensionistas nos t\u00edtulos podres do Banco Master outro esc\u00e2ndalo nacional que tem tent\u00e1culos no governo do Rio. <\/span><\/span><\/p>\n<p class=\"s5\"><span class=\"s4\"><span class=\"bumpedFont15\">Essa nova\/velha crise revela o apodrecimento de um regime pol\u00edtico onde o governar com o crime \u00e9 a regra. Um estado onde a pol\u00edcia civil e militar e a c\u00fapula do judici\u00e1rio tem not\u00f3rio envolvimento com o crime organizado, o jogo do bicho e as mil\u00edcias.<\/span><\/span><\/p>\n<p class=\"s3\"><strong><span class=\"s2\"><span class=\"bumpedFont15\">ALERJ nunca foi a casa do povo<\/span><\/span><\/strong><\/p>\n<p class=\"s5\"><span class=\"s4\"><span class=\"bumpedFont15\">Assim como no executivo, a ALERJ (Assembleia Legislativa do Estado do Rio de Janeiro) acompanha todas as crises no estado. J\u00e1 teve milicianos deputados presos, condecora\u00e7\u00e3o de matador de aluguel (Adriano da N\u00f3brega condecorado por Fl\u00e1vio Bolsonaro) ex-presidentes presos, e o anterior Rodrigo Bacelar (Uni\u00e3o Brasil) perdeu o mandato por corrup\u00e7\u00e3o e est\u00e1 preso acusado de ser o bra\u00e7o pol\u00edtico do CV.<\/span><\/span><\/p>\n<p class=\"s5\"><span class=\"s4\"><span class=\"bumpedFont15\">Agora os deputados elegeram um novo presidente para ALERJ (Deputado Douglas Ruas\/PL aliado de Cl\u00e1udio Castro) para manter tudo como est\u00e1, pois \u00e9 o candidato do PL ao governo do Rio. Para n\u00e3o fugir \u00e0 regra de quem senta na cadeira, j\u00e1 tem den\u00fancias de que a sua mulher foi s\u00f3cia do empres\u00e1rio Carlos Freitas Neves, que obteve um contrato sem licita\u00e7\u00e3o de R$ 732 mil na prefeitura de S\u00e3o Gon\u00e7alo, comandada justamente pelo pai do deputado.<\/span><\/span><\/p>\n<p class=\"s3\"><strong><span class=\"s2\"><span class=\"bumpedFont15\">Falta uma oposi\u00e7\u00e3o combativa no Rio de janeiro<\/span><\/span><\/strong><\/p>\n<p class=\"s5\"><span class=\"s4\"><span class=\"bumpedFont15\">N\u00e3o \u00e9 de hoje que os mais diversos governos atacam a popula\u00e7\u00e3o e a rea\u00e7\u00e3o das grandes centrais sindicais e mesmo de partidos que se dizem da oposi\u00e7\u00e3o, e hoje s\u00e3o parte da Frente Ampla lulista, \u00e9 quase nenhuma. Por exemplo, PT e PCdoB apoiaram o governo Cabral. O PSOL, que antes era oposi\u00e7\u00e3o, junto com esses mesmos partidos votou pela elei\u00e7\u00e3o de Rodrigo Bacelar \u00e0 presid\u00eancia da ALERJ, preso por envolvimento com o Comando Vermelho.<\/span><\/span><\/p>\n<p class=\"s5\"><span class=\"s4\"><span class=\"bumpedFont15\">O PSOL perdeu seu car\u00e1ter independente ao ingressar no governo Lula e por conta de acordos eleitorais e palacianos est\u00e1 de mala e cuia no palanque de Eduardo Paes, um pol\u00edtico tradicional do estado que esteve envolvidos em todos os esquemas de poder de Cabral e Pez\u00e3o e que sempre governou contra a classe trabalhadora. N\u00e3o por acaso barrou a candidatura do governador Glauber Braga, da esquerda do PSOL, para favorecer a campanha de Eduardo Paes.<\/span><\/span><\/p>\n<p class=\"s5\"><span class=\"s4\"><span class=\"bumpedFont15\">Tamb\u00e9m no \u00e2mbito sindical pouco se faz para combater as medidas contra os servidores em particular da educa\u00e7\u00e3o que padecem h\u00e1 tempos com sal\u00e1rios muito baixos e acordos descumpridos. Por exemplo, nesse momento os t\u00e9cnicos e docentes da UERJ est\u00e3o em greve por justamente falta de recomposi\u00e7\u00e3o salarial e no or\u00e7amento da universidade.<\/span><\/span><\/p>\n<p class=\"s5\"><span class=\"s4\"><span class=\"bumpedFont15\">Isso \u00e9 bastante grave porque n\u00e3o vai se alterar a situa\u00e7\u00e3o do Rio atrav\u00e9s da concilia\u00e7\u00e3o ou quase nenhuma mobiliza\u00e7\u00e3o contra os nossos inimigos. Essa pol\u00edtica vai na contram\u00e3o da necessidade de se construir uma oposi\u00e7\u00e3o que combata a velha direita e a extrema direita no estado.<\/span><\/span><\/p>\n<p class=\"s3\"><strong><span class=\"s2\"><span class=\"bumpedFont15\">Chega de empres\u00e1rios, pol\u00edticos e intui\u00e7\u00f5es corruptas e mafiosas<\/span><\/span><\/strong><\/p>\n<p class=\"s5\"><span class=\"s4\"><span class=\"bumpedFont15\">Defendemos a puni\u00e7\u00e3o de todos os pol\u00edticos, ju\u00edzes, policiais, empres\u00e1rios, banqueiros e empresas envolvidos nos esquemas de corrup\u00e7\u00e3o, com o crime organizado e com as mil\u00edcias. Cassa\u00e7\u00e3o de mandatos, exonera\u00e7\u00e3o, de todos os envolvidos e confisco de bens. Fim da PM e da Pol\u00edcia Civil corruptas, assassinas e milicianas. Defendemos a abertura de sigilo banc\u00e1rio, fiscal, telef\u00f4nico, das redes sociais de todos os investigados e que uma comiss\u00e3o independente formada pela OAB, Centrais Sindicais, movimentos populares apure os fatos e acompanhe as investiga\u00e7\u00f5es. Pela expropria\u00e7\u00e3o das empresas envolvidas, atrav\u00e9s da estatiza\u00e7\u00e3o sob controle dos trabalhadores. Pela anula\u00e7\u00e3o de todas as medidas contra a classe trabalhadora e setores populares aplicadas pelos governos corruptos.<\/span><\/span><\/p>\n<p class=\"s3\"><strong><span class=\"s2\"><span class=\"bumpedFont15\">Um programa econ\u00f4mico alternativo<\/span><\/span><\/strong><\/p>\n<p class=\"s5\"><span class=\"s4\"><span class=\"bumpedFont15\">Defendemos tamb\u00e9m o atendimento das reivindica\u00e7\u00f5es dos grevistas da UERJ, dos professores e demais servidores estaduais; por reajuste salarial, fim da 6&#215;1 e redu\u00e7\u00e3o salarial; reestatiza\u00e7\u00e3o da CEDAE, BANERJ, Trens e Metr\u00f4, e demais setores privatizados, colocando-os sob controle da classe trabalhadora; fim das opera\u00e7\u00f5es policiais nas favelas e puni\u00e7\u00e3o dos respons\u00e1veis civis e militares. Fim dos feminic\u00eddios e puni\u00e7\u00e3o aos feminicidas, protocolos de combate \u00e0 viol\u00eancia machista em todas as escolas, e \u00f3rg\u00e3os p\u00fablicos. <\/span><\/span><\/p>\n<p class=\"s3\"><strong><span class=\"s2\"><span class=\"bumpedFont15\">Campanha unit\u00e1ria contra o governo interino de Ricardo Couto e as elei\u00e7\u00f5es indiretas<\/span><\/span><\/strong><\/p>\n<p class=\"s5\"><span class=\"s4\"><span class=\"bumpedFont15\">O que fica claro em toda essa situa\u00e7\u00e3o \u00e9 que continuando a governar os mesmos setores pol\u00edticos que roubaram o Rio de Janeiro e retiram direitos da classe trabalhadora nada mudar\u00e1. Rejeitamos o governo interino de Ricardo Couto (atual presidente do corrupto e antipopular Tribunal de Justi\u00e7a do RJ). Combatemos a interfer\u00eancia antidemocr\u00e1tica do STF, atrav\u00e9s do Ministro Petista Zanin, que manteve Couto no cargo de governador e a maioria de votos do STF pelas elei\u00e7\u00f5es indiretas. Por outro lado, tamb\u00e9m lutamos contra a proposta de que o novo presidente da ALERJ, Douglas Ruas (PL), assuma o governo. A linha sucess\u00f3ria do Rio de Janeiro est\u00e1 totalmente podre e n\u00e3o tem legitimidade. Do mesmo modo o STF, antipopular e envolvidos at\u00e9 a \u00faltima toga no esc\u00e2ndalo do banco master. As elei\u00e7\u00f5es indiretas s\u00e3o a posi\u00e7\u00e3o do TSE.<\/span><\/span><\/p>\n<p class=\"s5\"><span class=\"s4\"><span class=\"bumpedFont15\">\u00c9 absurdo que pol\u00edticos da ALERJ, ministros do STF, o TSE, imponham quem governa o RJ interinamente e tentem impor uma elei\u00e7\u00e3o indireta, onde s\u00f3 deputados da ALERJ votam e decidem quem seria o novo governador. \u00c9 colocar a raposa para tomar conta do galinheiro.<\/span><\/span><\/p>\n<p class=\"s5\"><span class=\"s4\"><span class=\"bumpedFont15\">Recha\u00e7amos totalmente a elei\u00e7\u00e3o indireta, onde o governador vai ser eleito pela corrupta ALERJ, e defendemos uma sa\u00edda vindo das mobiliza\u00e7\u00f5es e das ruas. Por isso batalhamos para que o SEPE, o comando de greve da UERJ, a CUT, DCEs como o da UFRJ, entidades democr\u00e1ticas como OAB e ABI, movimentos negros, realizem uma forte manifesta\u00e7\u00e3o contra o governo interino ileg\u00edtimo e a manobra da ALERJ e STF das elei\u00e7\u00f5es indiretas.<\/span><\/span><\/p>\n<p class=\"s3\"><strong><span class=\"s2\"><span class=\"bumpedFont15\">As elei\u00e7\u00f5es diretas do PSD de Eduardo Paes n\u00e3o s\u00e3o \u00e9 uma boa solu\u00e7\u00e3o democr\u00e1tica<\/span><\/span><\/strong><\/p>\n<p class=\"s5\"><span class=\"s4\"><span class=\"bumpedFont15\">O atual prefeito do Rio de Janeiro, tenta surfar na crise, com uma a\u00e7\u00e3o ao STF pedindo elei\u00e7\u00f5es diretas para o mandato tamp\u00e3o de governador do RJ. Logicamente uma elei\u00e7\u00e3o direta \u00e9 mais democr\u00e1tico que a indireta, por\u00e9m a atual proposta de Eduardo Paes n\u00e3o \u00e9 uma boa solu\u00e7\u00e3o para a classe trabalhadora.<\/span><\/span><\/p>\n<p class=\"s5\"><span class=\"s4\"><span class=\"bumpedFont15\">Primeiro porque semeia ilus\u00f5es no STF e n\u00e3o modifica o atual esquema da ALERJ, Judici\u00e1rio e das pol\u00edcias. Segundo que ser\u00e1 um mandato curto de 8 meses, que somente beneficia quem for eleito pois ir\u00e1 disputar a pr\u00f3xima elei\u00e7\u00e3o de outubro com chave do cofre e ter\u00e1 mais condi\u00e7\u00f5es de se reeleger para um mandato de 4 anos. Terceiro, os partidos da ALERJ, em sua ampla maioria, est\u00e3o com rabo preso com essa crise. Uma elei\u00e7\u00e3o agora, sem eleger todos, do governador aos deputados, ser\u00e1 enxugar gelo e manter a crise que j\u00e1 dura mais de uma d\u00e9cada.<\/span><\/span><\/p>\n<p class=\"s5\"><span class=\"s4\"><span class=\"bumpedFont15\">Uma elei\u00e7\u00e3o direta s\u00f3 seria verdadeiramente democr\u00e1tica se permitisse o lan\u00e7amento de candidaturas independentes, por fora dos atuais conchavos da ALERJ. Isso essa democracia dos ricos n\u00e3o prev\u00ea e vai sempre barrar.<\/span><\/span><\/p>\n<p class=\"s5\"><span class=\"s4\"><span class=\"bumpedFont15\">O \u00fanico intuito de Eduardo Paes \u00e9 favorecer e trocar de cargo, e do Pal\u00e1cio Laranjeiras seguir os ataques contra a classe trabalhadora.<\/span><\/span><\/p>\n<p class=\"s3\"><strong><span class=\"s2\"><span class=\"bumpedFont15\">Por uma assembleia constituinte livre e soberana no RJ<\/span><\/span><\/strong><\/p>\n<p class=\"s5\"><span class=\"s4\"><span class=\"bumpedFont15\">Em nossa luta contra os pol\u00edticos e institui\u00e7\u00f5es corruptas defendemos a mobiliza\u00e7\u00e3o dos trabalhadores e do povo para impor uma sa\u00edda verdadeiramente democr\u00e1tica: a elei\u00e7\u00e3o de uma Assembleia Constituinte Livre e Soberana para debater a ordem pol\u00edtica, jur\u00eddica e econ\u00f4mica do RJ e reorganizar o estado a servi\u00e7o dos trabalhadores e do povo.<\/span><\/span><\/p>\n<p class=\"s5\"><span class=\"s4\"><span class=\"bumpedFont15\">Nessa Assembleia Constituinte devemos permitir o lan\u00e7amento de candidatos independentes, sem necessidade de filia\u00e7\u00e3o aos atuais partidos, com tempo de TV e R\u00e1dio e acesso aos debates de forma igual para todos, bem como financiamento de campanha igualit\u00e1rio garantindo recursos para impulsionar propaganda nas redes e impress\u00e3o de materiais em igualdade de condi\u00e7\u00f5es. Defendemos a legalidade de todas as organiza\u00e7\u00f5es pol\u00edticas democr\u00e1ticas, socialistas, comunistas e da classe trabalhadora para que possam lan\u00e7ar suas candidaturas com plenos direitos.<\/span><\/span><\/p>\n<p class=\"s5\"><span class=\"s4\"><span class=\"bumpedFont15\">Nela defenderemos um programa econ\u00f4mico alternativo combinado com as propostas emergenciais das greves e lutas populares. Para desmantelar o aparelho repressivo das policiais, pondo fim a PM e a Pol\u00edcia Civil, impor a elei\u00e7\u00e3o de toda c\u00fapula do judici\u00e1rio, dentre outras medidas.<\/span><\/span><\/p>\n<p class=\"s5\"><span class=\"s4\"><span class=\"bumpedFont15\">Desta forma, aplicamos uma proposta verdadeiramente democr\u00e1tica para lutar contra essa falsa democracia dos banqueiros, empreiteiros e lutar por medidas em favor dos trabalhadores, desempregados, da classe m\u00e9dia, dos camponeses e da juventude.<\/span><\/span><\/p>\n<p class=\"s3\"><strong><span class=\"s2\"><span class=\"bumpedFont15\">Nas ruas para conquistar uma sa\u00edda da classe trabalhadora<\/span><\/span><\/strong><\/p>\n<p class=\"s5\"><span class=\"s4\"><span class=\"bumpedFont15\">A CST defende uma sa\u00edda oper\u00e1ria e popular, nas ruas, apostando na auto-organiza\u00e7\u00e3o da classe trabalhadora e movimentos sociais. <\/span><\/span><\/p>\n<p class=\"s5\"><span class=\"s4\"><span class=\"bumpedFont15\">Exigimos que a CUT, CTB, Sindicatos como SEPE, MTST, MST, o comando de greve da UERJ, DCEs como o da UFRJ, entre outras, convoquem urgentemente uma Assembleia Geral da classe trabalhadora fluminense para decidir o que fazer frente \u00e0 crise e ver como aplicar as propostas alternativas.<\/span><\/span><\/p>\n<p class=\"s5\"><span class=\"s4\"><span class=\"bumpedFont15\">A convoca\u00e7\u00e3o dessa assembleia seria fundamental para debater a\u00e7\u00f5es diante de mais uma crise no estado do Rio de Janeiro e para impulsionar a mobiliza\u00e7\u00e3o pela pris\u00e3o de Cl\u00e1udio Castro e todos os envolvidos nos esc\u00e2ndalos do CEPERJ e nos esquemas perpetrados pelo crime organizado no estado do Rio de Janeiro.<\/span><\/span><\/p>\n<p class=\"s3\"><strong><span class=\"s2\"><span class=\"bumpedFont15\">Por um governo da classe trabalhadora e dos setores populares no RJ<\/span><\/span><\/strong><\/p>\n<p class=\"s5\"><span class=\"s4\"><span class=\"bumpedFont15\">Hoje temos um governo interino ileg\u00edtimo, que ningu\u00e9m elegeu. Muito mais democr\u00e1tico seria atrav\u00e9s da auto-organiza\u00e7\u00e3o popular impor um governo nosso, dos que nunca governaram. Dos que ganham a vida honestamente pagando suas contas com o suor de seu trabalho. Um governo provis\u00f3rio dos grevistas da UERJ, dos professores do SEPE, SINDJUSTI\u00c7A, SINTSAMA, de trabalhadores e setores populares eleitos em suas assembleias. Pela constru\u00e7\u00e3o de um governo dos trabalhadores sem mil\u00edcias, banqueiros e corruptos.<\/span><\/span><\/p>\n<p class=\"s5\"><span class=\"s4\"><span class=\"bumpedFont15\">De nossa parte, n\u00e3o h\u00e1 sa\u00edda para a crise que n\u00e3o seja sob um governo dos trabalhadores, capaz de colocar os recursos estaduais a servi\u00e7o da popula\u00e7\u00e3o, investindo em sa\u00fade, educa\u00e7\u00e3o, seguran\u00e7a, cultura, transporte estatal, concursos p\u00fablicos, casas populares e obras de infraestrutura, gerando emprego e renda para o povo.<\/span><\/span><\/p>\n","protected":false},"excerpt":{"rendered":"<p>O estado do Rio de Janeiro vive mais uma crise pol\u00edtica reflexo de d\u00e9cadas de governos que espoliaram o estado, alimentaram o crime organizado, incentivaram as chacinas policiais e arrocharam o sal\u00e1rio dos servidores. O epis\u00f3dio mais recente foi a ren\u00fancia do governador da extrema<\/p>\n","protected":false},"author":1,"featured_media":18539,"comment_status":"closed","ping_status":"closed","sticky":false,"template":"","format":"standard","meta":{"footnotes":""},"categories":[5],"tags":[],"class_list":["post-18538","post","type-post","status-publish","format-standard","has-post-thumbnail","hentry","category-nacional"],"_links":{"self":[{"href":"https:\/\/www.cstuit.com\/home\/wp-json\/wp\/v2\/posts\/18538","targetHints":{"allow":["GET"]}}],"collection":[{"href":"https:\/\/www.cstuit.com\/home\/wp-json\/wp\/v2\/posts"}],"about":[{"href":"https:\/\/www.cstuit.com\/home\/wp-json\/wp\/v2\/types\/post"}],"author":[{"embeddable":true,"href":"https:\/\/www.cstuit.com\/home\/wp-json\/wp\/v2\/users\/1"}],"replies":[{"embeddable":true,"href":"https:\/\/www.cstuit.com\/home\/wp-json\/wp\/v2\/comments?post=18538"}],"version-history":[{"count":1,"href":"https:\/\/www.cstuit.com\/home\/wp-json\/wp\/v2\/posts\/18538\/revisions"}],"predecessor-version":[{"id":18540,"href":"https:\/\/www.cstuit.com\/home\/wp-json\/wp\/v2\/posts\/18538\/revisions\/18540"}],"wp:featuredmedia":[{"embeddable":true,"href":"https:\/\/www.cstuit.com\/home\/wp-json\/wp\/v2\/media\/18539"}],"wp:attachment":[{"href":"https:\/\/www.cstuit.com\/home\/wp-json\/wp\/v2\/media?parent=18538"}],"wp:term":[{"taxonomy":"category","embeddable":true,"href":"https:\/\/www.cstuit.com\/home\/wp-json\/wp\/v2\/categories?post=18538"},{"taxonomy":"post_tag","embeddable":true,"href":"https:\/\/www.cstuit.com\/home\/wp-json\/wp\/v2\/tags?post=18538"}],"curies":[{"name":"wp","href":"https:\/\/api.w.org\/{rel}","templated":true}]}}