

	{"id":18541,"date":"2026-04-28T15:48:48","date_gmt":"2026-04-28T18:48:48","guid":{"rendered":"https:\/\/www.cstuit.com\/home\/?p=18541"},"modified":"2026-04-28T15:55:28","modified_gmt":"2026-04-28T18:55:28","slug":"todo-apoio-ao-companheiro-ze-maria-nenhum-defensor-da-palestina-pode-ser-calado-ou-preso","status":"publish","type":"post","link":"https:\/\/www.cstuit.com\/home\/2026\/04\/28\/todo-apoio-ao-companheiro-ze-maria-nenhum-defensor-da-palestina-pode-ser-calado-ou-preso\/","title":{"rendered":"Todo apoio ao companheiro Z\u00e9 Maria! Nenhum defensor da Palestina pode ser calado ou preso!"},"content":{"rendered":"<p><strong>1-<\/strong> Soubemos hoje que a Justi\u00e7a condenou o presidente do PSTU, Jos\u00e9 Maria Almeida, a 2 anos de pris\u00e3o domiciliar por ter feito um discurso em defesa do povo palestino. Trata-se de uma decis\u00e3o arbitr\u00e1ria, injusta, ileg\u00edtima e ilegal, que fere o direito \u00e0 liberdade de express\u00e3o.<\/p>\n<p><strong>1.1-<\/strong> O processo foi movido por sionistas que defendem o genoc\u00eddio na Faixa de Gaza. Trata-se de uma a\u00e7\u00e3o para tentar calar, intimidar e prender os defensores da causa palestina. Muitos j\u00e1 foram atacados, como Breno Altman, Luciana Genro e nosso camarada Bab\u00e1, al\u00e9m de in\u00fameras lideran\u00e7as da combativa Frente Palestina de SP, como ocorre agora com Rawa. Ou ainda a recente multa contra o Bar Partisan, no RJ. Algo que o PL de Tabata Amaral tenta aprofundar.<\/p>\n<p><strong>Alega\u00e7\u00f5es sem fundamento<\/strong><\/p>\n<p><strong>2-<\/strong> As alega\u00e7\u00f5es para a condena\u00e7\u00e3o arbitr\u00e1ria de Z\u00e9 Maria s\u00e3o sem fundamento. Denunciar o enclave colonial de Israel, que massacra os palestinos, nada tem de racismo. Significa defender um povo que sofre racismo e apartheid e \u00e9 esmagado por pol\u00edticas de terrorismo estatal e pelo colonialismo que usurpa as terras palestinas desde 1948. N\u00e3o por acaso o presidente da Rep\u00fablica, Lula da Silva, denunciou o que ocorre em Gaza como um holocausto.<\/p>\n<p><strong>2.1-<\/strong> O Tribunal Internacional condenou o atual presidente de Israel por crimes de guerra. In\u00fameras decis\u00f5es da ONU contrariam a\u00e7\u00f5es racistas e col\u00f4nias de Israel. Essas decis\u00f5es s\u00e3o desrespeitadas por Israel, a come\u00e7ar pela ocupa\u00e7\u00e3o ilegal de \u00e1reas n\u00e3o previstas em 1948, como Jerusal\u00e9m Oriental, Cisjord\u00e2nia, as Colinas S\u00edrias de Gol\u00e3, al\u00e9m da conven\u00e7\u00e3o que condena o apartheid como crime contra a humanidade. Isso comprova que os verdadeiros racistas s\u00e3o os sionistas do enclave colonial de Israel. Algo que \u00e9 dito por muitos judeus pelo mundo, muitos dos quais est\u00e3o nas manifesta\u00e7\u00f5es da Frente Palestina. Z\u00e9 Maria e todos os defensores da Palestina s\u00e3o antissionistas, n\u00e3o antissemitas.<\/p>\n<p><strong>3-<\/strong> Outra alega\u00e7\u00e3o \u00e9 a seguinte fala de Z\u00e9 Maria: \u201c<em>Todo ato de for\u00e7a, todo ato de viol\u00eancia do povo palestino contra o sionismo \u00e9 leg\u00edtimo e n\u00f3s temos de apoiar<\/em>\u201d. \u00c9 absurdo que um tribunal condene algu\u00e9m por declarar essa frase. O que o companheiro Z\u00e9 Maria disse \u00e9 correto. Trata-se de um pensamento democr\u00e1tico. A legitimidade e legalidade da resist\u00eancia palestina \u00e9 garantida at\u00e9 mesmo nas resolu\u00e7\u00f5es da ONU, uma entidade constru\u00edda pelo imperialismo. A Resolu\u00e7\u00e3o 3103 da ONU, de dezembro de 1973, disp\u00f5e sobre as lutas anticoloniais e prev\u00ea aos povos subjugados pela coloniza\u00e7\u00e3o a legitimidade do uso da for\u00e7a e da resist\u00eancia armada como mecanismo de autodefesa e da luta de liberta\u00e7\u00e3o nacional e anticolonial.<\/p>\n<p><strong>3.1-<\/strong> Por outro lado, o sionismo j\u00e1 demonstrou em Gaza o car\u00e1ter expansivo e agressivo de sua pol\u00edtica de \u201cGrande Israel\u201d. O que ocorre em Gaza \u00e9 o esmagamento f\u00edsico de todas as organiza\u00e7\u00f5es populares, como fez o fascismo; \u00e9 uma pol\u00edtica racista que assassina um povo em campos de concentra\u00e7\u00e3o, como fez o nazismo. O direito de lutar e de se defender com atos de for\u00e7a para responder \u00e0 viol\u00eancia fascista e nazista \u00e9 leg\u00edtimo e legal, como fizeram os judeus no levante armado do Gueto de Vars\u00f3via. Ali\u00e1s, foi por esse motivo que um movimento de massas de car\u00e1ter nacional imp\u00f4s a declara\u00e7\u00e3o de guerra do Brasil ao Eixo e que se constituiu a FEB (For\u00e7a Expedicion\u00e1ria Brasileira) para combater as for\u00e7as fascistas e nazistas do Eixo na Segunda Guerra Mundial.<\/p>\n<p><strong>4-<\/strong> O discurso de Z\u00e9 Maria \u00e9 correto e leg\u00edtimo e est\u00e1 baseado na defesa hist\u00f3rica do povo palestino, como fazem os lutadores das frentes e comit\u00eas de apoio a esse povo. Responde politicamente ao que o presidente da Rep\u00fablica qualificou como genoc\u00eddio. Tem amparo legal nas decis\u00f5es do Tribunal Internacional e da ONU sobre a luta anticolonial. Est\u00e1 de acordo com o papel que o Brasil desempenhou na Segunda Guerra Mundial na luta contra o fascismo e o nazismo.<\/p>\n<p><strong>5-<\/strong> A defesa do fim do enclave sionista est\u00e1 baseada na defesa de uma Palestina laica, democr\u00e1tica e n\u00e3o racista, onde \u00e1rabes, judeus e crist\u00e3os possam conviver sem discrimina\u00e7\u00e3o racista e tenham liberdade para viver, exercer sua cultura, praticar seus costumes e manifestar sua religiosidade sem persegui\u00e7\u00f5es. Ningu\u00e9m pode ser punido por isso.<\/p>\n<p><strong>Ampla unidade de a\u00e7\u00e3o para defender Z\u00e9 Maria<\/strong><\/p>\n<p><strong>6-<\/strong> Repudiamos a persegui\u00e7\u00e3o sionista contra o companheiro Z\u00e9 Maria. \u00c9 necess\u00e1rio se manifestar fortemente para revogar essa condena\u00e7\u00e3o e impedir que o companheiro amargue 2 anos de pris\u00e3o. Seria um precedente terr\u00edvel para todas e todos os defensores da causa palestina e dos direitos humanos.<\/p>\n<p><strong>7-<\/strong> Z\u00e9 Maria \u00e9 um dirigente hist\u00f3rico da classe oper\u00e1ria e da esquerda socialista latino-americana. Lutador contra a ditadura militar, amargando pris\u00f5es e torturas junto a camaradas da Liga Oper\u00e1ria e da CS. Foi proponente da resolu\u00e7\u00e3o de funda\u00e7\u00e3o do PT no congresso metal\u00fargico de Lins, fundador da CUT e sempre defendeu o povo palestino. Merece um amplo apoio de todos os partidos, movimentos e entidades da classe trabalhadora, populares e organiza\u00e7\u00f5es democr\u00e1ticas de nosso pa\u00eds e da Am\u00e9rica Latina.<\/p>\n<p><strong>8-<\/strong> A CST defendemos a realiza\u00e7\u00e3o de uma campanha unificada, nacional e internacional, com pronunciamento e manifesta\u00e7\u00f5es de rep\u00fadio a condena\u00e7\u00e3o e de solidariedade ao camarada Z\u00e9 Maria.<\/p>\n<p>&nbsp;<\/p>\n<p>28\/04\/26<br \/>\nCST \u2013 Corrente Socialista de Trabalhadoras e Trabalhadores<\/p>\n<p>&nbsp;<\/p>\n","protected":false},"excerpt":{"rendered":"<p>1- Soubemos hoje que a Justi\u00e7a condenou o presidente do PSTU, Jos\u00e9 Maria Almeida, a 2 anos de pris\u00e3o domiciliar por ter feito um discurso em defesa do povo palestino. Trata-se de uma decis\u00e3o arbitr\u00e1ria, injusta, ileg\u00edtima e ilegal, que fere o direito \u00e0 liberdade<\/p>\n","protected":false},"author":1,"featured_media":18542,"comment_status":"closed","ping_status":"closed","sticky":false,"template":"","format":"standard","meta":{"footnotes":""},"categories":[8],"tags":[],"class_list":["post-18541","post","type-post","status-publish","format-standard","has-post-thumbnail","hentry","category-debates-socialistas"],"_links":{"self":[{"href":"https:\/\/www.cstuit.com\/home\/wp-json\/wp\/v2\/posts\/18541","targetHints":{"allow":["GET"]}}],"collection":[{"href":"https:\/\/www.cstuit.com\/home\/wp-json\/wp\/v2\/posts"}],"about":[{"href":"https:\/\/www.cstuit.com\/home\/wp-json\/wp\/v2\/types\/post"}],"author":[{"embeddable":true,"href":"https:\/\/www.cstuit.com\/home\/wp-json\/wp\/v2\/users\/1"}],"replies":[{"embeddable":true,"href":"https:\/\/www.cstuit.com\/home\/wp-json\/wp\/v2\/comments?post=18541"}],"version-history":[{"count":4,"href":"https:\/\/www.cstuit.com\/home\/wp-json\/wp\/v2\/posts\/18541\/revisions"}],"predecessor-version":[{"id":18546,"href":"https:\/\/www.cstuit.com\/home\/wp-json\/wp\/v2\/posts\/18541\/revisions\/18546"}],"wp:featuredmedia":[{"embeddable":true,"href":"https:\/\/www.cstuit.com\/home\/wp-json\/wp\/v2\/media\/18542"}],"wp:attachment":[{"href":"https:\/\/www.cstuit.com\/home\/wp-json\/wp\/v2\/media?parent=18541"}],"wp:term":[{"taxonomy":"category","embeddable":true,"href":"https:\/\/www.cstuit.com\/home\/wp-json\/wp\/v2\/categories?post=18541"},{"taxonomy":"post_tag","embeddable":true,"href":"https:\/\/www.cstuit.com\/home\/wp-json\/wp\/v2\/tags?post=18541"}],"curies":[{"name":"wp","href":"https:\/\/api.w.org\/{rel}","templated":true}]}}