

	{"id":18548,"date":"2026-04-29T21:18:15","date_gmt":"2026-04-30T00:18:15","guid":{"rendered":"https:\/\/www.cstuit.com\/home\/?p=18548"},"modified":"2026-04-29T21:18:15","modified_gmt":"2026-04-30T00:18:15","slug":"ato-unitario-do-1o-de-maio-na-praca-de-maio-comunicado-de-imprensa-do-po-is-mst-no-fit-unidade","status":"publish","type":"post","link":"https:\/\/www.cstuit.com\/home\/2026\/04\/29\/ato-unitario-do-1o-de-maio-na-praca-de-maio-comunicado-de-imprensa-do-po-is-mst-no-fit-unidade\/","title":{"rendered":"Ato Unit\u00e1rio do 1\u00ba de Maio na Pra\u00e7a de Maio \/ Comunicado de imprensa do PO &#8211; IS &#8211; MST no FIT Unidade"},"content":{"rendered":"<p>Neste 1\u00ba de maio, convocamos uma manifesta\u00e7\u00e3o massiva e unificada na Plaza de Mayo. Uma manifesta\u00e7\u00e3o de luta contra o governo de extrema direita de Milei, que acaba de aprovar, com a cumplicidade do peronismo, uma reforma trabalhista escravocrata e uma lei para destruir as geleiras, entregando a \u00e1gua e a cordilheira \u00e0s multinacionais de minera\u00e7\u00e3o.<\/p>\n<p>Vamos nos mobilizar para derrotar o plano de corte radical de Milei, dos governantes, de Trump e do FMI, que ataca os direitos mais elementares e b\u00e1sicos do povo trabalhador: os sal\u00e1rios, as aposentadorias, o emprego, a educa\u00e7\u00e3o e a sa\u00fade p\u00fablicas, bem como os direitos democr\u00e1ticos b\u00e1sicos, e o faz com repress\u00e3o.<\/p>\n<p>Vamos levantar a voz contra a cumplicidade da CGT e do peronismo, porque precisamos de uma greve geral e de um plano de luta nacional para acabar com este plano de ajuste brutal, entrega e subjuga\u00e7\u00e3o deste governo anti trabalhador de Milei e abrir caminho para uma sa\u00edda oper\u00e1ria e socialista diante do desastre para o qual nos levaram todas as variantes patronais que governaram nosso pa\u00eds.<\/p>\n<p>Convocamos este ato em apoio a todas as lutas: a luta da FATE, contra os processos disciplinares e a persegui\u00e7\u00e3o no Hospital Garrahan; a luta do corpo docente em geral e das universidades; a dos piqueteros contra o encerramento do programa \u201cVoltar ao Trabalho\u201d; a dos funcion\u00e1rios p\u00fablicos; as lutas socioambientais contra a pilhagem extrativista; e a das mulheres e das pessoas de identidades n\u00e3o bin\u00e1rias. Exigimos a reintegra\u00e7\u00e3o de todos os demitidos e a liberdade de todos os presos por lutar.<\/p>\n<p>Vamos organizar um ato internacionalista condenando a agress\u00e3o imperialista dos Estados Unidos e de Israel contra o Ir\u00e3 e o L\u00edbano, num momento em que partiu rumo a Gaza uma nova Flotilha Global Sumud em apoio ao povo palestino e contra o genoc\u00eddio do sionismo israelense. Uma a\u00e7\u00e3o internacionalista com milhares de ativistas, levando ajuda humanit\u00e1ria a Gaza e com o objetivo de romper o bloqueio criminoso do assassino Netanyahu. Exigimos a absolvi\u00e7\u00e3o e o arquivamento dos processos contra Vanina Biasi e Alejandro Bodart, porque denunciar um genoc\u00eddio n\u00e3o \u00e9 crime.<\/p>\n<p>Dessa forma, o com\u00edcio de 1\u00ba de maio no pa\u00eds se unir\u00e1 a outros com\u00edcios e mobiliza\u00e7\u00f5es em todo o mundo, condenando todos os governos capitalistas. Quando a barb\u00e1rie capitalista-imperialista se agrava mais do que nunca, a FIT Unidade tem a tarefa de conquistar as ruas em massa, levantando a voz, com um ato de independ\u00eancia de classe contra todas as variantes pol\u00edticas patronais.<\/p>\n<p>Por isso, convocamos a mobiliza\u00e7\u00e3o na Plaza de Mayo no dia 1\u00ba de maio e propomos ao PTS, que anunciou um ato pr\u00f3prio, a necessidade de se unir a um ato conjunto da FIT Unidade para unir for\u00e7as nas ruas, que fortale\u00e7a a luta contra o governo de Milei e por todas as reivindica\u00e7\u00f5es da classe trabalhadora no caminho da greve geral e do governo dos trabalhadores.<\/p>\n<p>PO \u2013 IS \u2013 MST na Frente de Esquerda<\/p>\n","protected":false},"excerpt":{"rendered":"<p>Neste 1\u00ba de maio, convocamos uma manifesta\u00e7\u00e3o massiva e unificada na Plaza de Mayo. Uma manifesta\u00e7\u00e3o de luta contra o governo de extrema direita de Milei, que acaba de aprovar, com a cumplicidade do peronismo, uma reforma trabalhista escravocrata e uma lei para destruir as<\/p>\n","protected":false},"author":1,"featured_media":18549,"comment_status":"closed","ping_status":"closed","sticky":false,"template":"","format":"standard","meta":{"footnotes":""},"categories":[6],"tags":[40,31,1002],"class_list":["post-18548","post","type-post","status-publish","format-standard","has-post-thumbnail","hentry","category-internacional","tag-argentina","tag-internacional","tag-luta"],"_links":{"self":[{"href":"https:\/\/www.cstuit.com\/home\/wp-json\/wp\/v2\/posts\/18548","targetHints":{"allow":["GET"]}}],"collection":[{"href":"https:\/\/www.cstuit.com\/home\/wp-json\/wp\/v2\/posts"}],"about":[{"href":"https:\/\/www.cstuit.com\/home\/wp-json\/wp\/v2\/types\/post"}],"author":[{"embeddable":true,"href":"https:\/\/www.cstuit.com\/home\/wp-json\/wp\/v2\/users\/1"}],"replies":[{"embeddable":true,"href":"https:\/\/www.cstuit.com\/home\/wp-json\/wp\/v2\/comments?post=18548"}],"version-history":[{"count":2,"href":"https:\/\/www.cstuit.com\/home\/wp-json\/wp\/v2\/posts\/18548\/revisions"}],"predecessor-version":[{"id":18551,"href":"https:\/\/www.cstuit.com\/home\/wp-json\/wp\/v2\/posts\/18548\/revisions\/18551"}],"wp:featuredmedia":[{"embeddable":true,"href":"https:\/\/www.cstuit.com\/home\/wp-json\/wp\/v2\/media\/18549"}],"wp:attachment":[{"href":"https:\/\/www.cstuit.com\/home\/wp-json\/wp\/v2\/media?parent=18548"}],"wp:term":[{"taxonomy":"category","embeddable":true,"href":"https:\/\/www.cstuit.com\/home\/wp-json\/wp\/v2\/categories?post=18548"},{"taxonomy":"post_tag","embeddable":true,"href":"https:\/\/www.cstuit.com\/home\/wp-json\/wp\/v2\/tags?post=18548"}],"curies":[{"name":"wp","href":"https:\/\/api.w.org\/{rel}","templated":true}]}}