

	{"id":18857,"date":"2026-09-01T02:26:12","date_gmt":"2026-09-01T05:26:12","guid":{"rendered":"https:\/\/www.cstuit.com\/home\/?p=18857"},"modified":"2026-09-01T03:23:23","modified_gmt":"2026-09-01T06:23:23","slug":"derrotar-trump-e-bolsonaro-a-frente-ampla-de-lula-nao-e-solucao","status":"publish","type":"post","link":"https:\/\/www.cstuit.com\/home\/2026\/09\/01\/derrotar-trump-e-bolsonaro-a-frente-ampla-de-lula-nao-e-solucao\/","title":{"rendered":"Derrotar Trump e Bolsonaro! A Frente Ampla de Lula n\u00e3o \u00e9 solu\u00e7\u00e3o!"},"content":{"rendered":"<h2 data-path-to-node=\"4\"><b data-path-to-node=\"4\" data-index-in-node=\"0\">A posi\u00e7\u00e3o da CST nas elei\u00e7\u00f5es<\/b><\/h2>\n<p id=\"p-rc_8410212c50ee4a4f-85\" data-path-to-node=\"6\"><img decoding=\"async\" class=\"materia-img-adireita45x wp-image-18838 size-full\" src=\"https:\/\/www.cstuit.com\/home\/wp-content\/uploads\/2026\/09\/flavio_bolsonaro_trump.jpg\" alt=\"\" \/><span data-path-to-node=\"6,0\"> As elei\u00e7\u00f5es come\u00e7aram.<\/span><span data-path-to-node=\"6,2\"> A CST denuncia toda e qualquer a\u00e7\u00e3o da Casa Branca e das Big Techs para interferir em nossas elei\u00e7\u00f5es.<\/span><span data-path-to-node=\"6,4\"> IAs orientavam votos em candidatos, contrariando normas do TSE.<\/span><span data-path-to-node=\"6,6\"><strong> Donald Trump apoia Fl\u00e1vio Bolsonaro<\/strong> e utiliza tarifas como instrumento politico.<\/span><span data-path-to-node=\"6,8\"> Os que protagonizam holocausto em Gaza, agress\u00f5es militares ao Ira e a invas\u00e3o da Venezuela n\u00e3o podem avan\u00e7ar sobre o Brasil e a Am\u00e9rica Latina.<\/span><span data-path-to-node=\"6,10\"> Exigimos da CUT, CTB, MTST, as Frentes Brasil Popular e Sem Medo, que construam mobiliza\u00e7\u00f5es contra o tarifa\u00e7o e a inger\u00eancia dos EUA e organizem um novo &#8220;Ele N\u00e3o&#8221;.<\/span><\/p>\n<h2 data-path-to-node=\"7\"><b data-path-to-node=\"7\" data-index-in-node=\"0\">O governo Lula\/Alckmin n\u00e3o luta contra Trump<\/b><\/h2>\n<p id=\"p-rc_8410212c50ee4a4f-87\" data-path-to-node=\"9\"><img decoding=\"async\" class=\"materia-img-aesquerda wp-image-18838 size-full\" src=\"https:\/\/www.cstuit.com\/home\/wp-content\/uploads\/2026\/09\/lula_editorial_cs2019.jpg\" data-path-to-node=\"9,0\" \/> As maiores lideran\u00e7as progressistas, o presidente Lula e a frente ampla do PT, PCdoB, PSOL, REDE, e os empres\u00e1rios que com ele est\u00e3o aliados, n\u00e3o combatem a inger\u00eancia imperialista.<span data-path-to-node=\"9,2\"> Lula aposta em negocia\u00e7\u00f5es com Trump.<\/span><span data-path-to-node=\"9,4\"> Isso \u00e9 absurdo.<\/span><span data-path-to-node=\"9,6\"> N\u00e3o h\u00e1 di\u00e1logo poss\u00edvel com a ala fascista do imperialismo.<\/span><span data-path-to-node=\"9,8\"> A \u00fanica saida \u00e9 a mobiliza\u00e7\u00e3o para derrotar Trump.<\/span><span data-path-to-node=\"9,10\"> No plano interno, destinou <span style=\"text-decoration: underline;\">R$ 13,5 bilh\u00f5es do Plano Brasil<\/span> Soberano para empresas, sem exigir contrapartidas de manuten\u00e7\u00e3o dos empregos.<\/span><span data-path-to-node=\"9,12\"> N\u00f3s exigimos estabilidade no emprego!<\/span><span data-path-to-node=\"9,14\"> Nenhuma empresa que receba recursos p\u00fablicos pode demitir!<\/span><\/p>\n<h2 data-path-to-node=\"10\"><b data-path-to-node=\"10\" data-index-in-node=\"0\">A frente ampla do PT n\u00e3o \u00e9 solu\u00e7\u00e3o<\/b><\/h2>\n<p id=\"p-rc_8410212c50ee4a4f-89\" data-path-to-node=\"12\"><span data-path-to-node=\"12,0\"> Ao mesmo tempo, Lula consolida alian\u00e7as e uma governabilidade conservadora com a velha direita e setores do Centr\u00e3o para construir sua campanha eleitoral, <strong>mantendo o arcabou\u00e7o fiscal<\/strong> contra a classe trabalhadora e o <strong>Plano Safra<\/strong> ao agroneg\u00f3cio golpista.<\/span><span data-path-to-node=\"12,2\"> Est\u00e1 expl\u00edcito que a frente ampla n\u00e3o \u00e9 uma solu\u00e7\u00e3o para a classe trabalhadora e nossa soberania.<\/span><\/p>\n<h2 data-path-to-node=\"13\"><b data-path-to-node=\"13\" data-index-in-node=\"0\">Fortalecer as lutas ambientais e feministas<\/b><\/h2>\n<p id=\"p-rc_8410212c50ee4a4f-91\" data-path-to-node=\"15\"><img decoding=\"async\" class=\"materia-img-adireita wp-image-18838 size-full\" src=\"https:\/\/www.cstuit.com\/home\/wp-content\/uploads\/2026\/09\/ato_28_setembro_FrenteLegalizacaoSP.png\" alt=\"\" \/><span data-path-to-node=\"15,0\">A Marcha pelo Clima e os atos do Dia Latino-Americano e Caribenho de Luta pela Descriminaliza\u00e7\u00e3o e Legaliza\u00e7\u00e3o do Aborto v\u00e3o dar o clima do m\u00eas de setembro.<\/span><span data-path-to-node=\"15,2\"> Colocam nas ruas setores fundamentais das lutas ambientais e feminista.<\/span><span data-path-to-node=\"15,4\"> A luta contra a cat\u00e1strofe clim\u00e1tica e socioambiental e a luta das mulheres contra a viol\u00eancia masculina, os red pills, as pautas LGBTQIA+ e o direito de decidir sobre nossos corpos podem se unificar.<\/span><span data-path-to-node=\"15,6\"> S\u00e3o batalhas que enfrentam as multinacionais e grandes empresas, governos e institui\u00e7\u00f5es patriarcais que sustentam essa ordem capitalista.<\/span><span data-path-to-node=\"15,8\"> E podem expressar solidariedade com as lutas indigenas contra a Bela Sun (no Xingu), contra a repress\u00e3o aos Temb\u00e9 (no Acar\u00e1), dos Anac\u00e9 contra os data centers (Cear\u00e1).<\/span><\/p>\n<h2 data-path-to-node=\"16\"><b data-path-to-node=\"16\" data-index-in-node=\"0\">Unificar as campanhas salariais e lutas<\/b><\/h2>\n<p id=\"p-rc_8410212c50ee4a4f-93\" data-path-to-node=\"18\"><img decoding=\"async\" class=\"materia-img-aesquerda wp-image-18838 size-full\" src=\"https:\/\/www.cstuit.com\/home\/wp-content\/uploads\/2026\/09\/greve_correios_placa.webp\" alt=\"\" \/><span data-path-to-node=\"18,0\"> As campanhas salariais, <span style=\"text-decoration: underline;\">como a dos Correios<\/span> recolocam em primeiro plano a disputa por sal\u00e1rios, empregos e condi\u00e7\u00f5es de trabalho.<\/span><span data-path-to-node=\"18,2\"> A paralisa\u00e7\u00e3o nacional dos banc\u00e1rios e a greve dos ferrovi\u00e1rios de SP contra as privatiza\u00e7\u00f5es mostram disposi\u00e7\u00e3o de luta para enfrentar ataques.<\/span><span data-path-to-node=\"18,4\"> As mobiliza\u00e7\u00f5es pelo fim da escala 6&#215;1 expressam a necessidade de combater a superexplora\u00e7\u00e3o.<\/span><span data-path-to-node=\"18,6\"> Os trabalhadores de aplicativos v\u00e3o fazer novo breque para exigir seus direitos e uma Medida Provis\u00f3ria para instituir uma taxa m\u00ednima por entrega.<\/span><span data-path-to-node=\"18,8\"> Precisamos fortalecer esses movimentos, buscando sua unifica\u00e7\u00e3o.<\/span><span data-path-to-node=\"18,10\"> Exigimos da CUT, CTB, For\u00e7a e UGT que saiam do marasmo, unifiquem as campanhas salariais e a convoca\u00e7\u00e3o de uma plen\u00e1ria nacional de organiza\u00e7\u00e3o das lutas populares.<\/span><\/p>\n<h2 data-path-to-node=\"19\"><b data-path-to-node=\"19\" data-index-in-node=\"0\">Votar na esquerda independente<\/b><\/h2>\n<p id=\"p-rc_8410212c50ee4a4f-95\" data-path-to-node=\"21\"><span data-path-to-node=\"21,0\"> Ao lado das lutas unificadas, a CST defende uma verdadeira esquerda.<\/span><span data-path-to-node=\"21,2\"> Pedimos seus votos \u00e0 nossas companheiras B\u00e1rbara Sinedino (RJ) 1660, Lorena Fernandes (SP) 1660 e Mariza Santos (PA) e 1660.<\/span><span data-path-to-node=\"21,4\"> Herzt Dias e Vanessa Portugal para a Presid\u00eancia 16.<\/span><span data-path-to-node=\"21,6\"> A CST chama o voto nos governadores e senadores do PSTU.<\/span><span data-path-to-node=\"21,8\"> As elei\u00e7\u00f5es s\u00e3o uma tribuna para denunciar a falsa democracia dos bilion\u00e1rios, fortalecer as lutas e construir uma alternativa independente, sem patr\u00f5es.<\/span><span data-path-to-node=\"21,10\"> Por isso, colocamos nossa campanha a servi\u00e7o das greves, das campanhas salariais e das lutas feministas, ambientais, indigenas, negras e LGBTQIA+.<\/span><span data-path-to-node=\"21,12\"> N\u00e3o queremos uma esquerda atrelada ao governo Lula\/Alckmin e seu arcabou\u00e7o fiscal, aliada aos patr\u00f5es e ao Plano Safra, nem que fa\u00e7a concess\u00f5es ao Centr\u00e3o.<\/span><span data-path-to-node=\"21,14\"> Somos socialistas revolucion\u00e1rios, independentes dos governos, dos patr\u00f5es e do imperialismo, que enfrentam Trump e a extrema direita.<\/span><span data-path-to-node=\"21,16\"> Defendemos sal\u00e1rios, empregos, servi\u00e7os p\u00fablicos, redu\u00e7\u00e3o da jornada sem redu\u00e7\u00e3o salarial (veja p\u00e1ginas centrais).<\/span><span data-path-to-node=\"21,18\"> Com nossas candidaturas, queremos dar voz as lutas e ajudar a construir uma alternativa politica da esquerda independente.<\/span><span data-path-to-node=\"21,20\"> Por um governo da classe trabalhadora, sem patr\u00f5es, e um Brasil socialista.<\/span><\/p>\n","protected":false},"excerpt":{"rendered":"<p>A posi\u00e7\u00e3o da CST nas elei\u00e7\u00f5es As elei\u00e7\u00f5es come\u00e7aram. A CST denuncia toda e qualquer a\u00e7\u00e3o da Casa Branca e das Big Techs para interferir em nossas elei\u00e7\u00f5es. IAs orientavam votos em candidatos, contrariando normas do TSE. Donald Trump apoia Fl\u00e1vio Bolsonaro e utiliza tarifas<\/p>\n","protected":false},"author":1,"featured_media":18870,"comment_status":"closed","ping_status":"closed","sticky":false,"template":"","format":"standard","meta":{"footnotes":""},"categories":[135],"tags":[],"class_list":["post-18857","post","type-post","status-publish","format-standard","has-post-thumbnail","hentry","category-editorial"],"_links":{"self":[{"href":"https:\/\/www.cstuit.com\/home\/wp-json\/wp\/v2\/posts\/18857","targetHints":{"allow":["GET"]}}],"collection":[{"href":"https:\/\/www.cstuit.com\/home\/wp-json\/wp\/v2\/posts"}],"about":[{"href":"https:\/\/www.cstuit.com\/home\/wp-json\/wp\/v2\/types\/post"}],"author":[{"embeddable":true,"href":"https:\/\/www.cstuit.com\/home\/wp-json\/wp\/v2\/users\/1"}],"replies":[{"embeddable":true,"href":"https:\/\/www.cstuit.com\/home\/wp-json\/wp\/v2\/comments?post=18857"}],"version-history":[{"count":4,"href":"https:\/\/www.cstuit.com\/home\/wp-json\/wp\/v2\/posts\/18857\/revisions"}],"predecessor-version":[{"id":18869,"href":"https:\/\/www.cstuit.com\/home\/wp-json\/wp\/v2\/posts\/18857\/revisions\/18869"}],"wp:featuredmedia":[{"embeddable":true,"href":"https:\/\/www.cstuit.com\/home\/wp-json\/wp\/v2\/media\/18870"}],"wp:attachment":[{"href":"https:\/\/www.cstuit.com\/home\/wp-json\/wp\/v2\/media?parent=18857"}],"wp:term":[{"taxonomy":"category","embeddable":true,"href":"https:\/\/www.cstuit.com\/home\/wp-json\/wp\/v2\/categories?post=18857"},{"taxonomy":"post_tag","embeddable":true,"href":"https:\/\/www.cstuit.com\/home\/wp-json\/wp\/v2\/tags?post=18857"}],"curies":[{"name":"wp","href":"https:\/\/api.w.org\/{rel}","templated":true}]}}