

	{"id":18871,"date":"2026-09-01T03:13:04","date_gmt":"2026-09-01T06:13:04","guid":{"rendered":"https:\/\/www.cstuit.com\/home\/?p=18871"},"modified":"2026-09-01T03:23:29","modified_gmt":"2026-09-01T06:23:29","slug":"construir-a-greve-nacional-da-categoria-ecetista","status":"publish","type":"post","link":"https:\/\/www.cstuit.com\/home\/2026\/09\/01\/construir-a-greve-nacional-da-categoria-ecetista\/","title":{"rendered":"Governo Lula prop\u00f5e arrocho no sal\u00e1rio e benef\u00edcios nos correios: Construir\u2029a\u2029greve\u2029nacional da\u2029categoria\u2029ecetista!"},"content":{"rendered":"<p><em>Adriano Dias &#8211; Combate &#8211; Correios<\/em><\/p>\n<p>O governo Lula e a dire\u00e7\u00e3o dos correios apresentaram na mesa de negocia\u00e7\u00e3o da campanha salarial dos correios uma proposta absurda de 0,87 % de reajuste no sal\u00e1rio e beneficios, de praticamente acabar com assist\u00eancia do plano de sa\u00fade e os 70% de f\u00e9rias, al\u00e9m de outras medidas.<\/p>\n<p><img decoding=\"async\" class=\"materia-img-adireita45x wp-image-18838 size-full\" src=\"https:\/\/www.cstuit.com\/home\/wp-content\/uploads\/2026\/09\/destaque-findect-campanha-salarial-2026-foto-fasfs.jpg\" alt=\"\" \/>Essa proposta segue a l\u00f3gica do arcabou\u00e7o fiscal do governo, que corta no essencial para manter os privil\u00e9gios dos banqueiros, do agroneg\u00f3cio e dos empres\u00e1rios. Nos correios essa pol\u00edtica de ajuste est\u00e1 sendo aplicada via a desestrutura\u00e7\u00e3o\/ reestrutura\u00e7\u00e3o da estatal e quem est\u00e1 pagando essa conta s\u00e3o as trabalhadoras e trabalhadores ecetistas.<\/p>\n<p>O centro desse brutal ajuste fiscal \u00e9 atacar o sal\u00e1rio, beneficios importantes, como o plano de sa\u00fade, hoje precarizado e gratifica\u00e7\u00f5es. Reduzir o quadro de pessoal, via PDV, acabar com o carteiro pedestre e aplicar profundas mudan\u00e7as na estrutura e patrim\u00f4nio da empresa atrav\u00e9s do fechamento e venda das unidades. N\u00e3o temos d\u00favida que a reestrutura\u00e7\u00e3o\/desestrutura\u00e7\u00e3o dos correios \u00e9 uma prepara\u00e7\u00e3o para a privatiza\u00e7\u00e3o e por isso tem que ser derrotada.<\/p>\n<p>A categoria rejeitou essa proposta e o governo e a dire\u00e7\u00e3o dos correios covardemente sa\u00edram da mesa de negocia\u00e7\u00e3o e entraram com um pedido de media\u00e7\u00e3o do TST. Uma postura inaceit\u00e1vel que demonstra uma disposi\u00e7\u00e3o de enfrentamento \u00e0 categoria.<\/p>\n<h3>As dire\u00e7\u00f5es t\u00eam que construir a greve<\/h3>\n<p>Ap\u00f3s a rejei\u00e7\u00e3o de forma un\u00e2nime da proposta do governo nas assembleias realizadas no dia 25\/08, a categoria aprovou um indicativo de greve para o dia 10\/09. Aqui cabe um ponto de inflex\u00e3o. Diante da intransig\u00eancia da empresa e a sua tentativa de judicializa\u00e7\u00e3o do ACT (Acordo Coletivo de Trabalho) seria necess\u00e1rio antecipar as assembleias e a greve para responder mais rapidamente a essa pol\u00edtica intransigente.<\/p>\n<p>Exigimos que as dire\u00e7\u00f5es das duas federa\u00e7\u00f5es e sindicatos (FINDECT\/ FENTECT, CUT, CTB, artsind-PT e PCdoB) construam de verdade o indicativo de greve via panfletagens, visita nas unidades, reuni\u00f5es de delegados sindicais. Preparar uma forte greve nacional unificada com comandos democr\u00e1ticos e mobiliza\u00e7\u00e3o em cada local de trabalho.<\/p>\n<p>N\u00e3o aceitaremos a falta de independ\u00eancia politica dessas dire\u00e7\u00f5es em rela\u00e7\u00e3o ao governo Lula.<\/p>\n<p>Defendemos ainda que a dire\u00e7\u00e3o das grandes centrais sindicais, como CUT e CTB, apoiem a categoria ecetista e que busquem a unidade com outras categorias como banc\u00e1rios que tamb\u00e9m est\u00e3o em campanha salarial.<\/p>\n<h3>Por uma forte greve nacional<\/h3>\n<p>\u00c9 fundamental construir uma forte greve nacional. Foi o movimento paredista no final do ano passado que impediu o reajuste zero e outros ataques no ACT atual que hoje deixaria o nosso sal\u00e1rio congelado. Temos que lotar a assembleia do dia 10\/09, rejeitar a proposta do governo e aprovar iniciar a greve sem deixar espa\u00e7o para a enrola\u00e7\u00e3o da categoria.<\/p>\n<p>\u00c9 s\u00f3 na luta que poderemos conquistar aumento real de sal\u00e1rio e nos beneficios, manuten\u00e7\u00e3o da assist\u00eancia \u00e0 sa\u00fade, dinheiro para os correios e n\u00e3o para os banqueiros e derrotar a pol\u00edtica de desestrutura\u00e7\u00e3o da empresa aplicada por Lula\/Rondon.<\/p>\n<h2>Seguir nas ruas pelo fim da 6&#215;1!<\/h2>\n","protected":false},"excerpt":{"rendered":"<p>Adriano Dias &#8211; Combate &#8211; Correios O governo Lula e a dire\u00e7\u00e3o dos correios apresentaram na mesa de negocia\u00e7\u00e3o da campanha salarial dos correios uma proposta absurda de 0,87 % de reajuste no sal\u00e1rio e beneficios, de praticamente acabar com assist\u00eancia do plano de sa\u00fade<\/p>\n","protected":false},"author":1,"featured_media":18875,"comment_status":"closed","ping_status":"closed","sticky":false,"template":"","format":"standard","meta":{"footnotes":""},"categories":[17],"tags":[],"class_list":["post-18871","post","type-post","status-publish","format-standard","has-post-thumbnail","hentry","category-sindical"],"_links":{"self":[{"href":"https:\/\/www.cstuit.com\/home\/wp-json\/wp\/v2\/posts\/18871","targetHints":{"allow":["GET"]}}],"collection":[{"href":"https:\/\/www.cstuit.com\/home\/wp-json\/wp\/v2\/posts"}],"about":[{"href":"https:\/\/www.cstuit.com\/home\/wp-json\/wp\/v2\/types\/post"}],"author":[{"embeddable":true,"href":"https:\/\/www.cstuit.com\/home\/wp-json\/wp\/v2\/users\/1"}],"replies":[{"embeddable":true,"href":"https:\/\/www.cstuit.com\/home\/wp-json\/wp\/v2\/comments?post=18871"}],"version-history":[{"count":4,"href":"https:\/\/www.cstuit.com\/home\/wp-json\/wp\/v2\/posts\/18871\/revisions"}],"predecessor-version":[{"id":18877,"href":"https:\/\/www.cstuit.com\/home\/wp-json\/wp\/v2\/posts\/18871\/revisions\/18877"}],"wp:featuredmedia":[{"embeddable":true,"href":"https:\/\/www.cstuit.com\/home\/wp-json\/wp\/v2\/media\/18875"}],"wp:attachment":[{"href":"https:\/\/www.cstuit.com\/home\/wp-json\/wp\/v2\/media?parent=18871"}],"wp:term":[{"taxonomy":"category","embeddable":true,"href":"https:\/\/www.cstuit.com\/home\/wp-json\/wp\/v2\/categories?post=18871"},{"taxonomy":"post_tag","embeddable":true,"href":"https:\/\/www.cstuit.com\/home\/wp-json\/wp\/v2\/tags?post=18871"}],"curies":[{"name":"wp","href":"https:\/\/api.w.org\/{rel}","templated":true}]}}