

	{"id":18879,"date":"2026-09-01T03:46:51","date_gmt":"2026-09-01T06:46:51","guid":{"rendered":"https:\/\/www.cstuit.com\/home\/?p=18879"},"modified":"2026-09-01T04:31:21","modified_gmt":"2026-09-01T07:31:21","slug":"28s-e-necessario-seguir-defendendo-o-aborto-legal","status":"publish","type":"post","link":"https:\/\/www.cstuit.com\/home\/2026\/09\/01\/28s-e-necessario-seguir-defendendo-o-aborto-legal\/","title":{"rendered":"28S: \u00c9 necess\u00e1rio seguir defendendo o aborto legal!"},"content":{"rendered":"<p><em>Rana Agarriberri &#8211; COMBATIVAS SP<\/em><\/p>\n<p><img decoding=\"async\" class=\"materia-img-adireita wp-image-18838 size-full\" src=\"https:\/\/www.cstuit.com\/home\/wp-content\/uploads\/2026\/09\/pna2021.png\" alt=\"\" \/>Se aproxima o 28 de Setembro Dia Latino-Americano e Caribenho pela Descriminaliza\u00e7\u00e3o e Legaliza\u00e7\u00e3o do Aborto! Essa data j\u00e1 fincou seus p\u00e9s na agenda feminista brasileira, onde nos \u00faltimos anos, t\u00eam ocorrido diversas mobiliza\u00e7\u00f5es de peso em cidades como S\u00e3o Paulo e Rio de Janeiro. Em outras cidades, ativistas tem convocado atividades para discutir e disputar a opini\u00e3o p\u00fablica. N\u00f3s das Combativas e CST estamos convencidas de que o caminho para conquistar a legaliza\u00e7\u00e3o do aborto \u00e9 nas ruas e por isso somos entusiastas e impulsionadoras das reuni\u00f5es e atividades feministas, em todo pais.<\/p>\n<h2>\u00c9 necess\u00e1rio mobilizar para revogar o PDL 3!<\/h2>\n<p>A extrema-direita segue tentando disputar a sociedade brasileira, em todos os temas possiveis. Seja com as privatiza\u00e7\u00f5es ou com o tema do tarifa\u00e7o, os bolsonaristas tentam impor sua pol\u00edtica neoliberal e reacion\u00e1ria. Na pauta dos direitos reprodutivos, j\u00e1 virou rotina que alguma parlamentar ou influencer, d\u00ea alguma declara\u00e7\u00e3o pol\u00eamica &#8220;pr\u00f3-vida&#8221; (pr\u00f3-vida de quem?), que os governos fechem ou dificultem o acesso aos servi\u00e7os de aborto legal ou qualquer outra a\u00e7\u00e3o semelhante. O ataque mais recente foi o PDL 3, aprovado em junho de 2026, e que tem como objetivo sustar a Resolu\u00e7\u00e3o 258 do CONANDA (Conselho Nacional dos Direitos da Crian\u00e7a e do Adolescente).<\/p>\n<p>A Resolu\u00e7\u00e3o 258 do CONANDA orientava procedimentos de acolhimento e desburocratiza\u00e7\u00e3o no acesso ao aborto legal previsto em lei (como em casos de estupro de vulner\u00e1vel), dispensando exig\u00eancias como boletim de ocorr\u00eancia ou autoriza\u00e7\u00e3o judicial em situa\u00e7\u00f5es especificas.<\/p>\n<p>Vocalizando a extrema-direita, a Senadora Damares Alves foi a relatora do PDL 3. Utilizando-se de fake news, esse setor dizia que a resolu\u00e7\u00e3o do CONANDA &#8220;impedia a investiga\u00e7\u00e3o em casos de viol\u00eancia sexual&#8221;, que era &#8220;uma forma de legalizar o aborto&#8221; e que a resolu\u00e7\u00e3o &#8220;protegia os ped\u00f3filos&#8221;. Tudo isso \u00e9 falso!<\/p>\n<p><img decoding=\"async\" class=\"materia-img-aesquerda wp-image-18838 size-full\" src=\"https:\/\/www.cstuit.com\/home\/wp-content\/uploads\/2026\/09\/pna2011b.png\" alt=\"\" \/>\u00c9 necess\u00e1rio revogar o PDL 3 e retomar a vigencia da Resolu\u00e7\u00e3o 258\/2024 do CONANDA, garantindo as diretrizes para o atendimento de crian\u00e7as e adolescentes v\u00edtimas de viol\u00eancia sexual e garantindo o acesso ao aborto legal nos casos j\u00e1 previstos em lei. Mas, para isso, \u00e9 fundamental mobilizar! Infelizmente, os setores progressistas parecem ter simplesmente abandonado a pauta. Em alguns momentos alegam que isso perde votos, mas que mesmo assim, devemos votar nelas\/neles, porque supostamente est\u00e3o comprometidas com a luta. Ora, se uma candidata (o) n\u00e3o levanta essa bandeira durante as elei\u00e7\u00f5es, n\u00e3o levantar\u00e1 ap\u00f3s ganhar!<\/p>\n<p>Lamentavelmente o Governo Lula se limita a dar declara\u00e7\u00f5es criticas, quando conv\u00e9m, mas n\u00e3o orienta sua base para revogar os ataques feitos \u00e0s mulheres e outras pessoas que gestam.<\/p>\n<p>Os movimentos que orbitam o lulismo seguem com a mesma atua\u00e7\u00e3o e n\u00e3o convocam mobiliza\u00e7\u00f5es para reverter esse ataque. <span style=\"text-decoration: underline;\">No ato do dia 9 de junho em SP<\/span>, convocado pela Frente Estadual pela Legaliza\u00e7\u00e3o do Aborto, torceram o nariz quando as Combativas exigimos que Lula, os mandatos e entidades como UNE, UBES e Centrais Sindicais convo-cassem mobiliza\u00e7\u00f5es.<\/p>\n<p>Infelizmente, n\u00e3o ocorreram novos protestos, sendo, portanto, ainda vigente nossas exig\u00eancias! A Frente Estadual Pela Legaliza\u00e7\u00e3o do Aborto de SP j\u00e1 convocou o ato do dia 28 de setembro, para 18h, em frente ao MASP. As Combativas e a CST chamamos a unificar for\u00e7as e ocupar as ruas nesse dia!<\/p>\n<blockquote class=\"instagram-media\" style=\"background: #FFF; border: 0; border-radius: 3px; box-shadow: 0 0 1px 0 rgba(0,0,0,0.5),0 1px 10px 0 rgba(0,0,0,0.15); margin: 1px; max-width: 540px; min-width: 326px; padding: 0; width: calc(100% - 2px);\" data-instgrm-captioned=\"\" data-instgrm-permalink=\"https:\/\/www.instagram.com\/reel\/DZYYmEFJzdq\/?utm_source=ig_embed&amp;utm_campaign=loading\" data-instgrm-version=\"14\">\n<div style=\"padding: 16px;\">\n<p>&nbsp;<\/p>\n<div style=\"display: flex; flex-direction: row; align-items: center;\">\n<div style=\"background-color: #f4f4f4; border-radius: 50%; flex-grow: 0; height: 40px; margin-right: 14px; width: 40px;\"><\/div>\n<div style=\"display: flex; flex-direction: column; flex-grow: 1; justify-content: center;\">\n<div style=\"background-color: #f4f4f4; border-radius: 4px; flex-grow: 0; height: 14px; margin-bottom: 6px; width: 100px;\"><\/div>\n<div style=\"background-color: #f4f4f4; border-radius: 4px; flex-grow: 0; height: 14px; width: 60px;\"><\/div>\n<\/div>\n<\/div>\n<div style=\"padding: 19% 0;\"><\/div>\n<div style=\"display: block; height: 50px; margin: 0 auto 12px; width: 50px;\"><\/div>\n<div style=\"padding-top: 8px;\">\n<div style=\"color: #3897f0; font-family: Arial,sans-serif; font-size: 14px; font-style: normal; font-weight: 550; line-height: 18px;\">Ver essa foto no Instagram<\/div>\n<\/div>\n<div style=\"padding: 12.5% 0;\"><\/div>\n<div style=\"display: flex; flex-direction: row; margin-bottom: 14px; align-items: center;\">\n<div>\n<div style=\"background-color: #f4f4f4; border-radius: 50%; height: 12.5px; width: 12.5px; transform: translateX(0px) translateY(7px);\"><\/div>\n<div style=\"background-color: #f4f4f4; height: 12.5px; transform: rotate(-45deg) translateX(3px) translateY(1px); width: 12.5px; flex-grow: 0; margin-right: 14px; margin-left: 2px;\"><\/div>\n<div style=\"background-color: #f4f4f4; border-radius: 50%; height: 12.5px; width: 12.5px; transform: translateX(9px) translateY(-18px);\"><\/div>\n<\/div>\n<div style=\"margin-left: 8px;\">\n<div style=\"background-color: #f4f4f4; border-radius: 50%; flex-grow: 0; height: 20px; width: 20px;\"><\/div>\n<div style=\"width: 0; height: 0; border-top: 2px solid transparent; border-left: 6px solid #f4f4f4; border-bottom: 2px solid transparent; transform: translateX(16px) translateY(-4px) rotate(30deg);\"><\/div>\n<\/div>\n<div style=\"margin-left: auto;\">\n<div style=\"width: 0px; border-top: 8px solid #F4F4F4; border-right: 8px solid transparent; transform: translateY(16px);\"><\/div>\n<div style=\"background-color: #f4f4f4; flex-grow: 0; height: 12px; width: 16px; transform: translateY(-4px);\"><\/div>\n<div style=\"width: 0; height: 0; border-top: 8px solid #F4F4F4; border-left: 8px solid transparent; transform: translateY(-4px) translateX(8px);\"><\/div>\n<\/div>\n<\/div>\n<div style=\"display: flex; flex-direction: column; flex-grow: 1; justify-content: center; margin-bottom: 24px;\">\n<div style=\"background-color: #f4f4f4; border-radius: 4px; flex-grow: 0; height: 14px; margin-bottom: 6px; width: 224px;\"><\/div>\n<div style=\"background-color: #f4f4f4; border-radius: 4px; flex-grow: 0; height: 14px; width: 144px;\"><\/div>\n<\/div>\n<p>&nbsp;<\/p>\n<p style=\"color: #c9c8cd; font-family: Arial,sans-serif; font-size: 14px; line-height: 17px; margin-bottom: 0; margin-top: 8px; overflow: hidden; padding: 8px 0 7px; text-align: center; text-overflow: ellipsis; white-space: nowrap;\"><a style=\"color: #c9c8cd; font-family: Arial,sans-serif; font-size: 14px; font-style: normal; font-weight: normal; line-height: 17px; text-decoration: none;\" href=\"https:\/\/www.instagram.com\/reel\/DZYYmEFJzdq\/?utm_source=ig_embed&amp;utm_campaign=loading\" target=\"_blank\" rel=\"noopener\">Um post compartilhado por Rana Agarriberri (@rana.cst)<\/a><\/p>\n<\/div>\n<\/blockquote>\n<p><script async src=\"\/\/www.instagram.com\/embed.js\"><\/script><\/p>\n<p>&nbsp;<\/p>\n","protected":false},"excerpt":{"rendered":"<p>Rana Agarriberri &#8211; COMBATIVAS SP Se aproxima o 28 de Setembro Dia Latino-Americano e Caribenho pela Descriminaliza\u00e7\u00e3o e Legaliza\u00e7\u00e3o do Aborto! Essa data j\u00e1 fincou seus p\u00e9s na agenda feminista brasileira, onde nos \u00faltimos anos, t\u00eam ocorrido diversas mobiliza\u00e7\u00f5es de peso em cidades como S\u00e3o<\/p>\n","protected":false},"author":1,"featured_media":18887,"comment_status":"closed","ping_status":"closed","sticky":false,"template":"","format":"standard","meta":{"footnotes":""},"categories":[55],"tags":[],"class_list":["post-18879","post","type-post","status-publish","format-standard","has-post-thumbnail","hentry","category-mulheres"],"_links":{"self":[{"href":"https:\/\/www.cstuit.com\/home\/wp-json\/wp\/v2\/posts\/18879","targetHints":{"allow":["GET"]}}],"collection":[{"href":"https:\/\/www.cstuit.com\/home\/wp-json\/wp\/v2\/posts"}],"about":[{"href":"https:\/\/www.cstuit.com\/home\/wp-json\/wp\/v2\/types\/post"}],"author":[{"embeddable":true,"href":"https:\/\/www.cstuit.com\/home\/wp-json\/wp\/v2\/users\/1"}],"replies":[{"embeddable":true,"href":"https:\/\/www.cstuit.com\/home\/wp-json\/wp\/v2\/comments?post=18879"}],"version-history":[{"count":11,"href":"https:\/\/www.cstuit.com\/home\/wp-json\/wp\/v2\/posts\/18879\/revisions"}],"predecessor-version":[{"id":18904,"href":"https:\/\/www.cstuit.com\/home\/wp-json\/wp\/v2\/posts\/18879\/revisions\/18904"}],"wp:featuredmedia":[{"embeddable":true,"href":"https:\/\/www.cstuit.com\/home\/wp-json\/wp\/v2\/media\/18887"}],"wp:attachment":[{"href":"https:\/\/www.cstuit.com\/home\/wp-json\/wp\/v2\/media?parent=18879"}],"wp:term":[{"taxonomy":"category","embeddable":true,"href":"https:\/\/www.cstuit.com\/home\/wp-json\/wp\/v2\/categories?post=18879"},{"taxonomy":"post_tag","embeddable":true,"href":"https:\/\/www.cstuit.com\/home\/wp-json\/wp\/v2\/tags?post=18879"}],"curies":[{"name":"wp","href":"https:\/\/api.w.org\/{rel}","templated":true}]}}