

	{"id":19,"date":"2010-04-11T18:34:00","date_gmt":"2010-04-11T18:34:00","guid":{"rendered":"https:\/\/www.cstuit.com\/home\/index.php\/2010\/04\/11\/arquivoid-9054\/"},"modified":"2010-04-11T18:34:00","modified_gmt":"2010-04-11T18:34:00","slug":"arquivoid-9054","status":"publish","type":"post","link":"https:\/\/www.cstuit.com\/home\/2010\/04\/11\/arquivoid-9054\/","title":{"rendered":"Notas de Solidariedade aos atingidos pelas chuvas"},"content":{"rendered":"<p>| SINTUFF e Movimentos<\/p>\n<p>Rio de Janeiro: Solidariedade \u00e0 popula\u00e7\u00e3o vitima das enchentes.<\/p>\n<p>Os \u00faltimos dias t\u00eam se convertido em um verdadeiro pesadelo para a popula\u00e7\u00e3o do Rio de Janeiro. A forte chuva que caiu sobre o estado, na segunda-feira dia 05 de abril, teve um efeito devastador, deixou a popula\u00e7\u00e3o em p\u00e2nico e um saldo de mais de 150 vitimas at\u00e9 agora e mais de 13 mil desalojados.<\/p>\n<p>Foi uma das maiores chuvas dos \u00faltimos tempos; em apenas um dia choveu o dobro da m\u00e9dia esperada para o m\u00eas de abril, atingindo 280 mil\u00edmetros de \u00e1gua. \u00c9 um fato que ningu\u00e9m poderia impedir que a chuva ca\u00edsse, mas \u00e9 um fato tamb\u00e9m que uma cat\u00e1strofe, desse n\u00edvel, poderia ter sido evitada, caso tivesse um alerta das autoridades competentes e uma pol\u00edtica de preven\u00e7\u00e3o e investimentos em infra-estrutura que evitassem a imensa perda de vidas humanas.<\/p>\n<p>O descaso das autoridades \u00e9 o verdadeiro respons\u00e1vel por essa cat\u00e1strofe.<\/p>\n<p> As verbas do Minist\u00e9rio de Integra\u00e7\u00e3o destinadas a preven\u00e7\u00e3o de cat\u00e1strofes tem sido minguadas. O relat\u00f3rio da auditoria do Tribunal de Contas da Uni\u00e3o mostra que os recursos distribu\u00eddos e efetivamente aplicados s\u00e3o insignificantes.  Entre 2004 e 2009 dos R$ 358 milh\u00f5es destinados a essa rubrica, apenas 0,65% desse montante foram destinados ao estado do Rio de Janeiro. Infelizmente o Presidente Lula e o governador S\u00e9rgio Cabral fez uma declara\u00e7\u00e3o culpando t\u00e3o somente a ocupa\u00e7\u00e3o desodernada das encostas, o governador Sergio Cabral repete a mesma desculpa usada para justificar a trag\u00e9dia em Angra dos Reis: a culpa \u00e9 dos moradores das comunidades que residem em \u00e1reas de riscos. Enquanto o prefeito do RJ Eduardo Paes responsabiliza a natureza e o Prefeito de Niter\u00f3i Jorge Roberto Silveira declara que nada se podia fazer.<\/p>\n<p>Uma grande parte dos moradores do estado constroem suas casas nos morros, porque n\u00e3o tem alternativa, pois n\u00e3o existe nenhuma pol\u00edtica para acabar com o d\u00e9ficit habitacional e garantir a constru\u00e7\u00e3o de casas populares. E o que fizeram os sucessivos governos estaduais e municipais? Cad\u00ea o dinheiro dos royalties que deveria ser investido em benef\u00edcio da popula\u00e7\u00e3o?<\/p>\n<p>N\u00f3s, trabalhadores e moradores do estado do Rio de Janeiro ficamos horas e passamos a noite em claro nos engarrafamentos, conseguindo chegar em casa somente na manh\u00e3 do dia seguinte e sem saber de fato como \u00edamos encontrar nossos familiares. Enfrentamos inunda\u00e7\u00f5es e desabamentos em diversos pontos, com bueiros entupidos, lixo boiando e com crateras que se abriam devido a for\u00e7a da \u00e1gua. Enfrentamos po\u00e7as de \u00e1guas, que, mas pareciam c\u00f3rregos, correndo o risco de pegar doen\u00e7as como leptospirose. Vimos nossas casas destru\u00eddas e o pior: nossos parentes e amigos soterrados. N\u00f3s sabemos muito bem quem s\u00e3o os verdadeiros respons\u00e1veis por essa calamidade que se abateu sobre n\u00f3s: os governos federal, estadual e municipais, que nada fazem para resolver nossos reais problemas, que desviam os recursos que deveriam se investidos em infra-estrutura, limpeza de bueiros, em projetos de drenagem,  em pol\u00edtica habitacional de constru\u00e7\u00e3o de casas populares para as fam\u00edlias de baixa renda, entre outros.<\/p>\n<p>30 pontos de desabamentos somente em Niter\u00f3i.<\/p>\n<p>A cidade de Niter\u00f3i foi a mais atingida, ao menos, foram registrados 30 pontos de desabamentos de encostas em toda a cidade, resultando em 79 vitimas. A procura por desaparecidos continua e a popula\u00e7\u00e3o segue em estado de alerta, pois permanece o risco de novos desabamentos.<\/p>\n<p>Esta cr\u00edtica situa\u00e7\u00e3o coloca \u00e0s claras o descaso do governo do Niter\u00f3i. No ano 2006, a pedido da Prefeitura, o N\u00facleo de Estudos e Projetos Habitacionais Urbanos (Nephu) da Universidade Federal Fluminense elaborou um plano de preven\u00e7\u00e3o de riscos de deslizamentos e enchentes com custo estimado em R$ 44 milh\u00f5es que n\u00e3o foi implementado.  Na ocasi\u00e3o foram listados 142 pontos de risco de deslizamento. Segundo o jornal O Globo (08\/04\/2010), o projeto contrasta com o or\u00e7amento da Prefeitura para as a\u00e7\u00f5es de drenagem e interven\u00e7\u00f5es em \u00e1reas de rico, que prev\u00ea gastos de apenas R$ 13,7 milh\u00f5es do R$ 878 milh\u00f5es das receitas municipais deste ano.<\/p>\n<p>Ap\u00f3s esse estudo nada foi feito para mudar essa situa\u00e7\u00e3o, as dezenas de mortes poderiam ter sido evitadas caso o poder p\u00fablico tivesse colocado em pr\u00e1tica o projeto de preven\u00e7\u00e3o. <\/p>\n<p>Nesta quarta-feira dia 07 de janeiro, a dire\u00e7\u00e3o do SINTUFF esteve visitando v\u00e1rias \u00e1reas dos morros de Niter\u00f3i e vimos de perto \u00e0 situa\u00e7\u00e3o dram\u00e1tica dos moradores. As cenas eram chocantes, pessoas desabrigadas esperando uma ajuda que n\u00e3o chegava. A reclama\u00e7\u00e3o era a mesma: estamos esperando que as autoridades venham nos ajudar, mas at\u00e9 agora nada. Os pr\u00f3prios moradores retiravam os entulhos e at\u00e9 os corpos das vitimas de baixo dos escombros, a solidariedade entre os moradores nos comoveu. Falta comida, \u00e1gua pot\u00e1vel e rem\u00e9dios. No morro 340, a popula\u00e7\u00e3o revoltada e como forma de protesto reteve o \u00fanico carro da defesa civil presente no local.<\/p>\n<p>Ainda estamos fazendo um levantamento dos trabalhadores da UFF vitimas dessa situa\u00e7\u00e3o, pelo pouco que sabemos muitos tiveram vitimas entre seus parentes, casas destru\u00eddas, perdendo todos os seus pertences ou tiveram que sair as presas de suas resid\u00eancias, temendo por suas vidas. <\/p>\n<p>Exigimos tamb\u00e9m que se abra \u00e0 emerg\u00eancia do Hospital Ant\u00f4nio Pedro para o atendimento de toda a popula\u00e7\u00e3o vitima das enchentes. Que o restaurante universit\u00e1rio seja aberto \u00e0 popula\u00e7\u00e3o desabrigada e que a universidade disponha de locais para abrigar as pessoas que perderam suas casas. J\u00e1 entramos em contato com a reitoria da UFF para que seja abonado o ponto de todos os servidores e todos trabalhadores terceirizados da universidade, que nesses dias n\u00e3o tiveram condi\u00e7\u00f5es de trabalhar devido \u00e0 chuva.<\/p>\n<p>Toda ajuda humanit\u00e1ria a popula\u00e7\u00e3o desabrigada.<\/p>\n<p>Prestamos toda a nossa solidariedade a todos que tiveram familiares mortos nessa trag\u00e9dia. Somamos-nos a dor dessas fam\u00edlias, que perderam seus entes queridos de uma forma t\u00e3o brutal. Estaremos montando na sede do Sintuff, postos de coletas para arrecadar: alimentos, roupas e medicamentos, que ser\u00e3o destinados \u00e0s fam\u00edlias desabrigadas.<\/p>\n<p>Exigimos do governo estadual que se decrete estado de calamidade e que se garanta a infra-estrutura necess\u00e1ria e o auxilio as fam\u00edlias desabrigadas. Que se garanta um abrigo decente, com \u00e1gua pot\u00e1vel, comida e atendimento m\u00e9dico as fam\u00edlias at\u00e9 que a situa\u00e7\u00e3o seja resolvida.<\/p>\n<p>\u00c9 necess\u00e1rio remover imediatamente todas as fam\u00edlias em \u00e1reas de riscos, n\u00e3o podemos admitir que aconte\u00e7a mais uma trag\u00e9dia como a do morro do bumba em Niter\u00f3i, aonde se estima que 60 casas tenham sido soterradas. Essa trag\u00e9dia poderia ter sido evitada, caso a prefeitura de Niter\u00f3i tivesse feito a remo\u00e7\u00e3o dessas fam\u00edlias.<\/p>\n<p>Que se desenvolva de forma imediata um plano para cobrir o d\u00e9ficit habitacional em todo o estado, em especial na cidade do Rio de Janeiro e em Niter\u00f3i, as mais atingidas, com a participa\u00e7\u00e3o do corpo t\u00e9cnico da UFF, no caso de Niter\u00f3i e da comunidade. Garantindo a constru\u00e7\u00e3o de casas populares a todas as fam\u00edlias desalojadas e as que moram em \u00e1reas de risco. Junto com um plano emergencial de obras de infra-estrutura nas principais vias e nos bairros para amenizar os efeitos das chuvas.<\/p>\n<p>COORDENA\u00c7\u00c3O DO SINTUFF<\/p>\n<p>&#8212;&#8212;&#8212;&#8212;&#8212;&#8212;&#8212;&#8212;&#8212;&#8212;&#8212;&#8212;&#8212;&#8212;&#8212;&#8212;&#8212;&#8212;&#8212;&#8212;&#8212;&#8212;&#8212;&#8212;&#8212;&#8212;&#8212;&#8212;&#8212;&#8212;&#8212;&#8212;&#8212;&#8212;&#8212;&#8212;&#8212;&#8212;&#8212;&#8212;&#8212;&#8212;&#8212;&#8211;<br \/>\nNota de esclarecimento<\/p>\n<p>N\u00f3s, moradores de favelas de Niter\u00f3i, fomos duramente atingidos por uma trag\u00e9dia de grandes dimens\u00f5es. Essa trag\u00e9dia, mais do que resultado das chuvas, foi causada pela omiss\u00e3o do poder p\u00fablico.  A prefeitura de Niter\u00f3i investe em obras milion\u00e1rias para enfeitar a cidade e n\u00e3o faz as obras de infra-estrutura que poderiam salvar vidas.  As comunidades de Niter\u00f3i est\u00e3o abandonadas \u00e0 sua pr\u00f3pria sorte.<\/p>\n<p>Enquanto isso, com a coniv\u00eancia do poder p\u00fablico, a especula\u00e7\u00e3o imobili\u00e1ria depreda o meio ambiente, ocupa o solo urbano de modo desordenado e submete toda a popula\u00e7\u00e3o \u00e0 sua gan\u00e2ncia.<\/p>\n<p>Quando ainda escavamos a terra com nossas m\u00e3os para retirarmos os corpos das dezenas de mortos nos deslizamentos, ouvimos o prefeito Jorge Roberto Silveira, o secret\u00e1rio de obras Mocarzel, o governador S\u00e9rgio Cabral e o presidente Lula colocarem em nossas costas a culpa pela trag\u00e9dia. Estamos indignados, revoltados e recusamos essa culpa. Nossa dor est\u00e1 sendo usada para legitimar os projetos de remo\u00e7\u00e3o e retirar o nosso direito \u00e0 cidade.<\/p>\n<p>N\u00f3s, favelados, somos parte da cidade e a constru\u00edmos com nossas m\u00e3os e nosso suor. N\u00e3o podemos ser culpados por sofrermos com d\u00e9cadas de abandono, por sermos v\u00edtimas da brutal desigualdade social brasileira e de um modelo urbano excludente. Os que nos culpam, justamente no momento em que mais precisamos de apoio e solidariedade, jamais souberam o que \u00e9 perder sua casa, seus pertences, sua vida e sua hist\u00f3ria em situa\u00e7\u00f5es como a que vivemos agora.<\/p>\n<p>Nossa indigna\u00e7\u00e3o \u00e9 ainda maior que nossa tristeza e, em respeito \u00e0 nossa dor, exigimos o retratamento imediato das autoridades p\u00fablicas.<\/p>\n<p>Ao inv\u00e9s de declara\u00e7\u00f5es que culpam a chuva ou os mortos, queremos o compromisso com pol\u00edticas p\u00fablicas que nos respeitem como cidad\u00e3os e seres humanos.<\/p>\n<p>Comit\u00ea de Mobiliza\u00e7\u00e3o e Solidariedade das Favelas de Niter\u00f3i<\/p>\n<p>Associa\u00e7\u00e3o de Moradores do Morro do Estado<\/p>\n<p>Associa\u00e7\u00e3o de Moradores do Morro da Ch\u00e1cara<\/p>\n<p>SINDSPREV\/RJ<\/p>\n<p>SEPE \u2013 Niter\u00f3i<\/p>\n<p>SINTUFF<\/p>\n<p>DCE-UFF<\/p>\n<p>Mandato do vereador Renatinho (PSOL)<\/p>\n<p>Mandato do deputado estadual Marcelo Freixo (PSOL)<\/p>\n<p>Associa\u00e7\u00e3o dos Profissionais e Amigos do Funk (APAFUNK)<\/p>\n<p>Movimento Direito pra Quem<\/p>\n<p>Coletivo do Curso de Forma\u00e7\u00e3o de Agentes Culturais Populares<\/p>\n","protected":false},"excerpt":{"rendered":"<p>| SINTUFF e Movimentos Rio de Janeiro: Solidariedade \u00e0 popula\u00e7\u00e3o vitima das enchentes. Os \u00faltimos dias t\u00eam se convertido em um verdadeiro pesadelo para a popula\u00e7\u00e3o do Rio de Janeiro. A forte chuva que caiu sobre o estado, na segunda-feira dia 05 de abril, teve<\/p>\n","protected":false},"author":1,"featured_media":0,"comment_status":"closed","ping_status":"open","sticky":false,"template":"","format":"standard","meta":{"footnotes":""},"categories":[2],"tags":[],"class_list":["post-19","post","type-post","status-publish","format-standard","hentry","category-arquivo"],"_links":{"self":[{"href":"https:\/\/www.cstuit.com\/home\/wp-json\/wp\/v2\/posts\/19","targetHints":{"allow":["GET"]}}],"collection":[{"href":"https:\/\/www.cstuit.com\/home\/wp-json\/wp\/v2\/posts"}],"about":[{"href":"https:\/\/www.cstuit.com\/home\/wp-json\/wp\/v2\/types\/post"}],"author":[{"embeddable":true,"href":"https:\/\/www.cstuit.com\/home\/wp-json\/wp\/v2\/users\/1"}],"replies":[{"embeddable":true,"href":"https:\/\/www.cstuit.com\/home\/wp-json\/wp\/v2\/comments?post=19"}],"version-history":[{"count":0,"href":"https:\/\/www.cstuit.com\/home\/wp-json\/wp\/v2\/posts\/19\/revisions"}],"wp:attachment":[{"href":"https:\/\/www.cstuit.com\/home\/wp-json\/wp\/v2\/media?parent=19"}],"wp:term":[{"taxonomy":"category","embeddable":true,"href":"https:\/\/www.cstuit.com\/home\/wp-json\/wp\/v2\/categories?post=19"},{"taxonomy":"post_tag","embeddable":true,"href":"https:\/\/www.cstuit.com\/home\/wp-json\/wp\/v2\/tags?post=19"}],"curies":[{"name":"wp","href":"https:\/\/api.w.org\/{rel}","templated":true}]}}