

	{"id":20,"date":"2010-04-11T19:58:00","date_gmt":"2010-04-11T19:58:00","guid":{"rendered":"https:\/\/www.cstuit.com\/home\/index.php\/2010\/04\/11\/arquivoid-9055\/"},"modified":"2010-04-11T19:58:00","modified_gmt":"2010-04-11T19:58:00","slug":"arquivoid-9055","status":"publish","type":"post","link":"https:\/\/www.cstuit.com\/home\/2010\/04\/11\/arquivoid-9055\/","title":{"rendered":"A CST e a III Confer\u00eancia Eleitoral"},"content":{"rendered":"<p>| Carta da CST e da campanha de Bab\u00e1<\/p>\n<p>Os delegados e as delegadas a esta Confer\u00eancia est\u00e3o conscientes de que nosso partido passa por uma situa\u00e7\u00e3o muito cr\u00edtica, o que aumenta nosso desafio. Desde o II Congresso, quando o setor que ficou em minoria amea\u00e7ou rachar e paralisou o evento, at\u00e9 hoje, a unidade do partido est\u00e1 por um fio.<br \/>\nO apoio expl\u00edcito \u00e0 Marina Silva por parte de dirigentes colocou o PSOL frente \u00e0 possibilidade de se converter em for\u00e7a auxiliar de um partido e de uma candidatura que sustenta a pol\u00edtica econ\u00f4mica de Lula, assim como a de FHC. <\/p>\n<p>Se essa orienta\u00e7\u00e3o fosse levada at\u00e9 o fim traria uma conseq\u00fc\u00eancia grave: o fim do PSOL como um partido de esquerda, independente, alternativo dos diferentes blocos dominantes e de seus sat\u00e9lites; o fim do PSOL de combate e radical, comprometido com o resgate das lutas hist\u00f3ricas e imediatas do povo trabalhador, tra\u00eddas pelo PT. <\/p>\n<p>Apesar deste quadro, estamos reunidos nesta III Confer\u00eancia, com os delegados eleitos, para discutir qual ser\u00e1 o candidato que representar\u00e1 o Partido na disputa de outubro. Isto \u00e9 um triunfo gigantesco, pois significa que, no PSOL, h\u00e1 resist\u00eancia, h\u00e1 reservas pol\u00edticas e morais. H\u00e1 um  setor de dirigentes, uma maioria na base, a qual n\u00e3o aceita transformar o partido em uma legenda eleitoreira, que n\u00e3o aceita negociar seu programa e seus princ\u00edpios para tentar obter, a qualquer custo, alguma vaga parlamentar. E os que defendem essa posi\u00e7\u00e3o est\u00e3o empenhados em que o partido tenha \u00eaxito tamb\u00e9m nas disputas eleitorais, ponto de apoio para nossa luta cotidiana no movimento social.<\/p>\n<p>H\u00e1 resist\u00eancia e a firme decis\u00e3o de milhares de militantes em manter a independ\u00eancia pol\u00edtica e financeira do partido, exigindo que seu Estatuto seja cumprido. N\u00e3o aceitando doa\u00e7\u00f5es de empresas como a da multinacional GERDAU, ou da fabricante de armamentos TAURUS. E felizmente h\u00e1 uma maioria que n\u00e3o aceita fraudes para forjar uma pretensa e auto-intitulada \u201cmaioria\u201d que n\u00e3o corresponde \u00e0 realidade atual do partido. <\/p>\n<p>A crise que vive o PSOL n\u00e3o \u00e9 s\u00f3 de m\u00e9todo e de procedimentos. Trata-se de uma crise pol\u00edtica, cuja raz\u00e3o \u00e9 a tentativa de mudar seu car\u00e1ter, retroceder em seu programa, alterar seu perfil e, at\u00e9, sua breve hist\u00f3ria. Com o discurso de n\u00e3o \u201cse isolar num gueto\u201d um setor de dirigentes, na busca desesperada de resultados eleitorais para seus candidatos, decidiu, novamente, apelando a argumentos falsos ou grosseiramente distorcidos, por m\u00e9todos caracter\u00edsticos de nossos inimigos de classe: financiamento do capitalistas (votado na confer\u00eancia ga\u00facha), acordos e alian\u00e7as sem base pol\u00edtica e de princ\u00edpios, como por exemplo, coligar com partidos da base governista, como agora nas negocia\u00e7\u00f5es com o PMN no Acre.  Somos parte dos que  querem que o PSOL ocupe o espa\u00e7o que existe \u00e0 esquerda no pa\u00eds, por\u00e9m n\u00e3o venderemos nossa consci\u00eancia, n\u00e3o mudaremos nossos princ\u00edpios, n\u00e3o abandonaremos nosso programa para supostamente conseguir isso. Quem seguir a linha de tal transformismo j\u00e1 pode visualizar seu futuro na fal\u00eancia do PT e na degenera\u00e7\u00e3o de seus dirigentes.<\/p>\n<p>Mudar o car\u00e1ter do partido significa afastar o PSOL das lutas e das necessidades do povo trabalhador. Significa enterrar a defini\u00e7\u00e3o marxista de que sem mobiliza\u00e7\u00e3o e luta do movimento de massas nada ser\u00e1 conquistado, substituindo-a por um suposto projeto de \u201cpoder\u201d baseado no pragmatismo eleitoral e na mera conquista de mandatos, desconectados de nossa classe.<\/p>\n<p>A fra\u00e7\u00e3o que foi vanguarda na defesa do apoio \u00e0 Marina e que lan\u00e7ou Martiniano para manter a defesa dessa pol\u00edtica, a fra\u00e7\u00e3o de Helo\u00edsa\/MES\/MTL, atribui \u00e0 \u201cconjuntura\u201d suas pr\u00f3prias contradi\u00e7\u00f5es e impot\u00eancia. Esquecendo que o dever de um revolucion\u00e1rio \u00e9 a milit\u00e2ncia permanente para organizar e mobilizar setores do movimento de massas, em qualquer conjuntura, em torno de suas necessidades imediatas, desenvolvendo suas for\u00e7as na perspectiva de um projeto de poder para que sejam os trabalhadores e o povo os que decidam e governem, de forma independente da burguesia e de seus partidos por meio de novas institui\u00e7\u00f5es. <\/p>\n<p>Com o objetivo de proceder a uma mudan\u00e7a t\u00e3o brutal, adaptada ao regime e ao Estado burgu\u00eas, \u00e9 que precisaram apelar aos m\u00e9todos tradicionais dos partidos da burguesia: a fraude, o vale tudo, o personalismo e o \u201ccaudilhismo\u201d por cima das inst\u00e2ncias e das delibera\u00e7\u00f5es coletivas da milit\u00e2ncia.<br \/>\nMas, \u00e9 poss\u00edvel afirmar, apesar da grave crise, que conseguimos dar passos \u00e0 frente, pois n\u00e3o cedemos \u00e0s chantagens no Congresso, derrotamos \u00e0 pol\u00edtica de apoio \u00e0 Marina e ao PV, derrotamos o estado de exce\u00e7\u00e3o, impedimos o golpe de mar\u00e7o e estamos firmes e unidos para impedir a fraude e outras manobras.<\/p>\n<p>Nesta caminhada, a candidatura de Bab\u00e1 apresentou, por todos os lados, esta vis\u00e3o e nossas propostas para que o PSOL retome seu rumo, seu projeto fundacional: ser uma alternativa de esquerda e de classe frente \u00e0 trai\u00e7\u00e3o de Lula e \u00e0 falsa oposi\u00e7\u00e3o da direita tradicional. Uma alternativa de poder para o povo trabalhador brasileiro, de ruptura com a  ordem estabelecida.<br \/>\nE neste percurso, conforme Bab\u00e1 expressou na reuni\u00e3o do DN de Abril, tivemos a imensa alegria de andar lado a lado com o companheiro Pl\u00ednio de Arruda Sampaio, tamb\u00e9m pr\u00e9-candidato \u00e0 Presid\u00eancia e apoiado por uma maioria expressiva de nossa milit\u00e2ncia.<\/p>\n<p>Ao afirmar que caminhamos lado a lado ressaltamos de forma coerente que temos importantes debates a fazer com Pl\u00ednio e muitos dos que o ap\u00f3iam. Temos, sim, diverg\u00eancias, por exemplo, com o Programa Democr\u00e1tico e Popular que reivindicam os companheiros da APS, e com o marco de alian\u00e7as que sempre defenderam. Mas, \u00e9 preciso saber reconhecer como revolucion\u00e1rios quais as tarefas inadi\u00e1veis em cada momento. Na defesa de nosso partido frente \u00e0 tentativa de desfiguramento, estivemos junto com Pl\u00ednio, com quem destacamos dois acordos fundamentais: tanto Bab\u00e1, quanto Pl\u00ednio, rejeitaram o apoio \u00e0 Marina\/PV e defenderam a candidatura pr\u00f3pria, assim como rejeitaram o m\u00e9todo do vale tudo e da fraude para impor sua vis\u00e3o e seu nome ao partido. Ambos defendem a democracia partid\u00e1ria e o respeito as minorias internas.<\/p>\n<p> A CST incessantemente afirmou que essas s\u00e3o quest\u00f5es de vital import\u00e2ncia para o futuro partid\u00e1rio. S\u00e3o pontos de partida com os quais, se conseguirmos ser consequentes, se poder\u00e1 reafirmar o PSOL e ajud\u00e1-lo a retomar o rumo, encarando as diverg\u00eancias pol\u00edticas num marco fraterno, sem chantagens e fracionalismo permanente.<\/p>\n<p>Para fortalecer a unidade, votaremos Pl\u00ednio Presidente<\/p>\n<p>Para fortalecer esta perspectiva, e reconhecendo hoje nossa vota\u00e7\u00e3o minorit\u00e1ria, a CST decidiu retirar sua candidatura, materializada no companheiro Bab\u00e1, agradecendo a toda a milit\u00e2ncia o apoio e o carinho demonstrado, para chamar \u00e0 delega\u00e7\u00e3o que nos representa a votar na candidatura do companheiro Pl\u00ednio. <\/p>\n<p>Estamos seguros e confiantes ao dar este passo. Assim, podemos fortalecer a candidatura que \u00e9, hoje, majorit\u00e1ria na base do partido, e melhor pode unific\u00e1-lo. Assim poderemos fomentar uma campanha eleitoral que apresente o PSOL, suas propostas e candidatos, sem subterf\u00fagios e sem necessidade de pactos e acordos esp\u00farios que s\u00f3 debilitar\u00e3o a luta por construir uma ferramenta pol\u00edtica de classe para os trabalhadores.<\/p>\n<p>Damos este passo para fortalecer uma alternativa unit\u00e1ria. Para junto com Pl\u00ednio lutar por uma pol\u00edtica que denuncie a falsa polariza\u00e7\u00e3o que pretendem apresentar entre Dilma e Serra e, igualmente, alertar que Marina n\u00e3o \u00e9 alternativa, mas continuidade.  Estamos com Pl\u00ednio Presidente para apresentar uma op\u00e7\u00e3o que n\u00e3o se renda \u00e0 popularidade do Presidente, que denuncie a gigantesca crise social do Brasil de Lula, como vemos, agora, em Niter\u00f3i. Para que nosso candidato chame o povo a lutar e se mobilizar em busca de solu\u00e7\u00f5es de fundo, que coloque nossa campanha eleitoral a servi\u00e7o das necessidades do povo brasileiro e n\u00e3o de projetos de poder e prest\u00edgio individual.<\/p>\n<p>Ao lado de Pl\u00ednio desejamos conformar a Frente de Esquerda (PSTU, PCB e os movimento sociais classistas) como nosso \u00fanico arco de alian\u00e7a em todo o pa\u00eds; construir uma nova ferramenta de luta para a classe trabalhadora por meio do CONCLAT e fortalecer as lutas populares.<\/p>\n<p>Conjuntamente desejamos recha\u00e7ar o dinheiro da patronal nas campanhas do PSOL e garantir que n\u00e3o existam campanhas estadualizadas e nem \u201cdobradinhas\u201d informais com Marina-PV.<\/p>\n<p>Votamos no camarada Pl\u00ednio para seguir defendendo a CPI da d\u00edvida impulsionada pelo PSOL, a auditoria com suspens\u00e3o do pagamento dos juros e amortiza\u00e7\u00f5es, canalizado esses recursos para as \u00e1reas sociais. Para combater a falsa democracia dos ricos e da corrup\u00e7\u00e3o, com seus mensal\u00f5es e compra de legendas por meio do financiamento privado de campanha. Para conquistar soberania nacional, combatendo o sub-imperialismo das multinacionais e do governo do Lula e reestatizando setores estrategicos de nosso economia. <\/p>\n<p>Corrente Socialista dos Trabalhadores \u2013 10 de Abril de 2010<\/p>\n","protected":false},"excerpt":{"rendered":"<p>| Carta da CST e da campanha de Bab\u00e1 Os delegados e as delegadas a esta Confer\u00eancia est\u00e3o conscientes de que nosso partido passa por uma situa\u00e7\u00e3o muito cr\u00edtica, o que aumenta nosso desafio. Desde o II Congresso, quando o setor que ficou em minoria<\/p>\n","protected":false},"author":1,"featured_media":0,"comment_status":"closed","ping_status":"open","sticky":false,"template":"","format":"standard","meta":{"footnotes":""},"categories":[2],"tags":[],"class_list":["post-20","post","type-post","status-publish","format-standard","hentry","category-arquivo"],"_links":{"self":[{"href":"https:\/\/www.cstuit.com\/home\/wp-json\/wp\/v2\/posts\/20","targetHints":{"allow":["GET"]}}],"collection":[{"href":"https:\/\/www.cstuit.com\/home\/wp-json\/wp\/v2\/posts"}],"about":[{"href":"https:\/\/www.cstuit.com\/home\/wp-json\/wp\/v2\/types\/post"}],"author":[{"embeddable":true,"href":"https:\/\/www.cstuit.com\/home\/wp-json\/wp\/v2\/users\/1"}],"replies":[{"embeddable":true,"href":"https:\/\/www.cstuit.com\/home\/wp-json\/wp\/v2\/comments?post=20"}],"version-history":[{"count":0,"href":"https:\/\/www.cstuit.com\/home\/wp-json\/wp\/v2\/posts\/20\/revisions"}],"wp:attachment":[{"href":"https:\/\/www.cstuit.com\/home\/wp-json\/wp\/v2\/media?parent=20"}],"wp:term":[{"taxonomy":"category","embeddable":true,"href":"https:\/\/www.cstuit.com\/home\/wp-json\/wp\/v2\/categories?post=20"},{"taxonomy":"post_tag","embeddable":true,"href":"https:\/\/www.cstuit.com\/home\/wp-json\/wp\/v2\/tags?post=20"}],"curies":[{"name":"wp","href":"https:\/\/api.w.org\/{rel}","templated":true}]}}