

	{"id":2382,"date":"2017-07-03T03:00:14","date_gmt":"2017-07-03T03:00:14","guid":{"rendered":"https:\/\/www.cstuit.com\/home\/?p=2382"},"modified":"2017-07-03T03:07:15","modified_gmt":"2017-07-03T03:07:15","slug":"3006-apesar-do-desmonte-ocorreu-um-importante-dia-de-luta-e-paralisacoes","status":"publish","type":"post","link":"https:\/\/www.cstuit.com\/home\/2017\/07\/03\/3006-apesar-do-desmonte-ocorreu-um-importante-dia-de-luta-e-paralisacoes\/","title":{"rendered":"30\/06: Apesar do desmonte, ocorreu um importante dia de luta e paralisa\u00e7\u00f5es"},"content":{"rendered":"<p dir=\"ltr\" style=\"text-align: justify;\">O dia 30 de junho foi uma importante jornada de protesto nacional, momento em \u00a0que in\u00fameras categorias da classe trabalhadora fizeram greves ou paralisa\u00e7\u00f5es, cuja intensidade variou em cada Estado. A maior for\u00e7a das greves se concentrou em banc\u00e1rios, servidores p\u00fablicos, petroleiros e incluiu setores dos transportes. Ocorreram passeatas ao longo do dia, a exemplo do protesto unificado do Rio de Janeiro, contra Temer e as reformas, com 30 mil pessoas. As bases, em grande medida, mostraram disposi\u00e7\u00e3o de luta e onde ocorreram atividades de rua, houve apoio popular. Nesse dia, retomamos a luta ap\u00f3s o Ocupa Bras\u00edlia, mostrando que o ascenso visto na greve geral de abril segue vigente.<\/p>\n<p style=\"text-align: justify;\"><strong>A luta se manteve apesar do desmonte da greve geral.<\/strong><\/p>\n<p style=\"text-align: justify;\">No dia 14 de junho, numa reuni\u00e3o \u201cinformal\u201d, CUT e CTB transformaram a greve num gen\u00e9rico \u201cjunho de lutas\u201d. O mesmo fez a For\u00e7a Sindical ao iniciar negocia\u00e7\u00f5es para garantir o imposto sindical. Na reuni\u00e3o do dia 23\/6 a c\u00fapula das Centrais desmontou a greve geral e abandonou a defesa do Fora Temer. Essa pol\u00edtica foi vista na aus\u00eancia de assembleias, e na falta de divulga\u00e7\u00e3o da data e da greve em categorias estrat\u00e9gicas. Isso prejudicou a greve at\u00e9 em setores combativos como os metrovi\u00e1rios de SP, onde a base rejeitou a paralisa\u00e7\u00e3o, j\u00e1 que nenhum outro sindicato dos transportes da cidade iria parar e era vis\u00edvel que n\u00e3o havia uma a\u00e7\u00e3o unificada.<\/p>\n<p style=\"text-align: justify;\"><strong>O desmonte \u00e9 parte do acord\u00e3o que salva Temer, Lula, A\u00e9cio e os demais corruptos!<\/strong><\/p>\n<p style=\"text-align: justify;\">O desmonte est\u00e1 ligado ao acord\u00e3o que envolve PMDB, PT, PSDB, que visa salvar os corruptos, deix\u00e1-los impunes (Temer, A\u00e9cio, Lula e Paulinho) e manter Temer at\u00e9 2018. Lula acaba de defender Temer em recente declara\u00e7\u00e3o: \u201cSe o procurador-geral da Rep\u00fablica tem uma den\u00fancia contra o presidente da Rep\u00fablica, ele primeiro precisa provar\u201d (<a href=\"http:\/\/jovempan.uol.com.br\/\" target=\"_blank\" data-saferedirecturl=\"https:\/\/www.google.com\/url?hl=pt-BR&amp;q=http:\/\/jovempan.uol.com.br&amp;source=gmail&amp;ust=1499133909384000&amp;usg=AFQjCNHmHIKUzDK8y4qEifBAII0ma75F5Q\"><u><span style=\"color: #1155cc;\">jovempan.uol.com.br<\/span><\/u><\/a>). Est\u00e1 evidente que o PT e a dire\u00e7\u00e3o da CUT\/CTB preparam-se para 2018 e aceitam a perman\u00eancia de Temer, mostrando que o discurso do \u201cgolpe\u201d ou das Diretas \u201cj\u00e1\u201d \u00e9 apenas para se vitimizar e recuperar fol\u00eago enquanto se pavimenta uma frente eleitoral liderada por Lula. Por isso foi preciso incorporar a burocracia sindical no acord\u00e3o para abortar a greve geral, pois a mobiliza\u00e7\u00e3o amea\u00e7ava a perman\u00eancia de Temer. O fato \u00e9 que, apesar das diverg\u00eancias, Lula, Temer e FHC tem dois pontos em comum: evitar que a classe trabalhadora, atrav\u00e9s da greve geral, derrube o governo Temer e derrote as reformas; e garantir a impunidade aos corruptos que governaram o pa\u00eds nos \u00faltimos 30 anos. Esse acord\u00e3o foi visto na unidade do PMDB, PT e PSDB no julgamento do TSE que absolveu a chapa Dilma\/Temer, nas decis\u00f5es que tiram o deputado Loures da pris\u00e3o e que devolvem o mandato de A\u00e9cio Neves. O Senador Jader Barbalho, do PMDB, discursou em defesa de Lula, pregando uni\u00e3o dos tr\u00eas maiores partidos contra a Lava Jato.<\/p>\n<p style=\"text-align: justify;\"><strong>H\u00e1 disposi\u00e7\u00e3o de luta e \u00e9 preciso que as bases decidam os pr\u00f3ximos passos<\/strong><\/p>\n<p style=\"text-align: justify;\">H\u00e1 disposi\u00e7\u00e3o de luta nas bases. As desigualdades e limita\u00e7\u00f5es do dia 30\/6 foram impostas pela c\u00fapula das Centrais. N\u00e3o se pode jogar a culpa nas categorias, como se o problema fosse a aus\u00eancia de ades\u00e3o por um suposto \u201cmedo de demiss\u00e3o\u201d. Esses argumentos eram utilizados ano passado para bloquear a convoca\u00e7\u00e3o da greve geral e n\u00e3o se sustentam. A disposi\u00e7\u00e3o de luta que existe \u00e9 fruto da constata\u00e7\u00e3o de que n\u00e3o se pode tolerar mais o governo corrupto de Temer e suas reformas.\u00a0 E j\u00e1 est\u00e1 evidente que o Congresso Nacional da Odebrecht, o TSE (Tribunal Superior Eleitoral) e o STF (Supremo Tribunal Federal) est\u00e3o absolvendo os corruptos e buscando estabilizar o pa\u00eds para aplica\u00e7\u00e3o de mais reformas.\u00a0 N\u00e3o h\u00e1 d\u00favidas de que o melhor m\u00e9todo para derrubar Temer, derrotar as reformas e punir os corruptos seria uma nova greve geral, por\u00e9m a c\u00fapula das Centrais Sindicais est\u00e1 contra. Para garantir a continuidade da luta, os trabalhadores dos sindicatos da For\u00e7a Sindical e UGT devem exigir que seus dirigentes abandonem as negocia\u00e7\u00f5es com o Ministro do Trabalho. Do mesmo modo, os trabalhadores dos sindicatos da CUT e CTB devem exigir que a c\u00fapula abandone o acord\u00e3o que salva os corruptos. \u00c9 preciso exigir assembleias democr\u00e1ticas em cada local de trabalho.<\/p>\n<p style=\"text-align: justify;\"><strong>A maioria da esquerda n\u00e3o pode se manter atrelada ao Lulismo<\/strong><\/p>\n<p style=\"text-align: justify;\">Mesmo com a trai\u00e7\u00e3o das dire\u00e7\u00f5es Lulistas, a dire\u00e7\u00e3o majorit\u00e1ria do PSOL e a dire\u00e7\u00e3o do MTST insistem em construir Frentes Pol\u00edticas comuns com o PT e PCdoB. Um erro que os impede de construir uma alternativa. Ao mesmo tempo, tem como eixo a \u201cFrente Ampla pelas Diretas j\u00e1\u201d que \u00e9 integrada por partidos burgueses e visa \u201cestabilizar\u201d o regime, atrav\u00e9s de elei\u00e7\u00f5es. Por isso essas dire\u00e7\u00f5es n\u00e3o combateram o desmonte da greve geral. \u00c9 preciso que o PSOL, MTST e INTERSINDICAL rompam com o Lulismo e abandonem a Frente Ampla com partidos burgueses! Para construir uma alternativa junto com PSTU, PCB, CSP-CONLUTAS e batalhar pela continuidade da luta.<\/p>\n<p style=\"text-align: justify;\"><strong>Pra luta continuar \u00e9 preciso construir um bloco combativo e classista<\/strong><\/p>\n<p style=\"text-align: justify;\">Contra a linha da c\u00fapula das centrais, in\u00fameros sindicatos e organiza\u00e7\u00f5es se posicionaram pela manuten\u00e7\u00e3o da greve geral no dia 30\/6, como as organiza\u00e7\u00f5es que se reuniram no SEPE (Sindicato da Educa\u00e7\u00e3o do RJ) no dia 19 de junho, a plen\u00e1ria do F\u00f3rum Ga\u00facho em Defesa da Previd\u00eancia, a FENAMETRO, a Frente de Esquerda Socialista e a CSP-CONLUTAS. Nos parece que a express\u00e3o com mais for\u00e7a foi a plen\u00e1ria realizada no SEPE, construindo um manifesto unificado, realizando plen\u00e1rias semanais e um panfleto unit\u00e1rio. Foi um polo amplo que ajudou a unificar o protesto da candel\u00e1ria no dia 30\/6. Um bloco que atuou em unidade de a\u00e7\u00e3o com sindicatos e ativistas de v\u00e1rias centrais sindicais, que discordaram do desmonte da greve geral. Entendemos que a CSP-CONLUTAS poderia tentar nacionalizar o que est\u00e1 ocorrendo no RJ, ajudando a construir esse espa\u00e7o que surgiu da plen\u00e1ria do SEPE ou desenvolvendo outras experi\u00eancias.\u00a0 Se existisse um bloco assim em SP estar\u00edamos em melhores condi\u00e7\u00f5es para lutar contra o desmonte e melhorar nossa batalha na base metrovi\u00e1ria. A Central deve se colocar \u00e0 disposi\u00e7\u00e3o para agrupar amplamente os descontentes com o desmonte, visto que atualmente nenhuma central \u00e9 por si s\u00f3 um \u201cpolo\u201d. Esta tarefa \u00e9 de todos os que estiveram na plen\u00e1ria do SEPE. Por isso, para construir esse bloco e dar continuidade \u00e0 luta, propomos:<\/p>\n<p style=\"text-align: justify;\">1- <strong>Barrar o desmonte da luta! Seguir a mobiliza\u00e7\u00e3o at\u00e9 derrubar Temer e derrotar as Reformas!<\/strong> Propor que a pr\u00f3xima reuni\u00e3o das centrais sindicais convoque uma Plen\u00e1ria Nacional de Sindicatos para discutir a continuidade da luta, realizando assembleias de base;<\/p>\n<p style=\"text-align: justify;\">2- <strong>Construir um bloco combativo nacional!<\/strong> Que o SEPE, Petroleiros, SINTUFF, FASUBRA, FENASPS e a CSP-CONLUTAS batalhem por uma reuni\u00e3o unificada das organiza\u00e7\u00f5es que foram contra o desmonte e querem seguir a luta. Lutar junto ao ANDES-SN pela constru\u00e7\u00e3o de um Encontro da Classe Trabalhadora;<\/p>\n<p style=\"text-align: justify;\">\u00a03- <strong>N\u00e3o ao acord\u00e3o que salva os corruptos!<\/strong> Defendemos Pris\u00e3o e confisco de bens dos pol\u00edticos e empres\u00e1rios corruptos! Estatiza\u00e7\u00e3o, sem indeniza\u00e7\u00e3o, das empresas denunciadas na Lava jato, colocando-as sob controle dos trabalhadores. Revoga\u00e7\u00e3o de todas as vota\u00e7\u00f5es contra os trabalhadores e contra o patrim\u00f4nio estatal durante a vig\u00eancia desse esquema mafioso;<\/p>\n<p style=\"text-align: justify;\">4- <strong>Por um plano econ\u00f4mico alternativo, oper\u00e1rio e popular, para sair da crise<\/strong>! Defendemos o n\u00e3o pagamento da d\u00edvida interna e externa para investir em sal\u00e1rio, sa\u00fade, educa\u00e7\u00e3o e um plano de gera\u00e7\u00e3o de empregos! Estatizar o sistema financeiro, baixar os juros, taxar as grandes fortunas e acabar com as isen\u00e7\u00f5es fiscais para investir em moradia popular e transporte p\u00fablico! Por reposi\u00e7\u00e3o das perdas salariais semestralmente, redu\u00e7\u00e3o da jornada de trabalho para 40h, congelamento dos pre\u00e7os da cesta b\u00e1sica e tarifas p\u00fablicas. Por trabalho igual, sal\u00e1rio igual.<\/p>\n<p style=\"text-align: justify;\">02\/07\/17<\/p>\n<p style=\"text-align: justify;\">Corrente Socialista dos Trabalhadores &#8211; PSOL<\/p>\n","protected":false},"excerpt":{"rendered":"<p>O dia 30 de junho foi uma importante jornada de protesto nacional, momento em \u00a0que in\u00fameras categorias da classe trabalhadora fizeram greves ou paralisa\u00e7\u00f5es, cuja intensidade variou em cada Estado. A maior for\u00e7a das greves se concentrou em banc\u00e1rios, servidores p\u00fablicos, petroleiros e incluiu setores<\/p>\n","protected":false},"author":2,"featured_media":2389,"comment_status":"open","ping_status":"open","sticky":false,"template":"","format":"standard","meta":{"footnotes":""},"categories":[5],"tags":[],"class_list":["post-2382","post","type-post","status-publish","format-standard","has-post-thumbnail","hentry","category-nacional"],"_links":{"self":[{"href":"https:\/\/www.cstuit.com\/home\/wp-json\/wp\/v2\/posts\/2382","targetHints":{"allow":["GET"]}}],"collection":[{"href":"https:\/\/www.cstuit.com\/home\/wp-json\/wp\/v2\/posts"}],"about":[{"href":"https:\/\/www.cstuit.com\/home\/wp-json\/wp\/v2\/types\/post"}],"author":[{"embeddable":true,"href":"https:\/\/www.cstuit.com\/home\/wp-json\/wp\/v2\/users\/2"}],"replies":[{"embeddable":true,"href":"https:\/\/www.cstuit.com\/home\/wp-json\/wp\/v2\/comments?post=2382"}],"version-history":[{"count":0,"href":"https:\/\/www.cstuit.com\/home\/wp-json\/wp\/v2\/posts\/2382\/revisions"}],"wp:featuredmedia":[{"embeddable":true,"href":"https:\/\/www.cstuit.com\/home\/wp-json\/wp\/v2\/media\/2389"}],"wp:attachment":[{"href":"https:\/\/www.cstuit.com\/home\/wp-json\/wp\/v2\/media?parent=2382"}],"wp:term":[{"taxonomy":"category","embeddable":true,"href":"https:\/\/www.cstuit.com\/home\/wp-json\/wp\/v2\/categories?post=2382"},{"taxonomy":"post_tag","embeddable":true,"href":"https:\/\/www.cstuit.com\/home\/wp-json\/wp\/v2\/tags?post=2382"}],"curies":[{"name":"wp","href":"https:\/\/api.w.org\/{rel}","templated":true}]}}