

	{"id":2517,"date":"2017-07-31T11:25:34","date_gmt":"2017-07-31T11:25:34","guid":{"rendered":"https:\/\/www.cstuit.com\/home\/?p=2517"},"modified":"2017-09-30T20:44:26","modified_gmt":"2017-09-30T20:44:26","slug":"temer-segue-o-ajuste-fiscal-e-conta-com-a-cumplicidade-das-direcoes-burocraticas-dia-0208-devemos-tomar-as-ruas","status":"publish","type":"post","link":"https:\/\/www.cstuit.com\/home\/2017\/07\/31\/temer-segue-o-ajuste-fiscal-e-conta-com-a-cumplicidade-das-direcoes-burocraticas-dia-0208-devemos-tomar-as-ruas\/","title":{"rendered":"Temer segue o ajuste fiscal e conta com a cumplicidade das dire\u00e7\u00f5es burocr\u00e1ticas! Dia 02\/08 devemos tomar \u00e0s ruas!"},"content":{"rendered":"<p>O pa\u00eds atravessa a pior crise econ\u00f4mica da hist\u00f3ria. Cresce a mis\u00e9ria, a viol\u00eancia e o desemprego que alcan\u00e7a a cifra recorde de quase 15 milh\u00f5es de pessoas.\u00a0 Enquanto isso, Temer anunciou novas medidas contra o povo, reajuste dos combust\u00edveis, bloqueio de R$ 5,9 bilh\u00f5es no Or\u00e7amento da Uni\u00e3o (o que significa cortes nas \u00e1reas sociais), e o Programa de Demiss\u00e3o Volunt\u00e1ria para trabalhadores dos Correios, do BNDES, da Petrobras, da CEF, do Banco do Brasil, e para servidores p\u00fablicos federais. A recente aprova\u00e7\u00e3o da reforma trabalhista no senado, que retira direitos hist\u00f3ricos dos trabalhadores, \u00e9 parte desses ataques. Essas medidas s\u00f3 v\u00e3o piorar ainda mais a vida da popula\u00e7\u00e3o trabalhadora, a exemplo da triste realidade dos servidores do Rio de Janeiro, que sem receber sal\u00e1rios, enfrentam longas filas para conseguir uma cesta b\u00e1sica.<\/p>\n<p>O objetivo do Temer \u00e9 o mesmo de seus antecessores: promover o ajuste fiscal para seguir pagando bilh\u00f5es ao sistema financeiro, enquanto a D\u00edvida P\u00fablica (externa e interna) continua crescendo e j\u00e1 chegou aos R$ 3,35 trilh\u00f5es.<\/p>\n<p>A aprova\u00e7\u00e3o do parecer contr\u00e1rio \u00e0 den\u00fancia contra o governo na CCJ (Comiss\u00e3o de Constitui\u00e7\u00e3o e Justi\u00e7a) s\u00f3 foi poss\u00edvel pelo troca troca de deputados e a gastan\u00e7a de 134 milh\u00f5es em emendas. Mas, a novela n\u00e3o acabou! Dia 02 de agosto os deputados devem votar o parecer contra Temer, e dependendo do resultado a crise nas alturas tende a se aprofundar.<\/p>\n<p>Os pol\u00edticos s\u00e3o cada vez mais odiados! Temer tem rejei\u00e7\u00e3o recorde de 94%, o corrupto A\u00e9cio Neves, apesar de ter n\u00e3o ter sido preso, tem 90% de rejei\u00e7\u00e3o; Marina Silva, que \u00e9 a favor das reformas \u00e9 rejeitada por 59%; o reacion\u00e1rio Jair Bolsonaro, que apoia as reformas, por 53% e os ex-presidentes Lula e Dilma foram reprovados por 80% e 86% respectivamente.<\/p>\n<p><strong>A reforma trabalhista e a trai\u00e7\u00e3o das dire\u00e7\u00f5es sindicais!\u00a0\u00a0<\/strong><\/p>\n<p>As dire\u00e7\u00f5es da CUT e CTB, que abandonaram o Fora Temer e a luta contra as reformas, n\u00e3o organizaram nenhum ato no dia da aprova\u00e7\u00e3o da reforma trabalhista. S\u00e3o c\u00famplices da aprova\u00e7\u00e3o desse ataque, junto a For\u00e7a Sindical, CGT, UGT. Esses burocratas fizeram o jogo do governo Temer! Paulinho da FS realiza reuni\u00f5es secretas com o governo para negociar seus privil\u00e9gios. A CUT e a CTB, ao inv\u00e9s de organizar as mobiliza\u00e7\u00f5es, s\u00f3 pensam em salvar\u00a0 Lula, condenado por corrup\u00e7\u00e3o. Os atos em apoio ao ex-presidente foram minguados. Lula paga o pre\u00e7o por trair os trabalhadores. Por isso os oper\u00e1rios do ABC paulista, que foi ber\u00e7o do lulismo, est\u00e3o preocupados com os ataques aos seus direitos e n\u00e3o com a pele do ex-presidente. Lula acaba de atacar o PSOL, chamando de \u201cfrescura\u201d o fato do PSOL n\u00e3o aceitar o jogo sujo da politicagem.<\/p>\n<p>Muitos trabalhadores de base das centrais est\u00e3o se rebelando contra essas dire\u00e7\u00f5es burocr\u00e1ticas, que romperam a unidade constru\u00edda desde mar\u00e7o.<\/p>\n<p><strong>Faltou correla\u00e7\u00e3o de for\u00e7as?<\/strong><\/p>\n<p>Muitos setores de esquerda se apressaram em dizer que a aprova\u00e7\u00e3o da reforma trabalhista ocorreu por aus\u00eancia de uma correla\u00e7\u00e3o de for\u00e7as favor\u00e1vel aos trabalhadores. Essa leitura nega a realidade do papel traidor das dire\u00e7\u00f5es sindicais e pol\u00edticas, que na nossa opini\u00e3o tem sido decisivo. Desde mar\u00e7o, os trabalhadores e a juventude n\u00e3o param de lutar, e em todos esses calend\u00e1rios n\u00e3o houve uma prepara\u00e7\u00e3o efetiva das principais dire\u00e7\u00f5es sindicais. Mesmo assim, os trabalhadores t\u00eam sido heroicos: dia 28\/04, mais de 40 milh\u00f5es de trabalhadores fizeram uma greve geral, dia 24\/05, a marcha dos 150 mil em Bras\u00edlia enfrentaram as for\u00e7as repressivas. A disposi\u00e7\u00e3o de luta continua forte, o grande e decisivo problema tem sido o papel das dire\u00e7\u00f5es burocr\u00e1ticas. No entanto, em meio a uma conjuntura de lutas, se abre a possibilidade de superar essas dire\u00e7\u00f5es degeneradas, apostando em rebeli\u00f5es de base e na vanguarda sindical, que est\u00e1 se forjando nas lutas e enfrentamentos.<\/p>\n<p><strong>Dia 02 de agosto tomar \u00e0s ruas pelo Fora Temer!<\/strong><\/p>\n<p>Dia 2 de agosto est\u00e1 marcada a data para a vota\u00e7\u00e3o sobre a den\u00fancia contra Temer na C\u00e2mara dos Deputados. Nesse dia \u00e9 preciso que haja mobiliza\u00e7\u00f5es em todos os estados. As maiores centrais sindicais fazem corpo mole e n\u00e3o confiamos \u00a0nesses deputados comprados. \u00c9 preciso tomar as ruas, fazer atos, parar o pa\u00eds! A \u00fanica forma de arrancar Temer da presid\u00eancia \u00e9 por meio da press\u00e3o das mobiliza\u00e7\u00f5es.<\/p>\n<p><strong>Construir um polo combativo e de luta<\/strong><\/p>\n<p>Os trabalhadores seguem indignados e com disposi\u00e7\u00e3o de luta! O FONASEFE (F\u00f3rum dos Servidores P\u00fablicos Federais) vai realizar nos pr\u00f3ximos dias uma Plen\u00e1ria Nacional. Esta reuni\u00e3o tem a responsabilidade de construir uma poderosa greve geral de todo o servi\u00e7o p\u00fablico contra os ajustes do Temer. A FENASPS (Federa\u00e7\u00e3o Nacional dos Trabalhadores da Sa\u00fade) j\u00e1 marcou greve para o dia 16\/08, data que deveria ser debatida para uma poss\u00edvel unifica\u00e7\u00e3o de todo o funcionalismo. Nesse processo, \u00e9 urgente construirmos um polo combativo, unificando o PSOL, PSTU, PCB, CONLUTAS, ANDES, FONASEFE, FENASP, FASUBRA, SEPE\/RJ, metrovi\u00e1rios de SP, junto aos trabalhadores da base da CUT, CTB, FS, UGT, CGT, que n\u00e3o concordam com as trai\u00e7\u00f5es de suas dire\u00e7\u00f5es. \u00c9 necess\u00e1rio seguir lutando pelo Fora Temer, contra a reforma previdenci\u00e1ria e pela anula\u00e7\u00e3o da reforma trabalhista e da terceiriza\u00e7\u00e3o, e unificar com as campanhas salariais de diversas categorias. \u00c9 urgente tamb\u00e9m a constru\u00e7\u00e3o de uma Plen\u00e1ria ou Reuni\u00e3o Nacional, que debata um plano de luta e a constru\u00e7\u00e3o de um plano econ\u00f4mico alternativo, que acabe de vez com a sangria de nosso pa\u00eds.<\/p>\n<p>27\/07\/2017<\/p>\n<p>Executivo Nacional da CST\/PSOL<\/p>\n<p>&nbsp;<\/p>\n<p>&nbsp;<\/p>\n<p>&nbsp;<\/p>\n","protected":false},"excerpt":{"rendered":"<p>O pa\u00eds atravessa a pior crise econ\u00f4mica da hist\u00f3ria. Cresce a mis\u00e9ria, a viol\u00eancia e o desemprego que alcan\u00e7a a cifra recorde de quase 15 milh\u00f5es de pessoas.\u00a0 Enquanto isso, Temer anunciou novas medidas contra o povo, reajuste dos combust\u00edveis, bloqueio de R$ 5,9 bilh\u00f5es<\/p>\n","protected":false},"author":2,"featured_media":2518,"comment_status":"open","ping_status":"open","sticky":false,"template":"","format":"standard","meta":{"footnotes":""},"categories":[135,5],"tags":[154,340],"class_list":["post-2517","post","type-post","status-publish","format-standard","has-post-thumbnail","hentry","category-editorial","category-nacional","tag-fora-temer","tag-tomar-as-ruas"],"_links":{"self":[{"href":"https:\/\/www.cstuit.com\/home\/wp-json\/wp\/v2\/posts\/2517","targetHints":{"allow":["GET"]}}],"collection":[{"href":"https:\/\/www.cstuit.com\/home\/wp-json\/wp\/v2\/posts"}],"about":[{"href":"https:\/\/www.cstuit.com\/home\/wp-json\/wp\/v2\/types\/post"}],"author":[{"embeddable":true,"href":"https:\/\/www.cstuit.com\/home\/wp-json\/wp\/v2\/users\/2"}],"replies":[{"embeddable":true,"href":"https:\/\/www.cstuit.com\/home\/wp-json\/wp\/v2\/comments?post=2517"}],"version-history":[{"count":0,"href":"https:\/\/www.cstuit.com\/home\/wp-json\/wp\/v2\/posts\/2517\/revisions"}],"wp:featuredmedia":[{"embeddable":true,"href":"https:\/\/www.cstuit.com\/home\/wp-json\/wp\/v2\/media\/2518"}],"wp:attachment":[{"href":"https:\/\/www.cstuit.com\/home\/wp-json\/wp\/v2\/media?parent=2517"}],"wp:term":[{"taxonomy":"category","embeddable":true,"href":"https:\/\/www.cstuit.com\/home\/wp-json\/wp\/v2\/categories?post=2517"},{"taxonomy":"post_tag","embeddable":true,"href":"https:\/\/www.cstuit.com\/home\/wp-json\/wp\/v2\/tags?post=2517"}],"curies":[{"name":"wp","href":"https:\/\/api.w.org\/{rel}","templated":true}]}}