

	{"id":2535,"date":"2017-08-01T22:16:24","date_gmt":"2017-08-01T22:16:24","guid":{"rendered":"https:\/\/www.cstuit.com\/home\/?p=2535"},"modified":"2017-08-01T22:16:50","modified_gmt":"2017-08-01T22:16:50","slug":"o-psol-rj-esta-com-o-povo-da-venezuela-nao-com-o-governo-de-maduro","status":"publish","type":"post","link":"https:\/\/www.cstuit.com\/home\/2017\/08\/01\/o-psol-rj-esta-com-o-povo-da-venezuela-nao-com-o-governo-de-maduro\/","title":{"rendered":"O PSOL-RJ est\u00e1 com o povo da Venezuela,\u00a0n\u00e3o com o governo de Maduro"},"content":{"rendered":"<p><img loading=\"lazy\" decoding=\"async\" class=\"aligncenter wp-image-2536 size-large\" src=\"https:\/\/www.cstuit.com\/home\/wp-content\/uploads\/2017\/08\/2-Pronunciamiento.jpg-WEB-1024x640.jpg\" alt=\"\" width=\"940\" height=\"588\" srcset=\"https:\/\/www.cstuit.com\/home\/wp-content\/uploads\/2017\/08\/2-Pronunciamiento.jpg-WEB-1024x640.jpg 1024w, https:\/\/www.cstuit.com\/home\/wp-content\/uploads\/2017\/08\/2-Pronunciamiento.jpg-WEB-300x188.jpg 300w, https:\/\/www.cstuit.com\/home\/wp-content\/uploads\/2017\/08\/2-Pronunciamiento.jpg-WEB-768x480.jpg 768w, https:\/\/www.cstuit.com\/home\/wp-content\/uploads\/2017\/08\/2-Pronunciamiento.jpg-WEB-600x375.jpg 600w, https:\/\/www.cstuit.com\/home\/wp-content\/uploads\/2017\/08\/2-Pronunciamiento.jpg-WEB.jpg 1280w\" sizes=\"auto, (max-width: 940px) 100vw, 940px\" \/><\/p>\n<p style=\"text-align: right;\"><em>Rio, 1\/8\/2017 &#8211; <strong>Executiva Estadual do PSOL-RJ<\/strong><\/em><\/p>\n<hr \/>\n<p style=\"text-align: left;\">A Executiva estadual do PSOL-RJ recebeu com grande surpresa uma nota emitida ontem pela Sec<span class=\"text_exposed_show\">retaria (nacional) de Rela\u00e7\u00f5es Internacionais do partido em apoio ao governo da Venezuela, de Nicol\u00e1s Maduro.<\/span><\/p>\n<div class=\"text_exposed_show\">\n<p style=\"text-align: left;\">\u00c9 absurdo que, sem nunca haver incentivado o debate sobre a situa\u00e7\u00e3o do pa\u00eds vizinho, a dire\u00e7\u00e3o majorit\u00e1ria do partido emita posi\u00e7\u00e3o de um setor em nome do conjunto do PSOL. Este m\u00e9todo n\u00e3o \u00e9 o que tem pautado a exist\u00eancia e funcionamento do nosso partido, pelo menos no Rio de Janeiro.<\/p>\n<p style=\"text-align: left;\">O drama vivido pela Venezuela e seu povo trabalhador \u00e9 complexo o suficiente para exigir muita seriedade: o desfecho daquela situa\u00e7\u00e3o ter\u00e1 impacto decisivo sobre como a esquerda \u00e9 e ser\u00e1 vista no mundo inteiro, em particular na Am\u00e9rica Latina.<\/p>\n<p>Afinal, Nicol\u00e1s Maduro leva adiante uma pol\u00edtica econ\u00f4mica desastrosa e nada \u201cesquerdista\u201d, que cria uma trag\u00e9dia humanit\u00e1ria em que o povo trabalhador sofre pela falta de alimentos e rem\u00e9dios. Maduro comete, ao mesmo tempo, cada vez mais atrocidades autorit\u00e1rias, como suspender elei\u00e7\u00f5es, impedir legaliza\u00e7\u00e3o de partidos, prender oposicionistas, ordenar repress\u00e3o brutal de manifesta\u00e7\u00f5es, com mais de 100 mortos nas ruas desde o in\u00edcio do ano.<\/p>\n<p>Nosso partido n\u00e3o pode apoiar Maduro, assim como tampouco apoia a oposi\u00e7\u00e3o de direita representada pela Mesa de Unidade Democr\u00e1tica (o MUD), com a qual temos profundas diferen\u00e7as ideol\u00f3gicas. Somos solid\u00e1rios com a oposi\u00e7\u00e3o de esquerda da Venezuela que h\u00e1 tempos luta contra um regime autorit\u00e1rio e corrupto, por uma sa\u00edda verdadeiramente popular e democr\u00e1tica.<\/p>\n<p>Por todas essas raz\u00f5es, o PSOL-RJ se diferencia da dire\u00e7\u00e3o nacional e sua nota e pretende promover o quanto antes um amplo debate, com movimentos, personalidades e partidos aliados dos trabalhadores, sobre o que se passa na Venezuela.<\/p>\n<p>&nbsp;<\/p>\n<\/div>\n","protected":false},"excerpt":{"rendered":"<p>Rio, 1\/8\/2017 &#8211; Executiva Estadual do PSOL-RJ A Executiva estadual do PSOL-RJ recebeu com grande surpresa uma nota emitida ontem pela Secretaria (nacional) de Rela\u00e7\u00f5es Internacionais do partido em apoio ao governo da Venezuela, de Nicol\u00e1s Maduro. \u00c9 absurdo que, sem nunca haver incentivado o<\/p>\n","protected":false},"author":1,"featured_media":2536,"comment_status":"open","ping_status":"open","sticky":false,"template":"","format":"standard","meta":{"footnotes":""},"categories":[8,337],"tags":[],"class_list":["post-2535","post","type-post","status-publish","format-standard","has-post-thumbnail","hentry","category-debates-socialistas","category-especialvenezuela"],"_links":{"self":[{"href":"https:\/\/www.cstuit.com\/home\/wp-json\/wp\/v2\/posts\/2535","targetHints":{"allow":["GET"]}}],"collection":[{"href":"https:\/\/www.cstuit.com\/home\/wp-json\/wp\/v2\/posts"}],"about":[{"href":"https:\/\/www.cstuit.com\/home\/wp-json\/wp\/v2\/types\/post"}],"author":[{"embeddable":true,"href":"https:\/\/www.cstuit.com\/home\/wp-json\/wp\/v2\/users\/1"}],"replies":[{"embeddable":true,"href":"https:\/\/www.cstuit.com\/home\/wp-json\/wp\/v2\/comments?post=2535"}],"version-history":[{"count":0,"href":"https:\/\/www.cstuit.com\/home\/wp-json\/wp\/v2\/posts\/2535\/revisions"}],"wp:featuredmedia":[{"embeddable":true,"href":"https:\/\/www.cstuit.com\/home\/wp-json\/wp\/v2\/media\/2536"}],"wp:attachment":[{"href":"https:\/\/www.cstuit.com\/home\/wp-json\/wp\/v2\/media?parent=2535"}],"wp:term":[{"taxonomy":"category","embeddable":true,"href":"https:\/\/www.cstuit.com\/home\/wp-json\/wp\/v2\/categories?post=2535"},{"taxonomy":"post_tag","embeddable":true,"href":"https:\/\/www.cstuit.com\/home\/wp-json\/wp\/v2\/tags?post=2535"}],"curies":[{"name":"wp","href":"https:\/\/api.w.org\/{rel}","templated":true}]}}