

	{"id":2574,"date":"2017-08-07T14:18:15","date_gmt":"2017-08-07T14:18:15","guid":{"rendered":"https:\/\/www.cstuit.com\/home\/?p=2574"},"modified":"2017-08-07T15:25:24","modified_gmt":"2017-08-07T15:25:24","slug":"sirio-sofre-ataque-xenofobico-da-mafia-dos-ambulantes-em-copacabana","status":"publish","type":"post","link":"https:\/\/www.cstuit.com\/home\/2017\/08\/07\/sirio-sofre-ataque-xenofobico-da-mafia-dos-ambulantes-em-copacabana\/","title":{"rendered":"S\u00edrio sofre ataque xen\u00f3fobico da M\u00e1fia dos Ambulantes em Copacabana."},"content":{"rendered":"<p class=\"yiv3958260390MsoNormal\"><b>Toda Solidariedade a Mohamed Ali!<\/b><\/p>\n<p class=\"yiv3958260390MsoNormal\"><span style=\"font-family: inherit; font-style: inherit; font-weight: inherit;\">Desde a \u00faltima ter\u00e7a-feira o refugiado S\u00edrio que sofreu um ataque xenof\u00f3bico em Copacabana, teve um v\u00eddeo viralizado na Internet.<\/span><\/p>\n<p class=\"yiv3958260390MsoNormal\"><span style=\"font-family: inherit; font-style: inherit; font-weight: inherit;\">Mohamed Ali Abdelmoatty Ilenavvy, de 33 anos, formado no Egito \u00e9 advogado e refugiado S\u00edrio na cidade do Rio de Janeiro, Brasil, onde vende salgados na rua.<\/span><\/p>\n<p class=\"yiv3958260390MsoNormal\"><span style=\"font-family: inherit; font-style: inherit; font-weight: inherit;\">Queremos registrar nossa total solidariedade a Mohamed Ali e nosso rep\u00fadio a a\u00e7\u00e3o criminosa dos ambulantes que o atacaram.<\/span><\/p>\n<p class=\"yiv3958260390MsoNormal\"><b>\u00a0Um<\/b><b style=\"font-family: inherit; font-style: inherit;\">\u00a0v\u00eddeo, v\u00e1rios crimes.<\/b><\/p>\n<div style=\"width: 222px;\" class=\"wp-video\"><video class=\"wp-video-shortcode\" id=\"video-2574-1\" width=\"222\" height=\"400\" preload=\"metadata\" controls=\"controls\"><source type=\"video\/mp4\" src=\"https:\/\/www.cstuit.com\/home\/wp-content\/uploads\/2017\/08\/esfirra.mp4?_=1\" \/><a href=\"https:\/\/www.cstuit.com\/home\/wp-content\/uploads\/2017\/08\/esfirra.mp4\">https:\/\/www.cstuit.com\/home\/wp-content\/uploads\/2017\/08\/esfirra.mp4<\/a><\/video><\/div>\n<p class=\"yiv3958260390MsoNormal\"><span style=\"font-family: inherit; font-style: inherit; font-weight: inherit;\">O v\u00eddeo que teve milhares de acessos revelou um crime al\u00e9m dos mais gritantes que s\u00e3o: intoler\u00e2ncia religiosa, racismo, xenofobia, inj\u00faria, difama\u00e7\u00e3o e cal\u00fania. O que os agressores n\u00e3o esperavam \u00e9 que ele servir\u00e1 como prova contra uma m\u00e1fia instalada no RJ que loteia as ruas e tenta privatiz\u00e1-la vendendo a \u201cvaga\u201d na rua para que o ambulante possa trabalhar.<\/span><\/p>\n<p class=\"yiv3958260390MsoNormal\"><span style=\"font-family: inherit; font-style: inherit; font-weight: inherit;\">O jornal O Globo, divulgou hoje 6\/08\/2017 que Mohamed\u00a0<\/span><i style=\"font-family: inherit; font-weight: inherit;\">\u201cFoi alvo de uma m\u00e1fia formada por ambulantes que tentam privatizar o espa\u00e7o p\u00fablico e teriam exigido R$10 mil para ele ocupar um espa\u00e7o na cal\u00e7ada. Como Ali se recusou, foi hostilizado[&#8230;]\u201d.<\/i><\/p>\n<p class=\"yiv3958260390MsoNormal\"><span style=\"font-family: inherit; font-style: inherit; font-weight: inherit;\">Exigimos a investiga\u00e7\u00e3o e puni\u00e7\u00e3o de todos os agressores, bem como pris\u00e3o dos \u201ccabe\u00e7as\u201d da m\u00e1fia dos ambulantes e investiga\u00e7\u00e3o da rela\u00e7\u00e3o com essa m\u00e1fia e a Prefeitura do Rio de Janeiro.<\/span><\/p>\n<p class=\"yiv3958260390MsoNormal\"><b style=\"font-family: inherit; font-style: inherit;\">Som@s Tod@s Refugiad@s.<\/b><\/p>\n<p class=\"yiv3958260390MsoNormal\"><span style=\"font-family: inherit; font-style: inherit; font-weight: inherit;\">A bem da verdade no Brasil somos todos usurpadores de terras ind\u00edgenas. Isso vem desde o Imp\u00e9rio Portugu\u00eas at\u00e9 o Governo Temer (esse \u00faltimo entende bem de usurpa\u00e7\u00e3o). Salvamos como exce\u00e7\u00e3o @s negr@s que vieram escravizad@s e @s que sofrem com o tr\u00e1fico humano e s\u00e3o obrigadas a vir ao Brasil.<\/span><\/p>\n<p class=\"yiv3958260390MsoNormal\"><span style=\"font-family: inherit; font-style: inherit; font-weight: inherit;\">Somos descendentes de s\u00edrios, libaneses, portugueses, haitianos, venezuelanos, espanh\u00f3is, italianos, alem\u00e3es, japoneses, colombianos, etc.<\/span><\/p>\n<p class=\"yiv3958260390MsoNormal\"><span style=\"font-family: inherit; font-style: inherit; font-weight: inherit;\">Acreditamos que \u00e9 fundamental a organiza\u00e7\u00e3o e uni\u00e3o d@s trabalhador@s do mundo inteiro contra esse sistema que nos obriga, na esperan\u00e7a de uma vida melhor, a fugir das nossas casas, muitas vezes apenas com a roupa do corpo.<\/span><\/p>\n<p class=\"yiv3958260390MsoNormal\"><span style=\"font-family: inherit; font-style: inherit; font-weight: inherit;\">Estamos contra as manifesta\u00e7\u00f5es racistas ocorridas em SP contra a Lei da Migra\u00e7\u00e3o em junho. O sentimento criminoso ganha f\u00f4lego com a crise econ\u00f4mica \u2013 a economia em alta e est\u00e1vel permite amortecer os problemas sociais e dar migalhas para acalmar os \u00e2nimos. Entretanto, quando a economia vai mal e os governos optam pelos ricos e n\u00e3o pela maioria da popula\u00e7\u00e3o reaparecem os \u201cinimigos de sempre\u201d os n\u00e3o brancos, os n\u00e3o crist\u00e3os, as mulheres, os pobres, os homossexuais.<\/span><\/p>\n<p class=\"yiv3958260390MsoNormal\"><span style=\"font-family: inherit; font-style: inherit; font-weight: inherit;\">A principal indigna\u00e7\u00e3o deveria ser contra a resposta dos governos e dos ric@s para a crise, que obrigam @s trabalhadores e a juventude do mundo a pagar por uma crise que n\u00e3o \u00e9 nossa. Fazemos parte dos que querem lutar para que nenhum ser humano tenha que fugir de onde deseja estar e para que a maioria governe.<\/span><\/p>\n","protected":false},"excerpt":{"rendered":"<p>Toda Solidariedade a Mohamed Ali! Desde a \u00faltima ter\u00e7a-feira o refugiado S\u00edrio que sofreu um ataque xenof\u00f3bico em Copacabana, teve um v\u00eddeo viralizado na Internet. Mohamed Ali Abdelmoatty Ilenavvy, de 33 anos, formado no Egito \u00e9 advogado e refugiado S\u00edrio na cidade do Rio de<\/p>\n","protected":false},"author":2,"featured_media":2576,"comment_status":"open","ping_status":"open","sticky":false,"template":"","format":"standard","meta":{"footnotes":""},"categories":[5,1],"tags":[345,346,13,348,347],"class_list":["post-2574","post","type-post","status-publish","format-standard","has-post-thumbnail","hentry","category-nacional","category-sem-categoria","tag-mafia-dos-ambulantes","tag-mohamed-ali","tag-rio-de-janeiro","tag-solidariedade-mohamed-ali","tag-xenofobia"],"_links":{"self":[{"href":"https:\/\/www.cstuit.com\/home\/wp-json\/wp\/v2\/posts\/2574","targetHints":{"allow":["GET"]}}],"collection":[{"href":"https:\/\/www.cstuit.com\/home\/wp-json\/wp\/v2\/posts"}],"about":[{"href":"https:\/\/www.cstuit.com\/home\/wp-json\/wp\/v2\/types\/post"}],"author":[{"embeddable":true,"href":"https:\/\/www.cstuit.com\/home\/wp-json\/wp\/v2\/users\/2"}],"replies":[{"embeddable":true,"href":"https:\/\/www.cstuit.com\/home\/wp-json\/wp\/v2\/comments?post=2574"}],"version-history":[{"count":0,"href":"https:\/\/www.cstuit.com\/home\/wp-json\/wp\/v2\/posts\/2574\/revisions"}],"wp:featuredmedia":[{"embeddable":true,"href":"https:\/\/www.cstuit.com\/home\/wp-json\/wp\/v2\/media\/2576"}],"wp:attachment":[{"href":"https:\/\/www.cstuit.com\/home\/wp-json\/wp\/v2\/media?parent=2574"}],"wp:term":[{"taxonomy":"category","embeddable":true,"href":"https:\/\/www.cstuit.com\/home\/wp-json\/wp\/v2\/categories?post=2574"},{"taxonomy":"post_tag","embeddable":true,"href":"https:\/\/www.cstuit.com\/home\/wp-json\/wp\/v2\/tags?post=2574"}],"curies":[{"name":"wp","href":"https:\/\/api.w.org\/{rel}","templated":true}]}}