

	{"id":265,"date":"2013-03-06T17:20:00","date_gmt":"2013-03-06T17:20:00","guid":{"rendered":"https:\/\/www.cstuit.com\/home\/index.php\/2013\/03\/06\/arquivoid-9289\/"},"modified":"2013-03-06T17:20:00","modified_gmt":"2013-03-06T17:20:00","slug":"arquivoid-9289","status":"publish","type":"post","link":"https:\/\/www.cstuit.com\/home\/2013\/03\/06\/arquivoid-9289\/","title":{"rendered":"LIBERDADE AOS PRESOS POL\u00cdTICOS DE FERREIRA GOMES!"},"content":{"rendered":"<p>|<\/p>\n<p>Julio Miragaia (Coordena\u00e7\u00e3o da CST\/PSOL do Par\u00e1)<\/p>\n<p>O envolvimento de Dilma e das empreiteiras para acelerar suas obras n\u00e3o leva em conta os direitos dos trabalhadores. Mais uma vez os oper\u00e1rios das obras do PAC est\u00e3o demonstrando isso. No extremo norte do pa\u00eds, a cidade de Ferreira Gomes, no Amap\u00e1, est\u00e1 sendo palco de mais uma revolta de oper\u00e1rios contra as prec\u00e1rias condi\u00e7\u00f5es de trabalho impostas nas obras do PAC.<\/p>\n<p>No dia 03\/02 um grupo de trabalhadores queimou pelo menos 12 alojamentos no canteiro de obras da Usina Hidrel\u00e9trica em constru\u00e7\u00e3o na cidade. A a\u00e7\u00e3o ocorreu como protesto contra a p\u00e9ssima condi\u00e7\u00e3o da comida servida. Depois de atear fogo nos alojamentos, os oper\u00e1rios fecharam a BR-156 e foram duramente reprimidos pelo BOPE. 17 pessoas foram presas e permanecem detidas desde o dia do ocorrido, sendo tratados pelo governo e pela m\u00eddia como criminosos comuns. <\/p>\n<p>Estes trabalhadores s\u00e3o presos pol\u00edticos do governo Dilma, que pretende, dessa forma, silenciar quem questiona as rela\u00e7\u00f5es de trabalho nos canteiros do PAC. Nada mais cruel e reacion\u00e1rio do que a criminaliza\u00e7\u00e3o de quem luta por melhores condi\u00e7\u00f5es de trabalho. Assim \u00e9 em todas as manifesta\u00e7\u00f5es ocorridas at\u00e9 aqui. Em Jirau, em Belo Monte e agora em Ferreira Gomes, o aparato repressor \u00e9 utilizado para frear as mobiliza\u00e7\u00f5es. Como as burocracias sindicais est\u00e3o sendo atropeladas pelos trabalhadores, o governo usa da repress\u00e3o para conter as lutas.<\/p>\n<p>Estamos juntos com os oper\u00e1rios de Ferreira Gomes. Estes trabalhadores deram o recado ao governo de que as lutas nas obras do PAC que come\u00e7aram em Jirau em 2011 continuam. A l\u00f3gica de super explora\u00e7\u00e3o dos trabalhadores nas obras do PAC s\u00f3 pode ser combatida com a mobiliza\u00e7\u00e3o destes trabalhadores.<\/p>\n<p>A Unidos Pra Lutar e o SindeSa\u00fade Amap\u00e1 ap\u00f3iam a campanha pela liberta\u00e7\u00e3o dos oper\u00e1rios presos e cobram melhores condi\u00e7\u00f5es de trabalho no canteiro. Exigimos a imediata liberta\u00e7\u00e3o de todos porque lutar n\u00e3o \u00e9 crime. Somos todos oper\u00e1rios!<\/p>\n","protected":false},"excerpt":{"rendered":"<p>| Julio Miragaia (Coordena\u00e7\u00e3o da CST\/PSOL do Par\u00e1) O envolvimento de Dilma e das empreiteiras para acelerar suas obras n\u00e3o leva em conta os direitos dos trabalhadores. Mais uma vez os oper\u00e1rios das obras do PAC est\u00e3o demonstrando isso. No extremo norte do pa\u00eds, a<\/p>\n","protected":false},"author":1,"featured_media":0,"comment_status":"closed","ping_status":"open","sticky":false,"template":"","format":"standard","meta":{"footnotes":""},"categories":[2],"tags":[],"class_list":["post-265","post","type-post","status-publish","format-standard","hentry","category-arquivo"],"_links":{"self":[{"href":"https:\/\/www.cstuit.com\/home\/wp-json\/wp\/v2\/posts\/265","targetHints":{"allow":["GET"]}}],"collection":[{"href":"https:\/\/www.cstuit.com\/home\/wp-json\/wp\/v2\/posts"}],"about":[{"href":"https:\/\/www.cstuit.com\/home\/wp-json\/wp\/v2\/types\/post"}],"author":[{"embeddable":true,"href":"https:\/\/www.cstuit.com\/home\/wp-json\/wp\/v2\/users\/1"}],"replies":[{"embeddable":true,"href":"https:\/\/www.cstuit.com\/home\/wp-json\/wp\/v2\/comments?post=265"}],"version-history":[{"count":0,"href":"https:\/\/www.cstuit.com\/home\/wp-json\/wp\/v2\/posts\/265\/revisions"}],"wp:attachment":[{"href":"https:\/\/www.cstuit.com\/home\/wp-json\/wp\/v2\/media?parent=265"}],"wp:term":[{"taxonomy":"category","embeddable":true,"href":"https:\/\/www.cstuit.com\/home\/wp-json\/wp\/v2\/categories?post=265"},{"taxonomy":"post_tag","embeddable":true,"href":"https:\/\/www.cstuit.com\/home\/wp-json\/wp\/v2\/tags?post=265"}],"curies":[{"name":"wp","href":"https:\/\/api.w.org\/{rel}","templated":true}]}}