

	{"id":28,"date":"2010-06-26T19:11:00","date_gmt":"2010-06-26T19:11:00","guid":{"rendered":"https:\/\/www.cstuit.com\/home\/index.php\/2010\/06\/26\/arquivoid-9063\/"},"modified":"2010-06-26T19:11:00","modified_gmt":"2010-06-26T19:11:00","slug":"arquivoid-9063","status":"publish","type":"post","link":"https:\/\/www.cstuit.com\/home\/2010\/06\/26\/arquivoid-9063\/","title":{"rendered":"No AMAP\u00c1 defendemos PSOL de Cara Pr\u00f3pria! N\u00e3o ao PTB!"},"content":{"rendered":"<p>|<\/p>\n<p><b>NO AMAP\u00c1 DEFENDEMOS O PSOL DE CARA PR\u00d3PRIA.<br \/>\nN\u00c3O A COLIGA\u00c7\u00c3O COM O PTB DE ROBERTO JEFERSON.<\/b><\/p>\n<p><i>\u201cNossa base program\u00e1tica n\u00e3o pode deixar de se pautar  num princ\u00edpio: O resgate da independ\u00eancia pol\u00edtica dos trabalhadores e exclu\u00eddos. N\u00e3o estamos formando um novo partido para estimular a concilia\u00e7\u00e3o de classes. Nossas alian\u00e7as para construir um projeto alternativo tem que ser as que busquem soldar a unidade entre os setores do povo trabalhador.\u201d<\/i> (Parte I \u2013 Bases do programa estrat\u00e9gico do PSOL)<\/p>\n<p><i>\u201c\u00c9 f\u00e1cil apagar as pegadas; dif\u00edcil, por\u00e9m, \u00e9 caminhar sem pisar o ch\u00e3o\u201d<\/i><\/p>\n<p>Nessas elei\u00e7\u00f5es defendemos um PSOL de cara pr\u00f3pria, das lutas e da independ\u00eancia pol\u00edtica dos trabalhadores e do povo Amapaense! Contra a proposta de coliga\u00e7\u00e3o com o PTB de Lucas Barreto, apresentando uma alternativa clara frente a falsa oposi\u00e7\u00e3o ao governo de Pedro Paulo apresentada pela coliga\u00e7\u00e3o PSB\/PT.<\/p>\n<p>Como diz Ivan Valente (Dep. Federal \u2013 PSOL\/SP): \u201cO PSOL \u00e9 pequeno, mas tem responsabilidade imensa. Ele coloca debates e posi\u00e7\u00f5es que nenhum outro partido p\u00f5e. Agora precisamos concentrar nossa energia para fora, apresentando uma alternativa de esquerda para o Brasil, contra a falsa polariza\u00e7\u00e3o representada pelas candidaturas de Dilma e Serra\u201d. Desta forma, devemos ser un\u00edssonos com Pl\u00ednio, nosso candidato \u00e0 Presid\u00eancia da Rep\u00fablica quando <i>\u201cQueremos transformar a realidade. Este \u00e9 o nosso desafio. Falar a verdade e plantar a semente do socialismo em nossa sociedade\u201d.<\/i><\/p>\n<p><b>FALAR A VERDADE AO POVO: LUCAS BARRETO \u00c9 CAPACHO DE SARNEY!<\/b><\/p>\n<p>Por isso s\u00e3o inaceit\u00e1veis os acordos que est\u00e1 construindo o companheiro Randolfe (presidente do PSOL\/AP) com o PTB de Lucas Barreto. Entendemos a preocupa\u00e7\u00e3o do companheiro para tentar evitar que o PSOL se enfraque\u00e7a na pol\u00edtica estadual, mas isso n\u00e3o pode de forma alguma justificar que se abandone o programa e princ\u00edpios do PSOL e nos leve a fazer campanha ao Governo do Estado para o candidato do PTB. <\/p>\n<p>Pois, caso esta proposta vingue, ser\u00e1 um desastre para o partido no estado, em n\u00edvel nacional e para a campanha de Pl\u00ednio. Nenhuma vaga parlamentar, justifica o custo pol\u00edtico de nos enlamearmos no mesmo chiqueiro das velhas oligarquias amapaenses, destruindo o nosso PSOL e enganando nosso povo! o nosso compromisso como militantes socialistas \u00e9 com as necessidades do povo trabalhador.  <\/p>\n<p>Lucas Barreto, se diz independente. Mas ser\u00e1 mesmo? N\u00e3o \u00e9 o PTB um dos principais partidos envolvidos nacionalmente no esc\u00e2ndalo do Mensal\u00e3o de Dirceu e Roberto Jeferson?  N\u00e3o \u00e9 o pr\u00f3prio Lucas Barreto aquele que apareceu envolvido no esc\u00e2ndalo dos Atos Secretos do Senado? Inclusive, ele mesmo n\u00e3o nega sua boa rela\u00e7\u00e3o com Sarney, o qual j\u00e1 declarou que Lucas \u00e9 seu candidato ao Governo do Estado do Amap\u00e1. Pesa ainda nesta balan\u00e7a, um fato ainda n\u00e3o confirmado ou que falta vir \u00e0 tona, mas que j\u00e1 \u00e9 comentado entre os apoiadores da campanha de Lucas: seu financiamento por Eike Batista, o megaloempres\u00e1rio do ramo da minera\u00e7\u00e3o, o qual apareceu junto com Sarney pego nas opera\u00e7\u00f5es da Pol\u00edcia Federal Toque de Midas e Opera\u00e7\u00e3o Navalha 1 e 2.<\/p>\n<p>Por fim, o PSOL n\u00e3o pode fugir \u00e0 luta e nem temer a quem nos roga a pr\u00f3pria morte! Isto significa que lamentamos a postura apolog\u00e9tica das declara\u00e7\u00f5es de Randolfe a Lucas Barreto, quando afirma ao Jornal Peri\u00f3dico Tribuna Amapaense, (seman\u00e1rio de 10 a 16 de Abril)  que Lucas e Jaime Nunes, seu vice na chapa ao governo e representante dos empres\u00e1rios amapaense, representam: <i><b>\u201ca uni\u00e3o de for\u00e7as pol\u00edticas que prop\u00f5e um projeto alternativo para o Amap\u00e1\u201d<\/b><\/i> (grifo nosso)<br \/>\nN\u00e3o podemos pensar, enquanto militantes socialistas e lutadores sociais que comp\u00f5e este partido, em ser uma engrenagem auxiliar da elite deste Estado, da oligarquia Sarney e da \u201charmonia\u201d. A raz\u00e3o de ser do PSOL \u00e9 mais que isto!<\/p>\n<p>N\u00e3o queremos que no Amap\u00e1 o PSOL seja apenas mais do mesmo, n\u00e3o se diferenciando das oligarquias e elites locais, n\u00e3o lhe fazendo o combate necess\u00e1rio, e ao contr\u00e1rio disto fazer aos capachos de Sarney os mais belos elogios, cogitando com eles um \u201cprojeto alternativo\u201d! Continuar neste erro significa jogar na lama, nossa pequena, mas muito bela hist\u00f3ria de lutas! <\/p>\n<p><b>O PSOL\/AP deve estar em sintonia com o PSOL Nacional<\/b><\/p>\n<p>Consideramos correto e necess\u00e1rio manter nosso projeto fundacional, como partido de esquerda, classista, alternativo dos diferentes blocos dominantes e de seus sat\u00e9lites e comprometido com o resgate das lutas hist\u00f3ricas e imediatas do povo trabalhador, tra\u00eddas pelo PT, independente de quais sejam as caracter\u00edsticas da conjuntura, pois um projeto pol\u00edtico estrat\u00e9gico n\u00e3o se constr\u00f3i ao ritmo de mudan\u00e7as conjunturais. <\/p>\n<p>Por isto, n\u00e3o somos daqueles que \u201cculpabilizam\u201d tal conjuntura ou justificam seus atos para \u201cn\u00e3o se isolar no gueto\u201d, levando o partido a abra\u00e7ar o tr\u00e1gico caminho do pragmatismo eleitoral, injustific\u00e1vel perante uma milit\u00e2ncia honesta, de luta e aguerrida como a nossa, que apostou na funda\u00e7\u00e3o deste t\u00e3o novo partido contra a velha pol\u00edtica das elites, do poder econ\u00f4mico, da corrup\u00e7\u00e3o, do jogo de marketing e das palavras f\u00e1ceis para driblar a insatisfa\u00e7\u00e3o do povo e dos trabalhadores. Foi por acreditarmos nesta orienta\u00e7\u00e3o que dissemos n\u00e3o ao projeto de nos colocarmos lado a lado de Marina Silva, defensora declarada da pol\u00edtica econ\u00f4mica de Lula e FHC, que dissemos n\u00e3o ao financiamento da burguesia em nossas campanhas.<\/p>\n<p>No Amap\u00e1, nossa situa\u00e7\u00e3o n\u00e3o \u00e9 diferente. Por isto, nosso papel nestas elei\u00e7\u00f5es, al\u00e9m de dialogar com o povo e os trabalhadores e apresentar nossas propostas para resolver os dram\u00e1ticos problemas do povo pobre, temos que desmascarar as falsas alternativas do bloco dominante, dilu\u00eddo em v\u00e1rias candidaturas, que n\u00e3o representam discord\u00e2ncias em projetos, mas que colocar\u00e3o seus blocos nas ruas apenas para  medir for\u00e7as de composi\u00e7\u00e3o no governo: <\/p>\n<p>Waldez G\u00f3es, candidato ao senado, ao sair do governo, deixou um grande rombo na previd\u00eancia do Estado, sendo que bateu recorde em esquemas de corrup\u00e7\u00e3o, principalmente na sa\u00fade e educa\u00e7\u00e3o.<\/p>\n<p>Pedro Paulo, seu sucessor e c\u00famplice, n\u00e3o cumpriu os acordos com as diversas categorias do servi\u00e7o p\u00fablico e advoga atrasar sal\u00e1rios, n\u00e3o pagar 13\u00ba e f\u00e9rias, enquanto far\u00e1 um campanha milion\u00e1ria apoiada no malabarismo do marketeiro Duda Mendon\u00e7a (aquele do Mensal\u00e3o do PT) para que possa abrandar sua imagem de incompet\u00eancia, pois sob sua administra\u00e7\u00e3o direta, a sa\u00fade do Amap\u00e1 se tornou um verdadeiro matadouro humano, como demonstrou a reportagem do fant\u00e1stico sobre a maternidade M\u00e3o Luzia. Mas isto foi apenas a ponta de um iceberg, porque de fato o descaso com a sa\u00fade \u00e9 muito mais isso.<\/p>\n<p>Jorge Amanaj\u00e1s, por sua vez, aparece em p\u00fablico lamentando o caos da sa\u00fade e \u201csendo solid\u00e1rio\u201d com as m\u00e3es do Amap\u00e1 quer perderam seus beb\u00eas na maternidade M\u00e3e Luzia. Nada mais hip\u00f3crita para outro c\u00famplice e servi\u00e7al da \u201charmonia\u201d que desmantelou os servi\u00e7os p\u00fablicos em nosso Estado. Ou por acaso este senhor criticou alguma vez o governo Waldez\/Pedro Paulo antes desta sua candidatura? Por acaso ele instalou alguma CPI para apurar os fatos e punir os culpados dos desvios de verbas p\u00fablicas na sa\u00fade e educa\u00e7\u00e3o? O que n\u00f3s sabemos muito bem \u00e9 que foi ele o mentor de um projeto de engorda do or\u00e7amento da Assembl\u00e9ia Legislativa, por meio de sucessivos cortes nas \u00e1reas sociais. Perguntamos: A troco de que?<\/p>\n<p>E Camilo Capiberibe, candidato do PSB, que criticava a oligarquia Sarney, por acaso n\u00e3o est\u00e1 coligado com o PT nestas elei\u00e7\u00f5es, partido que co \u2013 dirigiu nosso Estado durante os \u00faltimos oito anos e tamb\u00e9m sustenta esta oligarquia? Por acaso o PT n\u00e3o foi uma das bases da \u201charmonia\u201d neste Estado? N\u00e3o \u00e9 o PT o principal partido respons\u00e1vel pela fal\u00eancia da CEA e da Prefeitura de Santana?<\/p>\n<p><b>No Amap\u00e1, caminharemos com os trabalhadores e o povo, \u00e9 o PSOL de cara pr\u00f3pria!<\/b><\/p>\n<p>N\u00e3o temos d\u00favidas de que nessas elei\u00e7\u00f5es, o companheiro Randolfe \u00e9 nossa maior express\u00e3o eleitoral. E convocamos o companheiro a ter a mesma convic\u00e7\u00e3o que teve quando  rompeu com o PT do mensal\u00e3o e se somou ao PSOL . Nossa candidatura pr\u00f3pria estar\u00e1 a servi\u00e7o de impulsionar nossa candidatura ao senado. Para isso defendemos a unidade do partido com um programa claro que nos apresente claramente com uma verdadeira alternativa frente \u00e0s oligarquias e os setores que a sustentam no Amap\u00e1.<\/p>\n<p>\u00c9 com esta convic\u00e7\u00e3o que queremos dizer n\u00e3o a coliga\u00e7\u00e3o com o PTB e referendar uma chapa forte e ligada aos movimentos sociais, com Dorinaldo Malafaia ao Governo do Estado, Randolfe Rodrigues ao Senado e Cl\u00e9cio Luis para Deputado Federal, porque s\u00f3 o PSOL tem moral para falar olho no olho do povo sem falsas promessas, sem engodo, chamando o povo a se mobilizar e lutar com unhas e dentes contra a banda podre da pol\u00edtica nacional e de nosso estado.<br \/>\nCorrente Socialista dos Trabalhadores do Amap\u00e1 CST-PSOL <\/p>\n<p>Macap\u00e1-AP, 23 de junho de 2010.<\/p>\n","protected":false},"excerpt":{"rendered":"<p>| NO AMAP\u00c1 DEFENDEMOS O PSOL DE CARA PR\u00d3PRIA. N\u00c3O A COLIGA\u00c7\u00c3O COM O PTB DE ROBERTO JEFERSON. \u201cNossa base program\u00e1tica n\u00e3o pode deixar de se pautar num princ\u00edpio: O resgate da independ\u00eancia pol\u00edtica dos trabalhadores e exclu\u00eddos. N\u00e3o estamos formando um novo partido para<\/p>\n","protected":false},"author":1,"featured_media":0,"comment_status":"closed","ping_status":"open","sticky":false,"template":"","format":"standard","meta":{"footnotes":""},"categories":[2],"tags":[],"class_list":["post-28","post","type-post","status-publish","format-standard","hentry","category-arquivo"],"_links":{"self":[{"href":"https:\/\/www.cstuit.com\/home\/wp-json\/wp\/v2\/posts\/28","targetHints":{"allow":["GET"]}}],"collection":[{"href":"https:\/\/www.cstuit.com\/home\/wp-json\/wp\/v2\/posts"}],"about":[{"href":"https:\/\/www.cstuit.com\/home\/wp-json\/wp\/v2\/types\/post"}],"author":[{"embeddable":true,"href":"https:\/\/www.cstuit.com\/home\/wp-json\/wp\/v2\/users\/1"}],"replies":[{"embeddable":true,"href":"https:\/\/www.cstuit.com\/home\/wp-json\/wp\/v2\/comments?post=28"}],"version-history":[{"count":0,"href":"https:\/\/www.cstuit.com\/home\/wp-json\/wp\/v2\/posts\/28\/revisions"}],"wp:attachment":[{"href":"https:\/\/www.cstuit.com\/home\/wp-json\/wp\/v2\/media?parent=28"}],"wp:term":[{"taxonomy":"category","embeddable":true,"href":"https:\/\/www.cstuit.com\/home\/wp-json\/wp\/v2\/categories?post=28"},{"taxonomy":"post_tag","embeddable":true,"href":"https:\/\/www.cstuit.com\/home\/wp-json\/wp\/v2\/tags?post=28"}],"curies":[{"name":"wp","href":"https:\/\/api.w.org\/{rel}","templated":true}]}}