

	{"id":29,"date":"2010-06-26T19:15:00","date_gmt":"2010-06-26T19:15:00","guid":{"rendered":"https:\/\/www.cstuit.com\/home\/index.php\/2010\/06\/26\/arquivoid-9064\/"},"modified":"2010-06-26T19:15:00","modified_gmt":"2010-06-26T19:15:00","slug":"arquivoid-9064","status":"publish","type":"post","link":"https:\/\/www.cstuit.com\/home\/2010\/06\/26\/arquivoid-9064\/","title":{"rendered":"EM DEFESA DO PSOL, a milit\u00e2ncia deve recha\u00e7ar os ataques de Heloisa ao Partido"},"content":{"rendered":"<p>Nota da CST |<\/p>\n<p><i>\u201cEu n\u00e3o vou negar a import\u00e2ncia que Marina tem, n\u00e3o apenas pessoalmente, no meu cora\u00e7\u00e3o, mas por ser a grande chance que o Brasil tem de promover um debate s\u00e9rio sobre o desenvolvimento econ\u00f4mico sustent\u00e1vel com responsabilidade social\u201d.<\/i><\/p>\n<p><i>\u201cObjetivamente, a cota de sacrif\u00edcio que poderia dar ao partido nacionalmente eu j\u00e1 dei, quando abri m\u00e3o de um mandato, fui candidata \u00e0 presid\u00eancia e fui usada pelo PSOL. Agora \u00e9 a vez de me dedicar ao povo de Alagoas.<\/i> (Heloisa Helena)<\/p>\n<p>A base do PSOL est\u00e1 indignada com as declara\u00e7\u00f5es de Heloisa Helena. Ao inv\u00e9s de construir o PSOL, Heloisa defende o apoio ao PV do corrupto Zequinha Sarney. Enquanto todo o partido, com muitas dificuldades, milita com Pl\u00ednio, Heloisa ap\u00f3ia Marina Silva. Enquanto todo o partido, em meio a uma conjuntura eleitoral dif\u00edcil, tenta unificar a frente de esquerda, Heloisa declara voto na chapa patronal do dono da Natura. Enquanto o PSOL tenta manter o 50 na boca do povo, Heloisa esconde o partido atr\u00e1s da ex-Ministra do Governo Lula\/PT. Isso \u00e9 inaceit\u00e1vel!<\/p>\n<p><b>Heloisa desrespeita o PSOL<\/b><\/p>\n<p>A linha de Heloisa de apoiar o PV n\u00e3o foi aprovada. Houve um questionamento geral na base de todas as correntes que imp\u00f4s a candidatura pr\u00f3pria do PSOL. Isso explica a vit\u00f3ria de Pl\u00ednio de Arruda Sampaio. Heloisa n\u00e3o reconhece essa derrota. Enquanto o PSOL disputava internamente, com tr\u00eas nomes, ela seguiu apoiando Marina e se disp\u00f4s a ajudar no programa do PV. Heloisa desrespeitou todos os pr\u00e9-candidatos, at\u00e9 mesmo o companheiro Martiniano Cavalcante que formalmente dizia apoiar.<\/p>\n<p>Agora, Heloisa acompanhou oficialmente Marina durante uma visita a Macei\u00f3 concretizando uma dobradinha na elei\u00e7\u00e3o. Depois se negou a participar da conven\u00e7\u00e3o do PSOL, evento que lan\u00e7a oficialmente Pl\u00ednio. Por fim declarou, na Conven\u00e7\u00e3o do PSOL de Alagoas, que ap\u00f3ia Marina. \u00c9 um ataque aos fundamentos do nosso partido, pois o programa escrito do PV, divulgado oficialmente por Marina, \u00e9 complemente neoliberal, sendo roda auxiliar de Serra e Dilma.<\/p>\n<p><b>Helo\u00edsa n\u00e3o pode seguir na Presid\u00eancia do PSOL<\/b><\/p>\n<p>Coroando o absurdo, Heloisa diz que foi \u201cusada pelo PSOL\u201d em 2006. Trata-se de um ataque \u00e0 dire\u00e7\u00e3o que conduzia o partido naquele momento. Trata-se de um ataque a atual dire\u00e7\u00e3o do PSOL. Um ataque \u00e0 base do partido. Havia uma vis\u00e3o comum de que a campanha de 2006, com a Frente de Esquerda, tinha sido um avan\u00e7o, combatendo a falsa polariza\u00e7\u00e3o. Logicamente, h\u00e1 avalia\u00e7\u00f5es sobre as debilidades daquela batalha, como o programa divulgado e outros temas. Por\u00e9m, nunca, ningu\u00e9m tinha falado tamanha barbaridade. Heloisa com sua postura individualista beira o culto \u00e0 personalidade, e demonstra n\u00e3o ter capacidade pol\u00edtica de ocupar o papel que lhe cabe na esquerda brasileira. Demonstra n\u00e3o ter capacidade de continuar na Presid\u00eancia do PSOL, cargo que s\u00f3 ocupa porque a atual maioria cedeu a vaga ap\u00f3s sua chantagem e de seu grupo interno que amea\u00e7aram rachar o II Congresso.<\/p>\n<p>Nos \u00faltimos dias, novamente demonstrou que n\u00e3o est\u00e1 \u00e0 altura de suas responsabilidades, pois atua em seu pr\u00f3prio nome contra o PSOL e contra nosso candidato. \u00c9 uma trag\u00e9dia que al\u00e9m do boicote da m\u00eddia tenhamos que enfrentar nossa pr\u00f3pria presidente. No caso de Heloisa, isso \u00e9 recorrente, pois j\u00e1 havia militado publicamente contra o direito ao aborto, desrespeitado as delibera\u00e7\u00f5es congressuais do partido.<\/p>\n<p>Nos solidarizamos com o companheiro Pl\u00ednio e ao mesmo tempo compartilhamos sua vis\u00e3o de que, ap\u00f3s a declara\u00e7\u00e3o, Heloisa \u201cn\u00e3o pode seguir na presid\u00eancia do PSOL por n\u00e3o defender a pol\u00edtica do partido\u201d.  <\/p>\n<p>Nessas elei\u00e7\u00f5es, devemos juntos, fortalecer o PSOL, afirmar nosso partido, sua sigla, o 50 e suas inst\u00e2ncias; construir comit\u00eas nas categorias, nos bairros, nas escolas e universidades. Afirmar a capacidade do partido de liderar as lutas dos explorados nas ruas e nas urnas, contra Dilma e Serra, e tamb\u00e9m contra Marina. PSOL \u00e9 50. Somos PSOL! Somos Pl\u00ednio Presidente!<\/p>\n<p>ASSINATURAS:<\/p>\n<p>Bab\u00e1 \u2013 Diret\u00f3rio Nacional do PSOL<\/p>\n<p>Silvia Santos \u2013 Executiva Nacional do PSOL<\/p>\n<p>Douglas Diniz \u2013 Diret\u00f3rio Nacional do PSOL<\/p>\n<p>Michel Oliveira \u2013 Diret\u00f3rio Nacional do PSOL<\/p>\n<p>Welington Cabral \u2013 Diret\u00f3rio Nacional PSOL<\/p>\n<p>Rosi Messias \u2013 Executiva Estadual PSOL Rio de Janeiro<\/p>\n<p>Pedro Rosa \u2013 Diret\u00f3rio Estadual PSOL Rio de Janeiro<\/p>\n<p>Silaedson Alves (Juninho) \u2013 Diret\u00f3rio Estadual PSOL Rio de Janeiro<\/p>\n<p>Manuel Iraola \u2013 Executiva PSOL S\u00e3o Paulo<\/p>\n<p>Anna Miragem &#8211; Diret\u00f3rio Estadual Rio Grande do Sul<\/p>\n<p>Diego Vitello &#8211; Executiva Rio Grande do Sul<\/p>\n<p>Friedlin Buske &#8211; Executiva Municipal do PSOL de Santa Maria-RS<\/p>\n<p>Ciro Oliveira &#8211; Diret\u00f3rio Municipal do PSOL de Santa Maria-RS<\/p>\n<p>Roberto Seitenfus \u2013 Executiva PSOL Porto Alegre \/RS<\/p>\n<p>Adriano Dias \u2013 PSOL Distrito Federal<\/p>\n<p>Fabio Felix \u2013 Executiva Estadual PSOL DF<\/p>\n<p>\u00c2ngelo Balbino \u2013 Diret\u00f3rio Estadual DF<\/p>\n<p>Dorinaldo Malafaia \u2013 Executiva Estadual PSOL Amap\u00e1<\/p>\n<p>Waleska Timoteo \u2013 Diret\u00f3rio Estadual PSOL Esp\u00edrito Santo<\/p>\n<p>Werley Valdomiro \u2013 Executiva PSOL Esp\u00edrito Santo<\/p>\n<p>Thiago Peixoto \u2013 Diret\u00f3rio Estadual PSOL Esp\u00edrito Santo<\/p>\n<p>Denise Albuquerque \u2013 Executiva Estadual do PSOL Maranh\u00e3o<\/p>\n<p>Neide Solim\u00f5es \u2013 Executiva PSOL Par\u00e1<\/p>\n<p>Marcus Queiros \u2013 Pres. Diret\u00f3rio do PSOL de Manaus. <\/p>\n<p>Rubens &#8211; Diretorio PSOL MG<\/p>\n<p>Edson Amaro &#8211; PSOL SG \/ RJ<\/p>\n","protected":false},"excerpt":{"rendered":"<p>Nota da CST | \u201cEu n\u00e3o vou negar a import\u00e2ncia que Marina tem, n\u00e3o apenas pessoalmente, no meu cora\u00e7\u00e3o, mas por ser a grande chance que o Brasil tem de promover um debate s\u00e9rio sobre o desenvolvimento econ\u00f4mico sustent\u00e1vel com responsabilidade social\u201d. \u201cObjetivamente, a cota<\/p>\n","protected":false},"author":1,"featured_media":0,"comment_status":"closed","ping_status":"open","sticky":false,"template":"","format":"standard","meta":{"footnotes":""},"categories":[2],"tags":[],"class_list":["post-29","post","type-post","status-publish","format-standard","hentry","category-arquivo"],"_links":{"self":[{"href":"https:\/\/www.cstuit.com\/home\/wp-json\/wp\/v2\/posts\/29","targetHints":{"allow":["GET"]}}],"collection":[{"href":"https:\/\/www.cstuit.com\/home\/wp-json\/wp\/v2\/posts"}],"about":[{"href":"https:\/\/www.cstuit.com\/home\/wp-json\/wp\/v2\/types\/post"}],"author":[{"embeddable":true,"href":"https:\/\/www.cstuit.com\/home\/wp-json\/wp\/v2\/users\/1"}],"replies":[{"embeddable":true,"href":"https:\/\/www.cstuit.com\/home\/wp-json\/wp\/v2\/comments?post=29"}],"version-history":[{"count":0,"href":"https:\/\/www.cstuit.com\/home\/wp-json\/wp\/v2\/posts\/29\/revisions"}],"wp:attachment":[{"href":"https:\/\/www.cstuit.com\/home\/wp-json\/wp\/v2\/media?parent=29"}],"wp:term":[{"taxonomy":"category","embeddable":true,"href":"https:\/\/www.cstuit.com\/home\/wp-json\/wp\/v2\/categories?post=29"},{"taxonomy":"post_tag","embeddable":true,"href":"https:\/\/www.cstuit.com\/home\/wp-json\/wp\/v2\/tags?post=29"}],"curies":[{"name":"wp","href":"https:\/\/api.w.org\/{rel}","templated":true}]}}