

	{"id":2903,"date":"2017-11-25T01:00:47","date_gmt":"2017-11-25T01:00:47","guid":{"rendered":"https:\/\/www.cstuit.com\/home\/?p=2903"},"modified":"2017-11-26T19:49:55","modified_gmt":"2017-11-26T19:49:55","slug":"parar-o-pais-dia-0512-greve-geral-contra-a-reforma-da-previdencia-fora-temer","status":"publish","type":"post","link":"https:\/\/www.cstuit.com\/home\/2017\/11\/25\/parar-o-pais-dia-0512-greve-geral-contra-a-reforma-da-previdencia-fora-temer\/","title":{"rendered":"Parar o pa\u00eds dia 05\/12! Greve geral contra a reforma da previd\u00eancia! Fora Temer!"},"content":{"rendered":"<p><span style=\"font-weight: 400;\"><img loading=\"lazy\" decoding=\"async\" class=\"size-medium wp-image-2904 alignleft\" src=\"https:\/\/www.cstuit.com\/home\/wp-content\/uploads\/2017\/11\/GG05-300x300.jpg\" alt=\"\" width=\"300\" height=\"300\" srcset=\"https:\/\/www.cstuit.com\/home\/wp-content\/uploads\/2017\/11\/GG05-300x300.jpg 300w, https:\/\/www.cstuit.com\/home\/wp-content\/uploads\/2017\/11\/GG05-150x150.jpg 150w, https:\/\/www.cstuit.com\/home\/wp-content\/uploads\/2017\/11\/GG05-768x770.jpg 768w, https:\/\/www.cstuit.com\/home\/wp-content\/uploads\/2017\/11\/GG05-600x601.jpg 600w, https:\/\/www.cstuit.com\/home\/wp-content\/uploads\/2017\/11\/GG05-50x50.jpg 50w, https:\/\/www.cstuit.com\/home\/wp-content\/uploads\/2017\/11\/GG05.jpg 996w\" sizes=\"auto, (max-width: 300px) 100vw, 300px\" \/>As centrais sindicais convocaram uma greve geral para o dia 05\/12. O manifesto unificado afirma que as Centrais (<\/span><i><span style=\"font-weight: 400;\">CUT, For\u00e7a Sindical, UGT, CTB, \u00a0Nova Central, CSB, Intersindical, CGTB e CSP-Conlutas) <\/span><\/i><span style=\"font-weight: 400;\">\u201c<\/span><i><span style=\"font-weight: 400;\">definiram realizar GREVE NACIONAL no dia 5 de dezembro, \u00a0contra a nova proposta de desmonte da Previd\u00eancia Social apresentada pelo governo. As Centrais Sindicais convocam todas as entidades sindicais e movimentos sociais a realizarem ampla mobiliza\u00e7\u00e3o nas bases \u2013 assembleias, atos, debates e outras atividades \u2013 como processo de \u00a0organiza\u00e7\u00e3o de uma \u00a0Greve Nacional, \u00a0no dia 5 de dezembro, contra as propostas de reforma da Previd\u00eancia Social, que acaba com o direito \u00e0 aposentadoria dos trabalhadores brasileiros\u201d. <\/span><\/i><\/p>\n<p><b>Combater as reformas neoliberais e a corrup\u00e7\u00e3o de Temer e do congresso!<\/b><\/p>\n<p><span style=\"font-weight: 400;\">Diante dos ataques de Temer\/Meireles, do presidente da c\u00e2mara Rodrigo Maia, dos governadores e prefeitos \u00e9 necess\u00e1ria uma resposta do conjunto da classe trabalhadora, da juventude, dos setores explorados e oprimidos. A greve geral torna-se o melhor m\u00e9todo para isso e deve ser a tarefa priorit\u00e1ria do sindicalismo combativo, da juventude indignada e da esquerda socialista. \u00c9 preciso transformar esse dia num grande movimento contra a reforma da previd\u00eancia, pelo Fora Temer e todos os corruptos, pela revoga\u00e7\u00e3o da reforma trabalhista, da EC 95\/2016 (que congela investimentos por 20 anos) e das MPs contra os servidores. Num dia de protesto pela pris\u00e3o e confisco dos bens de pol\u00edticos e empres\u00e1rios corruptos, pela expropria\u00e7\u00e3o das empresas envolvidas na Lava Jato colocando-as sob controle dos trabalhadores. <\/span><\/p>\n<p><b>Nenhuma confian\u00e7a nas dire\u00e7\u00f5es das maiores centrais<\/b><\/p>\n<p><span style=\"font-weight: 400;\">Ao mesmo tempo em que constru\u00edmos a greve geral e que compartilhamos essa batalha comum, n\u00e3o perdemos de vista que os dirigentes das maiores centrais tra\u00edram a greve geral do dia 30 de junho. Em seguida eles boicotaram os atos unificados e nada fizeram nas vota\u00e7\u00f5es das den\u00fancias contra Temer na c\u00e2mara. Negociam imposto sindical com Temer, como vimos nas reuni\u00f5es das dire\u00e7\u00f5es da For\u00e7a, UGT e CTB com o presidente em Bras\u00edlia. Ou tem como prioridade a defesa de Lula, como \u00e9 o caso da dire\u00e7\u00e3o petista da CUT. Tudo porque esses setores integram um grande acordo nacional, com o executivo, o legislativo, o STF, PMDB, PSDB e PT visando manter Temer na presid\u00eancia, salvar A\u00e9cio, manter impune Lula e demais pol\u00edticos corruptos. Por isso \u00e9 preciso estar atento, combatendo qualquer recuo ou boicote que venha das dire\u00e7\u00f5es majorit\u00e1rias exigindo que eles concretizem o chamado que fizeram.<\/span><\/p>\n<p><b>Construir pela base a greve geral! Todo apoio a greve da FASUBRA!<\/b><\/p>\n<p><span style=\"font-weight: 400;\">Ap\u00f3s esse chamado \u00e9 preciso agir r\u00e1pido e colocar em pr\u00e1tica essa declara\u00e7\u00e3o desde j\u00e1 em cada local de trabalho. As Centrais sindicais devem marcar assembleias de base, plen\u00e1rias estaduais e reativar os f\u00f3runs e comit\u00eas unificados urgentemente. Do mesmo modo precisamos cercar de solidariedade \u00e0s greves que j\u00e1 est\u00e3o ocorrendo, como a heroica greve nacional da FASUBRA que j\u00e1 agrupa 39 universidades, dos educadores ga\u00fachos, da EBC, da Sa\u00fade do RJ, dos servidores estaduais do RN, as f\u00e1bricas qu\u00edmicas em estado de greve no Vale do Para\u00edba, bem como outras mobiliza\u00e7\u00f5es a exemplo dos atos das mulheres contra a PEC 181, os atos LGBT`s e do movimento negro. No caso da FASUBRA teremos a marcha unificada dos servidores federais convocada pelo FONASEFE no pr\u00f3ximo dia 28\/11. Apoiando as greves existentes e construindo a greve geral podemos construir um programa alternativo contra o arrocho salarial, as demiss\u00f5es e o desemprego, pelo n\u00e3o pagamento da d\u00edvida externa e interna,que consome quase metade do or\u00e7amento federal, por mais verbas para sal\u00e1rio, emprego, sa\u00fade e educa\u00e7\u00e3o, bem como para outras pautas dos trabalhadores e setores populares.<\/span><\/p>\n<p>&nbsp;<\/p>\n<p><span style=\"font-weight: 400;\">24\/11\/17<\/span><\/p>\n<p><span style=\"font-weight: 400;\">Corrente Socialista dos Trabalhadores &#8211; PSOL<\/span><\/p>\n","protected":false},"excerpt":{"rendered":"<p>As centrais sindicais convocaram uma greve geral para o dia 05\/12. O manifesto unificado afirma que as Centrais (CUT, For\u00e7a Sindical, UGT, CTB, \u00a0Nova Central, CSB, Intersindical, CGTB e CSP-Conlutas) \u201cdefiniram realizar GREVE NACIONAL no dia 5 de dezembro, \u00a0contra a nova proposta de desmonte<\/p>\n","protected":false},"author":2,"featured_media":2904,"comment_status":"open","ping_status":"open","sticky":false,"template":"","format":"standard","meta":{"footnotes":""},"categories":[5],"tags":[218],"class_list":["post-2903","post","type-post","status-publish","format-standard","has-post-thumbnail","hentry","category-nacional","tag-grevegeral"],"_links":{"self":[{"href":"https:\/\/www.cstuit.com\/home\/wp-json\/wp\/v2\/posts\/2903","targetHints":{"allow":["GET"]}}],"collection":[{"href":"https:\/\/www.cstuit.com\/home\/wp-json\/wp\/v2\/posts"}],"about":[{"href":"https:\/\/www.cstuit.com\/home\/wp-json\/wp\/v2\/types\/post"}],"author":[{"embeddable":true,"href":"https:\/\/www.cstuit.com\/home\/wp-json\/wp\/v2\/users\/2"}],"replies":[{"embeddable":true,"href":"https:\/\/www.cstuit.com\/home\/wp-json\/wp\/v2\/comments?post=2903"}],"version-history":[{"count":0,"href":"https:\/\/www.cstuit.com\/home\/wp-json\/wp\/v2\/posts\/2903\/revisions"}],"wp:featuredmedia":[{"embeddable":true,"href":"https:\/\/www.cstuit.com\/home\/wp-json\/wp\/v2\/media\/2904"}],"wp:attachment":[{"href":"https:\/\/www.cstuit.com\/home\/wp-json\/wp\/v2\/media?parent=2903"}],"wp:term":[{"taxonomy":"category","embeddable":true,"href":"https:\/\/www.cstuit.com\/home\/wp-json\/wp\/v2\/categories?post=2903"},{"taxonomy":"post_tag","embeddable":true,"href":"https:\/\/www.cstuit.com\/home\/wp-json\/wp\/v2\/tags?post=2903"}],"curies":[{"name":"wp","href":"https:\/\/api.w.org\/{rel}","templated":true}]}}