

	{"id":30,"date":"2010-07-08T22:48:00","date_gmt":"2010-07-08T22:48:00","guid":{"rendered":"https:\/\/www.cstuit.com\/home\/index.php\/2010\/07\/08\/arquivoid-9065\/"},"modified":"2010-07-08T22:48:00","modified_gmt":"2010-07-08T22:48:00","slug":"arquivoid-9065","status":"publish","type":"post","link":"https:\/\/www.cstuit.com\/home\/2010\/07\/08\/arquivoid-9065\/","title":{"rendered":"A JUVENTUDE E O POVO CUBANO PRECISAM DE LIBERDADE!"},"content":{"rendered":"<p>| Comite de Enlace UIT e CIR<\/p>\n<p>Entre os lutadores antiimperialistas e democr\u00e1ticos est\u00e1 crescendo a preocupa\u00e7\u00e3o com respeito \u00e0 situa\u00e7\u00e3o de Cuba. S\u00e3o centenas de milhares na Am\u00e9rica Latina e no mundo, os que durante mais de cinq\u00fcenta anos defenderam a revolu\u00e7\u00e3o cubana, frente ao bloqueio e todos os ataques do imperialismo e os gusanos de direita de Miami. <\/p>\n<p>Dirigimo-nos a essa imensa vanguarda que simpatiza e defende h\u00e1 mais de meio s\u00e9culo Cuba para propor que, ao rep\u00fadio ao bloqueio, somemos o pedido ao governo cubano para que garanta a liberdade de express\u00e3o, organiza\u00e7\u00e3o e mobiliza\u00e7\u00e3o para o povo. A morte de Orlando Zapata Tamayo, o pedreiro de 42 anos, que aconteceu em 23 de fevereiro ap\u00f3s 83 dias de greve de fome em protesto pela situa\u00e7\u00e3o das pris\u00f5es, significou um alerta. Agora, outro grevista de fome, o jornalista Guilherme Fari\u00f1as, exige a liberta\u00e7\u00e3o de duas d\u00fazias de dissidentes presos. O governo tem rejeitado qualquer di\u00e1logo para procurar uma sa\u00edda a esta situa\u00e7\u00e3o.<\/p>\n<p>A \u00fanica informa\u00e7\u00e3o oficial que apareceu sobre a morte de Zapata Tamayo foi, em 27 de fevereiro, uma mat\u00e9ria no Granma, o porta-voz oficial do PC Cubano. Ali afirma que se tratava de um preso comum, um delinq\u00fcente utilizado pelos \u201cinimigos internos e externos\u201d da revolu\u00e7\u00e3o. Seja um preso comum ou um opositor pol\u00edtico, \u00e9 repudi\u00e1vel a atua\u00e7\u00e3o do governo, da \u201cjusti\u00e7a\u201d e do regime castrista, que levou Zapata a morrer nessas condi\u00e7\u00f5es desumanas.<\/p>\n<p>Tamb\u00e9m \u00e9 repudi\u00e1vel que o povo cubano n\u00e3o possa ter acesso a uma informa\u00e7\u00e3o completa e verific\u00e1vel sobre todas as circunst\u00e2ncias e implic\u00e2ncias pol\u00edticas que levaram a esta morte e possa debat\u00ea-las livremente.  <\/p>\n<p>Infelizmente, estes fatos confirmam que impera em Cuba uma ditadura estalinista com seu conhecido e tradicional regime de partido \u00fanico. Os burocratas do PC pretenderam esconder esta realidade com suas peri\u00f3dicas elei\u00e7\u00f5es supostamente \u201cdemocr\u00e1ticas\u201d. Nada mais falso. O que existe \u00e9 um aparato monol\u00edtico que exerce o controle total de todos os meios de comunica\u00e7\u00e3o e pro\u00edbe todo direito a se organizar, manifestar ou fazer greve. Enquanto isso, h\u00e1 anos que existe um avan\u00e7ado processo de restaura\u00e7\u00e3o capitalista que o regime esconde. <\/p>\n<p>O M\u00fasico Pablo Milan\u00e9s, insuspeito de ser \u201copositor\u201d, disse que se Fari\u00f1as morre \u201cdevemos condenar Fidel Castro, desde o ponto de vista humano&#8230; as id\u00e9ias se discutem e combatem, n\u00e3o se encarceram\u201d (El Mundo \u2013 Espanha 13\/03\/2010).<\/p>\n<p>Os trabalhadores e estudantes n\u00e3o t\u00eam nenhum direito para protestar, n\u00e3o tem acesso livre \u00e0 informa\u00e7\u00e3o atrav\u00e9s da internet e as redes que a juventude usa no mundo inteiro, n\u00e3o tem liberdade para discutir e se organizar, para defender suas conquistas revolucion\u00e1rias e melhor combater \u00e0 direita pr\u00f3-ianque.  <\/p>\n<p>Essa falta de liberdades est\u00e1 provocando uma crescente insatisfa\u00e7\u00e3o na popula\u00e7\u00e3o.  Foram os jovens os que questionaram h\u00e1 mais de um ano o fato que n\u00e3o se possa viajar livremente para o exterior.<\/p>\n<p>Estas reivindica\u00e7\u00f5es e protestos merecem a solidariedade dos lutadores antiimperialistas, socialistas e democr\u00e1ticos do mundo. N\u00e3o podemos deixar em m\u00e3os do imperialismo e seus porta-vozes esta bandeira. O imperialismo e seus governos capachos n\u00e3o t\u00eam autoridade pol\u00edtica nem moral para falar de direitos humanos quando em nome de sua democracia burguesa invadem pa\u00edses, saqueiam e reprimem os povos do mundo.<\/p>\n<p>H\u00e1 que se exigir o direito de greve, a liberdade de construir sindicatos, gr\u00eamios estudantis e partidos pol\u00edticos. Plenas liberdades democr\u00e1ticas: o livre uso da internet, contra a censura, pela liberdade de ir e vir dentro e fora do pa\u00eds. Pelos direitos da juventude: a se expressar livremente, contra a censura na m\u00fasica, na arte. No imediato devemos exigir que o governo cubano n\u00e3o repita com Fari\u00f1as a atrocidade cometida com Orlando Zapata.<\/p>\n<p>Chamamos os partidos pol\u00edticos, os dirigentes sindicais, camponeses, populares, estudantis e intelectuais, que se reivindicam democr\u00e1ticos, antiimperialistas e de esquerda a nos unificar em uma campanha internacional em torno destas propostas. <\/p>\n<p>Estes direitos democr\u00e1ticos elementares s\u00e3o imprescind\u00edveis e urgentes para combater as campanhas pol\u00edticas dos setores pr\u00f3-ianques e fortalecer o povo cubano para que possa defender as conquistas da revolu\u00e7\u00e3o.<\/p>\n<p>Comit\u00ea de Enlace Unidade Internacional dos trabalhadores (UIT) e Corrente Internacional Revolucion\u00e1ria (CIR)<\/p>\n","protected":false},"excerpt":{"rendered":"<p>| Comite de Enlace UIT e CIR Entre os lutadores antiimperialistas e democr\u00e1ticos est\u00e1 crescendo a preocupa\u00e7\u00e3o com respeito \u00e0 situa\u00e7\u00e3o de Cuba. S\u00e3o centenas de milhares na Am\u00e9rica Latina e no mundo, os que durante mais de cinq\u00fcenta anos defenderam a revolu\u00e7\u00e3o cubana, frente<\/p>\n","protected":false},"author":1,"featured_media":0,"comment_status":"closed","ping_status":"open","sticky":false,"template":"","format":"standard","meta":{"footnotes":""},"categories":[2],"tags":[],"class_list":["post-30","post","type-post","status-publish","format-standard","hentry","category-arquivo"],"_links":{"self":[{"href":"https:\/\/www.cstuit.com\/home\/wp-json\/wp\/v2\/posts\/30","targetHints":{"allow":["GET"]}}],"collection":[{"href":"https:\/\/www.cstuit.com\/home\/wp-json\/wp\/v2\/posts"}],"about":[{"href":"https:\/\/www.cstuit.com\/home\/wp-json\/wp\/v2\/types\/post"}],"author":[{"embeddable":true,"href":"https:\/\/www.cstuit.com\/home\/wp-json\/wp\/v2\/users\/1"}],"replies":[{"embeddable":true,"href":"https:\/\/www.cstuit.com\/home\/wp-json\/wp\/v2\/comments?post=30"}],"version-history":[{"count":0,"href":"https:\/\/www.cstuit.com\/home\/wp-json\/wp\/v2\/posts\/30\/revisions"}],"wp:attachment":[{"href":"https:\/\/www.cstuit.com\/home\/wp-json\/wp\/v2\/media?parent=30"}],"wp:term":[{"taxonomy":"category","embeddable":true,"href":"https:\/\/www.cstuit.com\/home\/wp-json\/wp\/v2\/categories?post=30"},{"taxonomy":"post_tag","embeddable":true,"href":"https:\/\/www.cstuit.com\/home\/wp-json\/wp\/v2\/tags?post=30"}],"curies":[{"name":"wp","href":"https:\/\/api.w.org\/{rel}","templated":true}]}}