

	{"id":3464,"date":"2018-08-09T14:53:09","date_gmt":"2018-08-09T14:53:09","guid":{"rendered":"https:\/\/www.cstuit.com\/home\/?p=3464"},"modified":"2018-08-09T14:53:09","modified_gmt":"2018-08-09T14:53:09","slug":"dia-10-de-agosto-basta-de-retirada-de-direitos-e-corrupcao-fora-temer","status":"publish","type":"post","link":"https:\/\/www.cstuit.com\/home\/2018\/08\/09\/dia-10-de-agosto-basta-de-retirada-de-direitos-e-corrupcao-fora-temer\/","title":{"rendered":"Dia 10 de agosto: Basta de Retirada de Direitos e Corrup\u00e7\u00e3o!  Fora Temer!"},"content":{"rendered":"<div><\/div>\n<p class=\"yiv3405346419ydpa01d8434MsoNormal\">\n<p class=\"yiv3405346419ydpa01d8434MsoNormal\">Temer e os governos do PT levaram o Brasil a atual situa\u00e7\u00e3o. Hoje j\u00e1 temos 14 milh\u00f5es de desempregados no pa\u00eds, e esse n\u00famero segue aumentando. Os sal\u00e1rios est\u00e3o arrochados, crescem as terceiriza\u00e7\u00f5es e privatiza\u00e7\u00f5es. A viol\u00eancia urbana, responsabilidade da pol\u00edtica econ\u00f4mica que vem sendo aplicada nos \u00faltimos anos, cresce assustadoramente. Combinado a esse cen\u00e1rio ca\u00f3tico, a corrup\u00e7\u00e3o segue desenfreada, com novos esc\u00e2ndalos de roubo de dinheiro p\u00fablico acontecendo a cada dia.<\/p>\n<p class=\"yiv3405346419ydpa01d8434MsoNormal\">Por outro lado, vimos que a luta \u00e9 o caminho para derrotar essa pol\u00edtica em curso como, por exemplo, as mobiliza\u00e7\u00f5es que obrigaram o recuo do governo Temer e do congresso na aplica\u00e7\u00e3o da reforma da Previd\u00eancia.<\/p>\n<p class=\"yiv3405346419ydpa01d8434MsoNormal\">Devido \u00e0 enorme indigna\u00e7\u00e3o presente na classe trabalhadora com essa situa\u00e7\u00e3o do pa\u00eds, as maiores centrais sindicais se viram obrigadas a chamar um dia nacional de lutas para o dia 10 de agosto. Acreditamos que pela base devemos tomar esse dia em nossas m\u00e3os, fazendo dele um grande dia de protestos e paralisa\u00e7\u00f5es contra Temer e os corruptos do Congresso Nacional.<\/p>\n<p class=\"yiv3405346419ydpa01d8434MsoNormal\"><b>Revogar a reforma trabalhista e barrar a retirada de direitos.<\/b><\/p>\n<p class=\"yiv3405346419ydpa01d8434MsoNormal\">Um ano ap\u00f3s a aprova\u00e7\u00e3o da Reforma Trabalhista, as mentiras contadas pelo governo, pelos patr\u00f5es e pela imprensa ca\u00edram por terra. O desemprego s\u00f3 aumentou de l\u00e1 pra c\u00e1, os sal\u00e1rios segue bastante baixos. N\u00e3o h\u00e1 d\u00favidas que a revoga\u00e7\u00e3o imediata dessa reforma \u00e9 algo fundamental para ampliar os direitos da classe trabalhadora. Somente uma ampla mobiliza\u00e7\u00e3o nas ruas pode impor isso a esse congresso corrupto e comprometido com os interesses dos patr\u00f5es.<\/p>\n<p class=\"yiv3405346419ydpa01d8434MsoNormal\">Na contram\u00e3o dessa reforma trabalhista, precisamos de uma pol\u00edtica econ\u00f4mica comprometida com o fim do desemprego e com direitos para a classe trabalhadora. Para isso precisamos parar de pagar imediatamente a d\u00edvida p\u00fablica, que drena metade de todas as riquezas que produzimos para o bolso dos banqueiros. Investir esse dinheiro em educa\u00e7\u00e3o, sa\u00fade, em um grande plano de obras p\u00fablicas, que utilize a m\u00e3o de obra de 14 milh\u00f5es dos desempregados, e na amplia\u00e7\u00e3o de direitos trabalhistas e sociais.<\/p>\n<p class=\"yiv3405346419ydpa01d8434MsoNormal\"><b>As centrais sindicais devem romper o pacto com Temer e com candidatos patronais!<\/b><\/p>\n<p class=\"yiv3405346419ydpa01d8434MsoNormal\">As maiores centrais sindicais (CUT, For\u00e7a Sindical, CTB e UGT) seguem um vergonhoso pacto com o governo Temer. Se negaram a chamar fortes mobiliza\u00e7\u00f5es e greves gerais que derrotassem nas ruas o governo Temer. Todo seu foco nos \u00faltimos dois anos foi preparar as elei\u00e7\u00f5es de 2018, para ver se conseguem uma \u201cboquinha\u201d no novo governo. O centro da pol\u00edtica dessas centrais \u00e9 o processo eleitoral que se avizinha. A CUT e a CTB tem como foco a liberdade de Lula, para poder garantir sua candidatura. A For\u00e7a Sindical j\u00e1 est\u00e1 fechada com a candidatura de Alckmin e a maioria dos dirigentes da UGT tamb\u00e9m. Nenhum desses projetos nos servem. Lula aplicou a Reforma da Previd\u00eancia em 2003 e o governo petista de Dilma retirou uma s\u00e9rie de direitos trabalhistas como o acesso ao seguro-desemprego de milh\u00f5es de pessoas. Alckmin quando governou S\u00e3o Paulo foi respons\u00e1vel pela destrui\u00e7\u00e3o da educa\u00e7\u00e3o p\u00fablica e por privatiza\u00e7\u00f5es. Seu partido foi respons\u00e1vel pelo roubo de milh\u00f5es de reais que seriam destinados \u00e0 merenda escolar.<\/p>\n<p class=\"yiv3405346419ydpa01d8434MsoNormal\">Ou seja, as maiores centrais sindicais traem os interesses dos trabalhadores ao se alinharem com esses candidatos. E o pior de tudo, deixam o governo Temer, com menos de 4% de popularidade, sobreviver.<\/p>\n<p class=\"yiv3405346419ydpa01d8434MsoNormal\"><b>Unificar as lutas em curso<\/b><\/p>\n<p class=\"yiv3405346419ydpa01d8434MsoNormal\">Unificar as campanhas salariais do segundo semestre \u00e9 algo fundamental para que elas triunfem e consigam aumentos salariais. At\u00e9 o momento as maiores centrais, sobretudo a CUT, n\u00e3o est\u00e3o organizando pra valer o dia 10 de agosto, n\u00e3o convocam assembleias democr\u00e1ticas e nem constroem efetivas paralisa\u00e7\u00f5es nas bases. N\u00e3o unificam as campanhas salariais de banc\u00e1rios, ecetistas, metal\u00fargicos, qu\u00edmicos e outras importantes categorias de trabalhadores. Por isso devemos exigir pela base que as lutas sejam unificadas. Todas as categorias de trabalhadores t\u00eam sido atacadas pela pol\u00edtica de Temer, governadores e prefeitos, n\u00e3o h\u00e1 motivos para n\u00e3o unificarmos os trabalhadores para darmos uma sa\u00edda para a crise do pa\u00eds.<\/p>\n<p class=\"yiv3405346419ydpa01d8434MsoNormal\"><b>Exigimos:<\/b><\/p>\n<p class=\"yiv3405346419ydpa01d8434MsoNormal\">Fora Temer e todos os corruptos!<\/p>\n<p class=\"yiv3405346419ydpa01d8434MsoNormal\">Revoga\u00e7\u00e3o da Reforma Trabalhista!<\/p>\n<p class=\"yiv3405346419ydpa01d8434MsoNormal\">Unifica\u00e7\u00e3o das lutas e campanhas salariais!<\/p>\n<p class=\"yiv3405346419ydpa01d8434MsoNormal\">Aumento salarial acima da infla\u00e7\u00e3o para repor as perdas de todas as categorias!<\/p>\n<p class=\"yiv3405346419ydpa01d8434MsoNormal\">Por um plano de obras p\u00fablicas para garantir emprego aos 14 milh\u00f5es de desempregados!<\/p>\n<p class=\"yiv3405346419ydpa01d8434MsoNormal\">Basta de dinheiro pra banqueiro! N\u00e3o ao pagamento da d\u00edvida p\u00fablica!<\/p>\n","protected":false},"excerpt":{"rendered":"<p>Temer e os governos do PT levaram o Brasil a atual situa\u00e7\u00e3o. Hoje j\u00e1 temos 14 milh\u00f5es de desempregados no pa\u00eds, e esse n\u00famero segue aumentando. Os sal\u00e1rios est\u00e3o arrochados, crescem as terceiriza\u00e7\u00f5es e privatiza\u00e7\u00f5es. A viol\u00eancia urbana, responsabilidade da pol\u00edtica econ\u00f4mica que vem sendo<\/p>\n","protected":false},"author":2,"featured_media":3465,"comment_status":"open","ping_status":"open","sticky":false,"template":"","format":"standard","meta":{"footnotes":""},"categories":[5],"tags":[632,633],"class_list":["post-3464","post","type-post","status-publish","format-standard","has-post-thumbnail","hentry","category-nacional","tag-10-de-agosto-dia-de-luta","tag-basta-de-corrupcao-e-desemprego"],"_links":{"self":[{"href":"https:\/\/www.cstuit.com\/home\/wp-json\/wp\/v2\/posts\/3464","targetHints":{"allow":["GET"]}}],"collection":[{"href":"https:\/\/www.cstuit.com\/home\/wp-json\/wp\/v2\/posts"}],"about":[{"href":"https:\/\/www.cstuit.com\/home\/wp-json\/wp\/v2\/types\/post"}],"author":[{"embeddable":true,"href":"https:\/\/www.cstuit.com\/home\/wp-json\/wp\/v2\/users\/2"}],"replies":[{"embeddable":true,"href":"https:\/\/www.cstuit.com\/home\/wp-json\/wp\/v2\/comments?post=3464"}],"version-history":[{"count":0,"href":"https:\/\/www.cstuit.com\/home\/wp-json\/wp\/v2\/posts\/3464\/revisions"}],"wp:featuredmedia":[{"embeddable":true,"href":"https:\/\/www.cstuit.com\/home\/wp-json\/wp\/v2\/media\/3465"}],"wp:attachment":[{"href":"https:\/\/www.cstuit.com\/home\/wp-json\/wp\/v2\/media?parent=3464"}],"wp:term":[{"taxonomy":"category","embeddable":true,"href":"https:\/\/www.cstuit.com\/home\/wp-json\/wp\/v2\/categories?post=3464"},{"taxonomy":"post_tag","embeddable":true,"href":"https:\/\/www.cstuit.com\/home\/wp-json\/wp\/v2\/tags?post=3464"}],"curies":[{"name":"wp","href":"https:\/\/api.w.org\/{rel}","templated":true}]}}