

	{"id":3562,"date":"2018-10-02T01:42:03","date_gmt":"2018-10-02T01:42:03","guid":{"rendered":"https:\/\/www.cstuit.com\/home\/?p=3562"},"modified":"2018-10-02T01:46:14","modified_gmt":"2018-10-02T01:46:14","slug":"elenao-ecoou-no-brasil-e-no-mundo","status":"publish","type":"post","link":"https:\/\/www.cstuit.com\/home\/2018\/10\/02\/elenao-ecoou-no-brasil-e-no-mundo\/","title":{"rendered":"#EleN\u00e3o ecoou no Brasil e no mundo"},"content":{"rendered":"<p>Uma verdadeira primavera feminista!<\/p>\n<p>Faltando apenas uma semana para a elei\u00e7\u00e3o, o Brasil assistiu um fato hist\u00f3rico: as mulheres protagonizaram uma verdadeira primavera feminista. No dia 29 de setembro, milh\u00f5es de mulheres ocuparam as ruas das principais cidades do pa\u00eds e de v\u00e1rias capitais mundo afora e numa esp\u00e9cie de pr\u00e9via da vota\u00e7\u00e3o que dever\u00e1 acontecer em 7 de outubro, se uniram para repudiar Jair Bolsonaro, o candidato presidencial que at\u00e9 hoje encabe\u00e7a as pesquisas. Foi um ato pol\u00edtico consciente para rejeitar suas propostas fascistoides, ultraconservadoras, racistas, mis\u00f3ginas, em defesa da tortura e da ditadura militar. Estas multitudin\u00e1rias manifesta\u00e7\u00f5es sem d\u00favida foram uma resposta fant\u00e1stica frente \u00e0 popularidade que este obscuro capit\u00e3o reformado vinha ganhando ao criticar demagogicamente o atual regime pol\u00edtico podre, seus partidos e suas institui\u00e7\u00f5es, do qual fez parte durante sete mandatos de deputado federal.<\/p>\n<p>O protagonismo das mulheres na convoca\u00e7\u00e3o, organiza\u00e7\u00e3o e na garantia dos atos \u00e9 parte de uma \u00e9poca em que as mulheres t\u00eam sido o ponto mais combativo e avan\u00e7ado da sociedade. Desde a greve geral mundial de mulheres em mar\u00e7o de 2017, passando pela primavera feminista que derrotou Eduardo Cunha, as mulheres seguem sendo a ponta de lan\u00e7a contra o obscurantismo. O movimento de massas ocupou as ruas do pa\u00eds de forma unit\u00e1ria a uma semana das elei\u00e7\u00f5es contra um candidato \u00e0 presid\u00eancia! Ou seja, n\u00e3o aguardamos as urnas para dar uma resposta \u00e0 Bolsonaro. As ruas mais uma vez mostram seu protagonismo, um protagonismo que nenhum setor pol\u00edtico conseguiu capturar, mantendo sua unidade e pluralidade, o que foi determinante para o sucesso dos atos.<\/p>\n<p>Sem d\u00favidas estamos frente a um processo in\u00e9dito que nos imp\u00f5e novas tarefas. O retumbante fracasso das institui\u00e7\u00f5es e dos partidos da ordem para resolver os graves problemas sociais como os absurdos \u00edndices de desemprego, a falta de seguran\u00e7a e o sucateamento dos servi\u00e7os p\u00fablicos essenciais como sa\u00fade e educa\u00e7\u00e3o, geraram uma massa imensa de desesperan\u00e7ados e marginalizados que procuram uma sa\u00edda para suas vidas. Esse \u00e9 o caldo social onde germinam os bolsonaros. Essa \u00e9 a explica\u00e7\u00e3o para que este capit\u00e3o reformado que chegou a dizer: \u201co erro da ditadura militar foi torturar ao inv\u00e9s de matar\u201d, seja visto como um \u201csalvador da p\u00e1tria\u201d,<\/p>\n<p>Por\u00e9m, as mulheres n\u00e3o se deixaram enganar. Essa \u00e9 a grandiosidade da a\u00e7\u00e3o protagonizada no dia 29: desmascarar as graves consequ\u00eancias que teria o triunfo deste personagem e buscar a forma de derrota-lo. O #EleN\u00e3o foi uma resposta contundente a esse aprendiz de Trump, que al\u00e9m de reacion\u00e1rio, mis\u00f3gino, racista e homof\u00f3bico pretende governar para os ricos e o sistema financeiro, aplicando m\u00e3o dura contra a classe trabalhadora, a juventude e as liberdades democr\u00e1ticas. Seu vice, o general Mour\u00e3o, j\u00e1 abriu o jogo: quer acabar com o 13\u00b0 sal\u00e1rio e com o adicional de f\u00e9rias. Mas essa s\u00f3 \u00e9 a ponta do iceberg. Seu proposto para o minist\u00e9rio da economia, Paulo Guedes, \u00e9 um economista neoliberal, formado na Universidade de Chicago, s\u00f3cio de bancos e de fundos de investimentos, que defende \u201cprivatizar tudo\u201d.<\/p>\n<p>Estamos cheias de raz\u00f5es para continuar nas ruas com o #EleN\u00e3o. A primeira \u00e9 que nos demonstrou que \u00e9 poss\u00edvel derrotar um projeto com propostas fascistoides e ultrarreacion\u00e1rias com a mobiliza\u00e7\u00e3o. Mas al\u00e9m disso, deve servir para reverter as contrarreformas do governo Temer, seja quem for que chegue ao governo. Por isso devemos dar continuidade a esta mobiliza\u00e7\u00e3o. Mulheres de diferentes organiza\u00e7\u00f5es j\u00e1 est\u00e3o articulando um novo dia de mobiliza\u00e7\u00e3o. Esse \u00e9 o caminho e a\u00ed estaremos juntas mais uma vez! S\u00e3o tempos de mudan\u00e7as e renova\u00e7\u00e3o. Ao calor deste processo temos que definir as tarefas necess\u00e1rias para sair desta crise. Para tanto \u00e9 necess\u00e1rio construir uma alternativa pol\u00edtica e econ\u00f4mica pela esquerda, da classe trabalhadora, para derrotar n\u00e3o s\u00f3 os Bolsonaros, mas tamb\u00e9m os partidos que j\u00e1 governaram e s\u00e3o respons\u00e1veis da atual crise. De nossa parte, neste domingo 7 de outubro estaremos como PSOL 50, apoiando nossos candidatos, a come\u00e7ar por nossa chapa presidencial Guilherme Boulos\/S\u00f3nia Guajajara. M\u00e3os \u00e0 obra!<\/p>\n","protected":false},"excerpt":{"rendered":"<p>Uma verdadeira primavera feminista! Faltando apenas uma semana para a elei\u00e7\u00e3o, o Brasil assistiu um fato hist\u00f3rico: as mulheres protagonizaram uma verdadeira primavera feminista. No dia 29 de setembro, milh\u00f5es de mulheres ocuparam as ruas das principais cidades do pa\u00eds e de v\u00e1rias capitais mundo<\/p>\n","protected":false},"author":2,"featured_media":3564,"comment_status":"open","ping_status":"open","sticky":false,"template":"","format":"standard","meta":{"footnotes":""},"categories":[5],"tags":[549,670,671,57,209],"class_list":["post-3562","post","type-post","status-publish","format-standard","has-post-thumbnail","hentry","category-nacional","tag-bolsonaro","tag-elenao","tag-feminista","tag-mulheres","tag-primavera-feminista"],"_links":{"self":[{"href":"https:\/\/www.cstuit.com\/home\/wp-json\/wp\/v2\/posts\/3562","targetHints":{"allow":["GET"]}}],"collection":[{"href":"https:\/\/www.cstuit.com\/home\/wp-json\/wp\/v2\/posts"}],"about":[{"href":"https:\/\/www.cstuit.com\/home\/wp-json\/wp\/v2\/types\/post"}],"author":[{"embeddable":true,"href":"https:\/\/www.cstuit.com\/home\/wp-json\/wp\/v2\/users\/2"}],"replies":[{"embeddable":true,"href":"https:\/\/www.cstuit.com\/home\/wp-json\/wp\/v2\/comments?post=3562"}],"version-history":[{"count":0,"href":"https:\/\/www.cstuit.com\/home\/wp-json\/wp\/v2\/posts\/3562\/revisions"}],"wp:featuredmedia":[{"embeddable":true,"href":"https:\/\/www.cstuit.com\/home\/wp-json\/wp\/v2\/media\/3564"}],"wp:attachment":[{"href":"https:\/\/www.cstuit.com\/home\/wp-json\/wp\/v2\/media?parent=3562"}],"wp:term":[{"taxonomy":"category","embeddable":true,"href":"https:\/\/www.cstuit.com\/home\/wp-json\/wp\/v2\/categories?post=3562"},{"taxonomy":"post_tag","embeddable":true,"href":"https:\/\/www.cstuit.com\/home\/wp-json\/wp\/v2\/tags?post=3562"}],"curies":[{"name":"wp","href":"https:\/\/api.w.org\/{rel}","templated":true}]}}