

	{"id":3739,"date":"2019-01-14T18:51:29","date_gmt":"2019-01-14T18:51:29","guid":{"rendered":"https:\/\/www.cstuit.com\/home\/?p=3739"},"modified":"2019-01-14T19:00:44","modified_gmt":"2019-01-14T19:00:44","slug":"repudiamos-a-extradicao-de-cesare-battisti","status":"publish","type":"post","link":"https:\/\/www.cstuit.com\/home\/2019\/01\/14\/repudiamos-a-extradicao-de-cesare-battisti\/","title":{"rendered":"Repudiamos a extradi\u00e7\u00e3o de Cesare Battisti"},"content":{"rendered":"<p>Neste s\u00e1bado 12 de janeiro, em Santa Cruz da Serra, Bol\u00edvia, foi detido Cesare Battisti. E num processo sum\u00e1rio, como se estivesse em meio de uma guerra ou grave perigo, o governo boliviano encabe\u00e7ado por Evo Morales o entregou \u00e0 pol\u00edcia italiana, ainda que n\u00e3o exista acordo de extradi\u00e7\u00e3o entre esses dois pa\u00edses. <\/p>\n<p>Cesare Battisti, julgado \u00e0 revelia, foi condenado a pris\u00e3o perpetua pela justi\u00e7a italiana, depois que um ex-companheiro do PAC (Prolet\u00e1rios Armados pelo Comunismo) organiza\u00e7\u00e3o na qual militavam, se acolheu \u00e0 dela\u00e7\u00e3o premiada e lhe atribuiu os supostos crimes cometidos h\u00e1 mais de 30 anos. Por tanto foi uma condena\u00e7\u00e3o sem direito a defesa, sem provas confi\u00e1veis e em aus\u00eancia do acusado.<\/p>\n<p>Na \u00e9poca, lembrada como \u201canos de chumbo\u201d, temendo pela sua vida, procurou ref\u00fagio na Fran\u00e7a, onde recebeu prote\u00e7\u00e3o sob a Doutrina Mitterrand. Derrubada essa doutrina por posteriores governos de direita, Battisti, depois de passagem pelo M\u00e9xico, entrou no Brasil onde foi detido em mar\u00e7o de 2007. Posteriormente, o governo petista lhe concedeu status de refugiado pol\u00edtico. Depois das idas e vindas de diferentes recursos, em 13 de dezembro de 2018, o ministro do STF Luiz Fux, determinou sua pris\u00e3o e no dia seguinte o ileg\u00edtimo presidente de Michel Temer assinou sua extradi\u00e7\u00e3o.<br \/>\nMais uma vez, Battisti, que em um de seus livros declarou que desde 1978 tinha abandonado a luta armada, teve de fugir. Desta vez para Bol\u00edvia, onde procurava asilo pol\u00edtico. Por\u00e9m, o \u201cprogressista\u201d governo Evo Morales, n\u00e3o somente n\u00e3o lhe concedeu asilo, como o entregou de forma sum\u00e1ria \u00e0s autoridades do direitista governo italiano que amea\u00e7a fazer cumprir a condena\u00e7\u00e3o de pris\u00e3o perpetua com \u201crestri\u00e7\u00e3o da luz solar\u201d tal como dita a condena\u00e7\u00e3o pronunciada em tempos que vigorava uma legisla\u00e7\u00e3o de exce\u00e7\u00e3o questionada por v\u00e1rios juristas italianos.<\/p>\n<p>A CST, como parte de uma corrente internacional se op\u00f5e \u00e0s a\u00e7\u00f5es guerrilheiras como pol\u00edtica estrat\u00e9gica e \u00e0 utiliza\u00e7\u00e3o de m\u00e9todos terroristas isolados das massas trabalhadoras, n\u00e3o compactua com as pol\u00edticas defendidas pela organiza\u00e7\u00e3o na que militava Cesare. Por\u00e9m, rejeitamos a condena\u00e7\u00e3o da Battisti pelo estado repressor italiano dos \u201cAnos de Chumbo\u201d. \u00c9 evidente que esse processo foi uma verdadeira fraude. No processo inicial de 1979, quando Battisti foi detido, n\u00e3o lhe foi atribu\u00edda qualquer rela\u00e7\u00e3o com esses crimes cometidos pela sua organiza\u00e7\u00e3o, ainda que fosse condenado a 12 anos de pris\u00e3o. Por\u00e9m, 10 anos depois, na sua aus\u00eancia, sem direito a defesa, todos esses crimes lhe foram atribu\u00eddos por um \u201carrependido\u201d o que derivou na pris\u00e3o perpetua.<\/p>\n<p>Repudiamos a atua\u00e7\u00e3o dos governos de Brasil e Bol\u00edvia que se colocam a servi\u00e7o da justi\u00e7a de um regime que n\u00e3o oferece garantias de defesa, como o encabe\u00e7ado pelo Ministro italiano Matteo Salvini. Enquanto n\u00e3o s\u00e3o julgados os graves crimes de estado cometidos durante a ditadura militar, o governo Bolsonaro compactua com Evo Morales na extradi\u00e7\u00e3o de Cesare Battisti. N\u00e3o podemos aceitar uma condena\u00e7\u00e3o \u00e0 revelia por supostos crimes narrados por um arrependido que foi premiado por sua dela\u00e7\u00e3o. Junto \u00e0s organiza\u00e7\u00f5es sindicais que assinam o manifesto da CSP-Conlutas, repudiamos a extradi\u00e7\u00e3o e exigimos amplo direito de defesa para Cesare Battisti!<\/p>\n<p>14\/01\/2019<br \/>\nCST\/PSOL<\/p>\n","protected":false},"excerpt":{"rendered":"<p>Neste s\u00e1bado 12 de janeiro, em Santa Cruz da Serra, Bol\u00edvia, foi detido Cesare Battisti. E num processo sum\u00e1rio, como se estivesse em meio de uma guerra ou grave perigo, o governo boliviano encabe\u00e7ado por Evo Morales o entregou \u00e0 pol\u00edcia italiana, ainda que n\u00e3o<\/p>\n","protected":false},"author":2,"featured_media":3740,"comment_status":"open","ping_status":"open","sticky":false,"template":"","format":"standard","meta":{"footnotes":""},"categories":[6],"tags":[714],"class_list":["post-3739","post","type-post","status-publish","format-standard","has-post-thumbnail","hentry","category-internacional","tag-nao-a-prisao-de-battisti"],"_links":{"self":[{"href":"https:\/\/www.cstuit.com\/home\/wp-json\/wp\/v2\/posts\/3739","targetHints":{"allow":["GET"]}}],"collection":[{"href":"https:\/\/www.cstuit.com\/home\/wp-json\/wp\/v2\/posts"}],"about":[{"href":"https:\/\/www.cstuit.com\/home\/wp-json\/wp\/v2\/types\/post"}],"author":[{"embeddable":true,"href":"https:\/\/www.cstuit.com\/home\/wp-json\/wp\/v2\/users\/2"}],"replies":[{"embeddable":true,"href":"https:\/\/www.cstuit.com\/home\/wp-json\/wp\/v2\/comments?post=3739"}],"version-history":[{"count":0,"href":"https:\/\/www.cstuit.com\/home\/wp-json\/wp\/v2\/posts\/3739\/revisions"}],"wp:featuredmedia":[{"embeddable":true,"href":"https:\/\/www.cstuit.com\/home\/wp-json\/wp\/v2\/media\/3740"}],"wp:attachment":[{"href":"https:\/\/www.cstuit.com\/home\/wp-json\/wp\/v2\/media?parent=3739"}],"wp:term":[{"taxonomy":"category","embeddable":true,"href":"https:\/\/www.cstuit.com\/home\/wp-json\/wp\/v2\/categories?post=3739"},{"taxonomy":"post_tag","embeddable":true,"href":"https:\/\/www.cstuit.com\/home\/wp-json\/wp\/v2\/tags?post=3739"}],"curies":[{"name":"wp","href":"https:\/\/api.w.org\/{rel}","templated":true}]}}