

	{"id":3785,"date":"2019-02-04T19:19:40","date_gmt":"2019-02-04T19:19:40","guid":{"rendered":"https:\/\/www.cstuit.com\/home\/?p=3785"},"modified":"2019-02-04T19:21:40","modified_gmt":"2019-02-04T19:21:40","slug":"franca-5-de-fevereiro-com-os-coletes-amarelos-e-os-sindicatos-rumo-a-greve-geral","status":"publish","type":"post","link":"https:\/\/www.cstuit.com\/home\/2019\/02\/04\/franca-5-de-fevereiro-com-os-coletes-amarelos-e-os-sindicatos-rumo-a-greve-geral\/","title":{"rendered":"Na Fran\u00e7a estamos com os &#8220;coletes amarelos&#8221; e os sindicatos rumo \u00e0 greve geral de 5\/2"},"content":{"rendered":"<p>Traduzido por Bianca Damacena<\/p>\n<p>Sob a press\u00e3o da luta de classes e das reivindica\u00e7\u00f5es dos setores sindicais de base que participaram da mobiliza\u00e7\u00e3o dos coletes amarelos, a burocracia sindical da CGT, ap\u00f3s mais de seis semanas de mobiliza\u00e7\u00e3o, foi for\u00e7ada a convocar uma greve intersetorial nacional em 5 de fevereiro de 2019. Imediatamente, os coletes amarelos e seus principais l\u00edderes, em particular Eric Drouet e Fran\u00e7ois Boulo, convocaram greve geral por tempo indeterminado, j\u00e1 que desde o in\u00edcio a principal demanda desse hist\u00f3rico movimento de massas \u00e9 a ren\u00fancia de Macron. A FSU Solidaire apoia a greve e as manifesta\u00e7\u00f5es em todo o pa\u00eds.<\/p>\n<p>Os coletes amarelos refletem uma rebeli\u00e3o popular contra a pol\u00edtica de Macron e ajustes contra as classes populares, \u00e9 um movimento heterog\u00eaneo e inter-classista. Dado o \u00edmpeto que as mobiliza\u00e7\u00f5es estavam tomando, o governo teve que recuar no imposto sobre o combust\u00edvel, mas o movimento foi mais a fundo e questionou sua pol\u00edtica econ\u00f4mica, que est\u00e1 a servi\u00e7o das grandes finan\u00e7as e empobrece o trabalhador e a pequena burguesia da cidade e do campo.<\/p>\n<p>O governo tentou isolar e criminalizar a revolta popular, mas sem sucesso. A repress\u00e3o da pol\u00edcia foi brutal, causando 10 mortes, mais de 2000 feridos, dos quais 100 est\u00e3o em estado muito grave, al\u00e9m de milhares de pessoas presas. Macron quer impor um corte de liberdades democr\u00e1ticas e ataca, atrav\u00e9s de leis, o direito de protestar. Entretanto, na 12a semana de luta, em 2 de fevereiro, dezenas de milhares voltaram para as ruas para denunciar a repress\u00e3o do governo e homenagear os feridos.<\/p>\n<p>Dada a sua impot\u00eancia para conter a situa\u00e7\u00e3o, o governo pediu um &#8220;grande debate cidad\u00e3o&#8221; como um meio de neutralizar o potencial de protesto na rua, mas a popula\u00e7\u00e3o tem recusado categoricamente. Dessa forma, \u00e9 o governo que parece cada vez mais isolado e questionado, enquanto o Fora Macron ganha, cada vez mais, um lugar central nas manifesta\u00e7\u00f5es.<br \/>\nGrupos fascistas se infiltraram nas mobiliza\u00e7\u00f5es, em alguns casos como um servi\u00e7o de ordem, tentando instrumentalizar a rebeli\u00e3o popular e a indigna\u00e7\u00e3o. Em uma das marchas, eles atacaram seriamente a coluna do partido de esquerda NPA e em outros enfrentaram aqueles que exigiam uma pol\u00edtica de solidariedade com os imigrantes. Em v\u00e1rias manifesta\u00e7\u00f5es, foram expulsos.<\/p>\n<p>A conflu\u00eancia com os sindicatos, primeiro em algumas manifesta\u00e7\u00f5es, agora na greve geral de 5 de fevereiro, representa um salto qualitativo na luta para derrotar o governo Macron e impor as medidas de emerg\u00eancia exigidas. Esse \u00e9 o caminho para um governo popular e oper\u00e1rio que rompe com o capitalismo e se coloca a servi\u00e7o dos trabalhadores e da juventude.<br \/>\nN\u00f3s da UIT-QI apoiamos a greve geral de 5 de fevereiro e convocamos a tomar iniciativas de solidariedade internacional em frente a embaixadas e consulados em apoio \u00e0 luta popular e oper\u00e1ria na Fran\u00e7a.<\/p>\n<p>Unidade Internacional do Trabalhadores &#8211; Quarta Internacional (UIT-QI)<\/p>\n<p>4 de fevereiro de 2019<\/p>\n","protected":false},"excerpt":{"rendered":"<p>Traduzido por Bianca Damacena Sob a press\u00e3o da luta de classes e das reivindica\u00e7\u00f5es dos setores sindicais de base que participaram da mobiliza\u00e7\u00e3o dos coletes amarelos, a burocracia sindical da CGT, ap\u00f3s mais de seis semanas de mobiliza\u00e7\u00e3o, foi for\u00e7ada a convocar uma greve intersetorial<\/p>\n","protected":false},"author":2,"featured_media":3786,"comment_status":"open","ping_status":"open","sticky":false,"template":"","format":"standard","meta":{"footnotes":""},"categories":[6],"tags":[730,696,188,185,698,729,359],"class_list":["post-3785","post","type-post","status-publish","format-standard","has-post-thumbnail","hentry","category-internacional","tag-5-fevereiro","tag-coletes-amarelos","tag-franca","tag-greve-geral","tag-macron","tag-npa","tag-uit"],"_links":{"self":[{"href":"https:\/\/www.cstuit.com\/home\/wp-json\/wp\/v2\/posts\/3785","targetHints":{"allow":["GET"]}}],"collection":[{"href":"https:\/\/www.cstuit.com\/home\/wp-json\/wp\/v2\/posts"}],"about":[{"href":"https:\/\/www.cstuit.com\/home\/wp-json\/wp\/v2\/types\/post"}],"author":[{"embeddable":true,"href":"https:\/\/www.cstuit.com\/home\/wp-json\/wp\/v2\/users\/2"}],"replies":[{"embeddable":true,"href":"https:\/\/www.cstuit.com\/home\/wp-json\/wp\/v2\/comments?post=3785"}],"version-history":[{"count":0,"href":"https:\/\/www.cstuit.com\/home\/wp-json\/wp\/v2\/posts\/3785\/revisions"}],"wp:featuredmedia":[{"embeddable":true,"href":"https:\/\/www.cstuit.com\/home\/wp-json\/wp\/v2\/media\/3786"}],"wp:attachment":[{"href":"https:\/\/www.cstuit.com\/home\/wp-json\/wp\/v2\/media?parent=3785"}],"wp:term":[{"taxonomy":"category","embeddable":true,"href":"https:\/\/www.cstuit.com\/home\/wp-json\/wp\/v2\/categories?post=3785"},{"taxonomy":"post_tag","embeddable":true,"href":"https:\/\/www.cstuit.com\/home\/wp-json\/wp\/v2\/tags?post=3785"}],"curies":[{"name":"wp","href":"https:\/\/api.w.org\/{rel}","templated":true}]}}