

	{"id":3789,"date":"2019-02-05T19:51:59","date_gmt":"2019-02-05T19:51:59","guid":{"rendered":"https:\/\/www.cstuit.com\/home\/?p=3789"},"modified":"2019-02-05T19:52:35","modified_gmt":"2019-02-05T19:52:35","slug":"preparar-o-enfrentamento-aos-ataques-do-governo-bolsonaro-mourao","status":"publish","type":"post","link":"https:\/\/www.cstuit.com\/home\/2019\/02\/05\/preparar-o-enfrentamento-aos-ataques-do-governo-bolsonaro-mourao\/","title":{"rendered":"Preparar o enfrentamento aos ataques do governo Bolsonaro\/Mour\u00e3o!"},"content":{"rendered":"<p>A dram\u00e1tica situa\u00e7\u00e3o de Brumadinho \u00e9 um verdadeiro crime que demonstra o descaso dos governos e dos pol\u00edticos com normas ambientais e trabalhistas e a ambi\u00e7\u00e3o de lucros de empresas como a Vale. O governo Bolsonaro pode dizer que n\u00e3o \u00e9 respons\u00e1vel, mas \u00e9 sim, na medida em que, durante a campanha e ainda depois de eleito, Jair Bolsonaro prometeu flexibilizar as regras de licenciamento e defender os empres\u00e1rios. \u201cEssa quest\u00e3o de licen\u00e7a ambiental atrapalha\u201d declarou em dezembro. Na mesma toada, Ricardo Salles, ministro de meio ambiente falou \u00e0 imprensa que deveria se facilitar o licenciamento e que iria criar regras para punir os fiscais que apliquem multas. Brumadinho, \u00e9 a prova que essas propostas do governo s\u00e3o desastrosas e de n\u00e3o ser revistas, causar\u00e3o novas trag\u00e9dias.<\/p>\n<p>Mas al\u00e9m de Brumadinho, nestes primeiros trinta dias de mandato, o governo n\u00e3o conseguiu apresentar nenhuma not\u00edcia positiva \u00e0 popula\u00e7\u00e3o trabalhadora, nem sequer a seus eleitores. N\u00e3o poderia ser diferente. Eleito sob o discurso de combate \u00e0 corrup\u00e7\u00e3o e de garantir a seguran\u00e7a p\u00fablica, os fatos demonstram o contr\u00e1rio. O envio de tropas federais para o Cear\u00e1 e o demag\u00f3gico decreto sobre a posse de armas, n\u00e3o resolvem o grave problema da seguran\u00e7a. Al\u00e9m da nomea\u00e7\u00e3o de ministros investigados por corrup\u00e7\u00e3o, o novo governo n\u00e3o consegue dar explica\u00e7\u00f5es sobre os esc\u00e2ndalos que envolvem o pr\u00f3prio cl\u00e3 Bolsonaro. As movimenta\u00e7\u00f5es financeiras \u201cat\u00edpicas\u201d por parte de Fabr\u00edcio Queiroz, estreito colaborador da fam\u00edlia, assim como as rela\u00e7\u00f5es com as mil\u00edcias de Rio de Janeiro e o Escrit\u00f3rio do Crime, s\u00e3o um enredo que ainda vai render muitas dores de cabe\u00e7a aos Bolsonaros e ao pr\u00f3prio governo. Enquanto isso, o \u201cjusticeiro\u201d Sergio Moro, n\u00e3o fala uma palavra.<\/p>\n<p>\u00c9 evidente que a luta contra a corrup\u00e7\u00e3o s\u00f3 foi um discurso de campanha. Tampouco \u00e9 cr\u00edvel que algu\u00e9m que elogia e condecora criminosos, como os integrantes das mil\u00edcias, possa garantir a seguran\u00e7a p\u00fablica. A altera\u00e7\u00e3o nas regras de aplica\u00e7\u00e3o da Lei de Acesso \u00e0 Informa\u00e7\u00e3o, o que de fato reduz a transpar\u00eancia da administra\u00e7\u00e3o p\u00fablica, e a Consulta P\u00fablica aberta pelo Banco Central para colocar fim ao monitoramento de movimenta\u00e7\u00f5es financeiras de \u201cparentes de pol\u00edticos\u201d, comprovam que ao governo n\u00e3o lhe interessa investigar.<\/p>\n<p>Mas este governo, que est\u00e1 encrencado com fatos de corrup\u00e7\u00e3o e com criminosos, articulou com multimilion\u00e1rios reunidos em Davos, na Su\u00ed\u00e7a, uma proposta de reforma da previd\u00eancia e privatiza\u00e7\u00f5es. Sua ala econ\u00f4mica, encabe\u00e7ada por Paulo Guedes pretende aplicar um plano de ajuste para valer, para satisfazer o sistema financeiro, o \u201cdeus-mercado\u201d que est\u00e1 \u201cacima de todos\u201d.<\/p>\n<p>J\u00e1 come\u00e7ou tirando dos mais pobres ao cortar 381 mil benefici\u00e1rios do plano Bolsa Fam\u00edlia. Entregou a demarca\u00e7\u00e3o das terras ind\u00edgenas \u00e0 dire\u00e7\u00e3o da UDR, inimigos hist\u00f3ricos dos povos origin\u00e1rios; pretende aplicar morda\u00e7a aos professores a trav\u00e9s do projeto \u201cescola sem partido\u201d, deseja impor reitores bi\u00f4nicos sem respeitar as consultas \u00e0 comunidade universit\u00e1ria, tirou da pauta dos direitos humanos as comunidades LGBTs, pretende privatizar estatais como os Correios. Por\u00e9m, o plano mais ambicioso do governo \u00e9 a Reforma da Previd\u00eancia. \u00c9 por a\u00ed que pretendem saquear os trabalhadores para transferir mais de 1 trilh\u00e3o de reais para o sistema financeiro e os fundos de pens\u00e3o, dos quais o pr\u00f3prio Guedes faz parte. Ser\u00e1 o principal ataque que planeja este governo para que os trabalhadores e o povo pobre paguem pela crise, por isso devemos organizar nossa tropa para impedir esse roubo.<\/p>\n<p>Ser\u00e1 uma dura queda de bra\u00e7o, mais ainda com a quantidade de militares estrategicamente localizados em cargos chaves, pouco acostumados ao di\u00e1logo e \u00e0 negocia\u00e7\u00e3o. Mas \u00e9 preciso aproveitar que o governo n\u00e3o vive uma boa fase, nesse in\u00edcio de mandato, e buscar impedir que se vote essa reforma. Para tanto necessitamos da maior unidade de todos os que se op\u00f5em a essa medida.<\/p>\n<p>As centrais sindicais convocaram uma plen\u00e1ria nacional para o dia 20 de fevereiro para organizar a luta. A resolu\u00e7\u00e3o orienta realizar plen\u00e1rias estaduais e assembleias nos locais de trabalho para construir a mobiliza\u00e7\u00e3o e decidirem formas de luta, greves e paralisa\u00e7\u00f5es para enfrentar a proposta de reforma do governo. \u00c9 uma boa iniciativa, mas nada vai sair do papel se n\u00e3o tomamos essa mobiliza\u00e7\u00e3o em nossas m\u00e3os. Com raras exce\u00e7\u00f5es, essas centrais permaneceram desmobilizadas e tentando dialogar com o governo. Desde a CSP-Conlutas e o PSOL, devemos participar ativamente da constru\u00e7\u00e3o deste processo para unificar todos os setores e converter o 8 de mar\u00e7o num dia de luta nacional. Nessa caminhada temos que nos esfor\u00e7ar para construir um polo classista e de esquerda que apresente um plano econ\u00f4mico alternativo a servi\u00e7o da popula\u00e7\u00e3o trabalhadora.<\/p>\n<p>Editorial do Jornal Combate Socialista n\u00ba96<\/p>\n<p>&nbsp;<\/p>\n<p>&nbsp;<\/p>\n","protected":false},"excerpt":{"rendered":"<p>A dram\u00e1tica situa\u00e7\u00e3o de Brumadinho \u00e9 um verdadeiro crime que demonstra o descaso dos governos e dos pol\u00edticos com normas ambientais e trabalhistas e a ambi\u00e7\u00e3o de lucros de empresas como a Vale. O governo Bolsonaro pode dizer que n\u00e3o \u00e9 respons\u00e1vel, mas \u00e9 sim,<\/p>\n","protected":false},"author":2,"featured_media":3790,"comment_status":"open","ping_status":"open","sticky":false,"template":"","format":"standard","meta":{"footnotes":""},"categories":[5],"tags":[703,731],"class_list":["post-3789","post","type-post","status-publish","format-standard","has-post-thumbnail","hentry","category-nacional","tag-governo-bolsonaro","tag-nao-aos-ataques"],"_links":{"self":[{"href":"https:\/\/www.cstuit.com\/home\/wp-json\/wp\/v2\/posts\/3789","targetHints":{"allow":["GET"]}}],"collection":[{"href":"https:\/\/www.cstuit.com\/home\/wp-json\/wp\/v2\/posts"}],"about":[{"href":"https:\/\/www.cstuit.com\/home\/wp-json\/wp\/v2\/types\/post"}],"author":[{"embeddable":true,"href":"https:\/\/www.cstuit.com\/home\/wp-json\/wp\/v2\/users\/2"}],"replies":[{"embeddable":true,"href":"https:\/\/www.cstuit.com\/home\/wp-json\/wp\/v2\/comments?post=3789"}],"version-history":[{"count":0,"href":"https:\/\/www.cstuit.com\/home\/wp-json\/wp\/v2\/posts\/3789\/revisions"}],"wp:featuredmedia":[{"embeddable":true,"href":"https:\/\/www.cstuit.com\/home\/wp-json\/wp\/v2\/media\/3790"}],"wp:attachment":[{"href":"https:\/\/www.cstuit.com\/home\/wp-json\/wp\/v2\/media?parent=3789"}],"wp:term":[{"taxonomy":"category","embeddable":true,"href":"https:\/\/www.cstuit.com\/home\/wp-json\/wp\/v2\/categories?post=3789"},{"taxonomy":"post_tag","embeddable":true,"href":"https:\/\/www.cstuit.com\/home\/wp-json\/wp\/v2\/tags?post=3789"}],"curies":[{"name":"wp","href":"https:\/\/api.w.org\/{rel}","templated":true}]}}