

	{"id":3888,"date":"2019-04-04T17:20:34","date_gmt":"2019-04-04T17:20:34","guid":{"rendered":"https:\/\/www.cstuit.com\/home\/?p=3888"},"modified":"2019-04-13T13:10:10","modified_gmt":"2019-04-13T13:10:10","slug":"80-anos-do-fim-da-guerra-civil-espanhola","status":"publish","type":"post","link":"https:\/\/www.cstuit.com\/home\/2019\/04\/04\/80-anos-do-fim-da-guerra-civil-espanhola\/","title":{"rendered":"80 anos do fim da Guerra Civil Espanhola"},"content":{"rendered":"<p>80 anos do fim da Guerra Civil Espanhola<\/p>\n<p>Em 1\u00ba de abril de 1939, o fascista General Francisco Franco anunciou o fim da guerra. A derrota republicana foi o prel\u00fadio da Segunda Guerra Mundial e o in\u00edcio de uma ditadura que durou quase quatro d\u00e9cadas. A luta pela justi\u00e7a e pelo fim do legado franquista continua.<\/p>\n<p>Escreve Federico Novo Foti<\/p>\n<p>&#8220;Hoje, com o Ex\u00e9rcito Vermelho em cativeiro e desarmado, as tropas nacionais atingiram seus \u00faltimos objetivos militares. A guerra acabou.&#8221; Esta foi a \u00faltima parte do an\u00fancio sobre o fim da guerra emitido por Franco. Mas a derrota j\u00e1 estava prevista: em 26 de janeiro havia ca\u00eddo Barcelona e, em 28 de mar\u00e7o, Madri. 460.000 refugiados fugiram desesperados, abarrotando as estradas para a Fran\u00e7a. Mas o tormento do povo espanhol acabara de come\u00e7ar. Foram 500.000 executados em julgamentos sum\u00e1rios e 115.000 v\u00edtimas de desaparecimento for\u00e7ado. O regime de Franco imp\u00f4s repress\u00e3o e obscurantismo at\u00e9 sua morte em 1975.<\/p>\n<p>A revolu\u00e7\u00e3o espanhola<\/p>\n<p>A d\u00e9cada de 1930, no Estado Espanhol, come\u00e7ou com uma forte ascens\u00e3o revolucion\u00e1ria. O \u00f3dio das massas super-exploradas de trabalhadores e camponeses foi transformado em uma luta. Em 1931, o rei Alfonso XIII teve que abdicar, a monarquia caiu e a Segunda Rep\u00fablica foi estabelecida.Com avan\u00e7os e retrocessos, a ascens\u00e3o revolucion\u00e1ria continuou e se aprofundou nos anos seguintes. Em fevereiro de 1936, a Frente Popular triunfou nas elei\u00e7\u00f5es: foi uma coaliz\u00e3o de partidos burgueses republicanos, socialistas (social-democratas reformistas), comunistas (stalinistas) e o POUM (marxistas cr\u00edticos da burocracia da URSS). O governo da Frente Popular tentou, em v\u00e3o, conciliar os interesses opostos das massas trabalhadoras e camponesas com a burguesia e a oligarquia latifundi\u00e1ria. O confronto piorou com ondas de greves e ocupa\u00e7\u00f5es de terra.<br \/>\nA direita fascista e monarquista conspirou com o setor fascista (Falangista) das for\u00e7as armadas lideradas por Franco e, em 18 de julho de 1936, declarou o Golpe de Estado. O governo republicano ficou paralisado, mas as massas n\u00e3o. Em Madri eles abortaram o golpe. A popula\u00e7\u00e3o trabalhadora foi imediatamente armada para a defesa da cidade. Na Catalunha e nas Ast\u00farias, mil\u00edcias tamb\u00e9m foram formadas. Gra\u00e7as \u00e0 iniciativa dos trabalhadores e camponeses, a revolta foi espalhada pela maior parte do territ\u00f3rio espanhol. Ao armamento generalizado somou-se a ocupa\u00e7\u00e3o da terra, o despejo dos sacerdotes das igrejas e o controle dos trabalhadores sobre diferentes aspectos da vida social. O governo, enquanto isso, procurou combater o fascismo sem questionar a propriedade privada sagrada.<\/p>\n<p>Por que Franco ganhou?<\/p>\n<p>O triunfo de Franco \u00e9 explicado pela trai\u00e7\u00e3o da Frente Popular. O destino da revolu\u00e7\u00e3o foi jogado dentro do campo republicano para o qual foram as dire\u00e7\u00f5es da Frente, o que esmagou os trabalhadores e camponeses que estavam liquidando os fascistas. O Partido Comunista estava desempenhando um papel cada vez mais importante usando o prest\u00edgio da URSS e pelo envio, vagaroso, de armas. Seu homem, Juan Negr\u00edn, liderou o governo desde 1937. A GPU (pol\u00edcia secreta de Stalin) perseguiu e matou os revolucion\u00e1rios.<\/p>\n<p>Atualmente, diante dos governos burgueses que surgiram desde a transi\u00e7\u00e3o de 1975, segue a luta dos trabalhadores e do povo para acabar com a heran\u00e7a franquista, ligando a luta pela justi\u00e7a pelos assassinados e desaparecidos \u00e0s greves e mobiliza\u00e7\u00f5es contra a adapta\u00e7\u00e3o e opress\u00e3o nacional.<\/p>\n<p>Nahuel Moreno e a luta contra o fascismo<\/p>\n<p>O l\u00edder trotskista argentino na obra &#8220;Revolu\u00e7\u00f5es do s\u00e9culo XX&#8221; levantou o debate sobre como enfrentar a contrarrevolu\u00e7\u00e3o burguesa e imperialista e tomou o exemplo da Guerra Civil Espanhola: &#8220;O surgimento do fascismo, primeiro como partido ou movimento e, quando triunfa, como um regime pol\u00edtico contrarrevolucion\u00e1rio, coloca para o marxismo dois graves problemas pol\u00edticos que podem ser sintetizados em um: como enfrentar o fascismo como um partido enquanto se esfor\u00e7a para chegar ao poder, e como um regime quando j\u00e1 o alcan\u00e7ou? [&#8230;] A Guerra Civil Espanhola foi a express\u00e3o suprema da luta para impedir a vit\u00f3ria de Franco, embora as dire\u00e7\u00f5es das massas n\u00e3o o confrontou com uma abordagem marxista revolucion\u00e1ria. Essas dire\u00e7\u00f5es (os republicanos burgueses com o Partido Socialista e os stalinistas) quiseram circunscrever a luta somente no confronto entre a democracia burguesa e o fascismo. E isso dentro dos c\u00e2nones da burguesia, respeitando a propriedade privada e confiando na pol\u00edcia e no ex\u00e9rcito burgueses. Os marxistas revolucion\u00e1rios, por outro lado, argumentavam que era indispens\u00e1vel derrotar o fascismo atrav\u00e9s da unidade de todos aqueles que estavam dispostos a lutar contra ele. Mas, ao mesmo tempo, a exemplo da mobiliza\u00e7\u00e3o do movimento oper\u00e1rio e de massas, liquidar os latifundi\u00e1rios e a burguesia, colocando os trabalhadores sob o controle do aparelho produtivo, mudando o car\u00e1ter de classe do Estado. Esta seria a \u00fanica maneira de conseguir uma ades\u00e3o crescente dos trabalhadores e camponeses \u00e0 luta contra o regime de Franco. N\u00f3s dissemos, em suma, que a luta em defesa do regime democr\u00e1tico burgu\u00eas tinha que ser transformada em uma luta permanente pelo socialismo.<\/p>\n<p>Tradu\u00e7\u00e3o: Bianca Damacena<\/p>\n","protected":false},"excerpt":{"rendered":"<p>80 anos do fim da Guerra Civil Espanhola Em 1\u00ba de abril de 1939, o fascista General Francisco Franco anunciou o fim da guerra. A derrota republicana foi o prel\u00fadio da Segunda Guerra Mundial e o in\u00edcio de uma ditadura que durou quase quatro d\u00e9cadas.<\/p>\n","protected":false},"author":2,"featured_media":3889,"comment_status":"open","ping_status":"open","sticky":false,"template":"","format":"standard","meta":{"footnotes":""},"categories":[47],"tags":[742],"class_list":["post-3888","post","type-post","status-publish","format-standard","has-post-thumbnail","hentry","category-historia-e-formacao-politica","tag-guerra-civil-espanhola"],"_links":{"self":[{"href":"https:\/\/www.cstuit.com\/home\/wp-json\/wp\/v2\/posts\/3888","targetHints":{"allow":["GET"]}}],"collection":[{"href":"https:\/\/www.cstuit.com\/home\/wp-json\/wp\/v2\/posts"}],"about":[{"href":"https:\/\/www.cstuit.com\/home\/wp-json\/wp\/v2\/types\/post"}],"author":[{"embeddable":true,"href":"https:\/\/www.cstuit.com\/home\/wp-json\/wp\/v2\/users\/2"}],"replies":[{"embeddable":true,"href":"https:\/\/www.cstuit.com\/home\/wp-json\/wp\/v2\/comments?post=3888"}],"version-history":[{"count":0,"href":"https:\/\/www.cstuit.com\/home\/wp-json\/wp\/v2\/posts\/3888\/revisions"}],"wp:featuredmedia":[{"embeddable":true,"href":"https:\/\/www.cstuit.com\/home\/wp-json\/wp\/v2\/media\/3889"}],"wp:attachment":[{"href":"https:\/\/www.cstuit.com\/home\/wp-json\/wp\/v2\/media?parent=3888"}],"wp:term":[{"taxonomy":"category","embeddable":true,"href":"https:\/\/www.cstuit.com\/home\/wp-json\/wp\/v2\/categories?post=3888"},{"taxonomy":"post_tag","embeddable":true,"href":"https:\/\/www.cstuit.com\/home\/wp-json\/wp\/v2\/tags?post=3888"}],"curies":[{"name":"wp","href":"https:\/\/api.w.org\/{rel}","templated":true}]}}