

	{"id":39,"date":"2010-10-30T13:16:00","date_gmt":"2010-10-30T13:16:00","guid":{"rendered":"https:\/\/www.cstuit.com\/home\/index.php\/2010\/10\/30\/arquivoid-9074\/"},"modified":"2010-10-30T13:16:00","modified_gmt":"2010-10-30T13:16:00","slug":"arquivoid-9074","status":"publish","type":"post","link":"https:\/\/www.cstuit.com\/home\/2010\/10\/30\/arquivoid-9074\/","title":{"rendered":"Com Plinio, pelo voto Nulo"},"content":{"rendered":"<p>Nota que responde a resolu\u00e7\u00e3o da executiva do PSOL | Ampla divulga\u00e7\u00e3o<\/p>\n<p>Fazemos um chamado aos militantes e filiados do PSOL a manter a coer\u00eancia partid\u00e1ria demonstrada nestes oito anos de oposi\u00e7\u00e3o de esquerda ao governo Lula para que em 31 de outubro votemos NULO.<\/p>\n<p>Sabemos que setores majorit\u00e1rios da classe trabalhadora e do povo preocupados, com justa raz\u00e3o, com uma poss\u00edvel volta dos tucanos, se preparam para votar em Dilma. Nela, por ser a candidata de Lula, depositam expectativas de melhorias, acreditando na farta campanha ideol\u00f3gica do governo tentando mostrar que seu projeto \u00e9 diferente do dos tucanos. Respeitamos estas posi\u00e7\u00f5es dos trabalhadores, mas n\u00e3o as compartilhamos. Neste sentido, como militantes, dirigentes e filiados do PSOL queremos manifestar nossa posi\u00e7\u00e3o a respeito.<\/p>\n<p>A Executiva Nacional do PSOL acaba de votar uma resolu\u00e7\u00e3o que consideramos equivocada. Nela, se legitima o voto em Dilma, mas tamb\u00e9m o voto Nulo, como se fossem duas alternativas compat\u00edveis, quando s\u00e3o opostas.<br \/>\nO PSOL nasceu de um claro confronto \u00e0 trai\u00e7\u00e3o de classe do governo Lula e do PT, denunciando que sua pol\u00edtica dava continuidade aos oito anos de governo neoliberal tucano. Assim nos posicionamos, assim muitos foram expulsos do PT, assim foi fundado o PSOL.<\/p>\n<p>Denunciamos durante estes oito anos a falsa alternativa dos tucanos, e enfrentamos nas ruas e nas urnas as pol\u00edticas econ\u00f4micas contra os trabalhadores e o povo aplicadas desde o governo federal do PT\/PMDB com a cumplicidade dos governos estaduais controlados pelo PSDB\/DEM.<\/p>\n<p>N\u00e3o estamos frente a um confronto de esquerda versus direita nem de democracia versus fascismo*. Trata-se de uma disputa dentro dos marcos do regime da falsa democracia do poder econ\u00f4mico e da corrup\u00e7\u00e3o, regime que as duas candidaturas defendem. Argumenta-se que tucanos e petistas \u201cn\u00e3o s\u00e3o iguais\u201d. Mas n\u00f3s afirmamos que n\u00e3o s\u00e3o opostos, pois o conflito fundamental entre eles \u00e9 a disputa pela chave do cofre para melhor servir ao grande capital e se beneficiar dos cargos, altos sal\u00e1rios, desvios, propinas e os privil\u00e9gios do poder. Ou, como diz o soci\u00f3logo, professor e fundador do PSOL Chico de Oliveira, \u201co campo de conflito entre eles \u00e9 pequeno\u201d.<\/p>\n<p>Temos denunciado durante oito anos o surgimento de uma nova direita, encabe\u00e7ada pelo PT, com aliados como J\u00e1der Barbalho, Jos\u00e9 Sarney, Renan Calheiros, Collor de Melo. Novos aliados que majoritariamente o foram tamb\u00e9m de FHC, velhas raposas sempre dispostas a negociar seu lugar junto aos governos de turno. Nova direita que, junto com a tradicional e velha direita dos tucanos e do DEM, pactuou a subservi\u00eancia ao capital financeiro, ao agroneg\u00f3cio, aos grandes grupos econ\u00f4micos estrangeiros e nacionais. Juntos se acobertaram mutuamente nos esc\u00e2ndalos de corrup\u00e7\u00e3o montados sob os mesmos esquemas. Juntos continuaram criminalizando os movimentos sociais, o que se comprova com o n\u00famero de trabalhadores rurais mortos nestes oito anos de governo Lula, nos interditos proibit\u00f3rios contra as greves, na repress\u00e3o aos sem teto, nos despejos, na viol\u00eancia policial contra as greves e na brutal criminaliza\u00e7\u00e3o da pobreza que faz dos jovens pobres e negros a maioria das v\u00edtimas da viol\u00eancia policial.<\/p>\n<p>T\u00e3o importante como denunciar que os tucanos introduziram a pauta conservadora contra o aborto e de criminaliza\u00e7\u00e3o da homossexualidade, \u00e9 denunciar qual tem sido a resposta da candidata de Lula: no mesmo terreno retrogrado e conservador, Dilma afirma que \u201crespeitar\u00e1 o estado laico\u201d, mas subordina suas propostas aos setores mais reacion\u00e1rios das igrejas. Entre Crivella e Silas Malafaia n\u00e3o h\u00e1 \u201cmal menor\u201d!<\/p>\n<p>Assinam: Bab\u00e1 &#8211; Dir Nacional do PSOL, Renatinho \u2013 Vereador de Niter\u00f3i PSOL, Silvia Santos &#8211; Executiva Nacional do PSOL, Douglas Diniz \u2013 Dir. Nacional do PSOL, Welington Cabral \u2013 Dir. Nacl do PSOL e Dir. do Sindicato dos Qu\u00edmicos de SJC\/SP, Michel Oliveira \u2013 Dir. Nacional do PSOL e Executiva PSOL Par\u00e1 , Neide Solim\u00f5es &#8211; Executiva PSOL Par\u00e1 e Dir. da Condsef e do Sintsep\/Pa , Manuel Iraola &#8211; Executiva PSOL S\u00e3o Paulo, Rosi Messias &#8211; Executiva PSOL RJ, Pedro Rosa Cabral \u2013 Dir. Estadual PSOL RJ e Diretor do SINTUFF, Silaedson Juninho \u2013 Dir. Estadual PSOL Rio de Janeiro, Cedicio Vasconcelos \u2013Coord. Geral do Sind. dos serv. P\u00fablicos Federais\/Sintsep-PA, Claudia Gonz\u00e1les &#8211; Executiva PSOL Niter\u00f3i\/RJ, Barbara Sinedino \u2013 Coord. Geral do DCE Unirio, Diego Vitello &#8211; Executiva PSOL Rio Grande do Sul, Anna Miragem \u2013 Dir. PSOL Rio Grande do Sul, F\u00e1bio Felix \u2013 Executiva PSOL Bras\u00edlia, Adriano Dias \u2013 Diretorio PSOL Bras\u00edlia, Dorinaldo Malafaia \u2013 Dir. PSOL Amap\u00e1 e Dir. do Sindsa\u00fade, Julia Borges &#8211; Diretora do DCE Unama, Marcio Amaral \u2013 Pres. do Sind. dos Rodovi\u00e1rios de Ananindeua e Marituba \u2013 PA, Cl\u00e1udio Leit\u00e3o \u2013 Pres. do PSOL Cabo Frio\/RJ, Silvia Let\u00edcia \u2013 Dir. Estadual do PSOL\/PA, Uerlei Valdomiro &#8211; Executiva PSOL \/ ES, Gelsimar Gonzaga \u2013 Pres. do PSOL Itaocara\/RJ, Agnes Santos &#8211; PSOL Uberlandia, Hinuany Melo &#8211; PSOL Uberlandia, Edson Amaro \u2013 PSOL de S\u00e3o Gon\u00e7alo, Rog\u00e9rio Lima \u2013 Pres. do Sind. dos Munic. Bom Jesus\/RJ, Maka\u00edba &#8211; N\u00facleo Centro do PSOL\/RJ, Maria Eloisa Mendon\u00e7a &#8211; N\u00facleo Centro do PSOL\/ RJ, Miudo &#8211; SINDPSECAN\/CECOB, Rubens Texeira &#8211; Dir PSOL MG, Danilo Bianchi &#8211; DCE UFOP, Cristiano Florencio &#8211; Pres PSOL Itapema SC, Jonte &#8211; PSOL GO, Clistenes Mendon\u00e7a &#8211; PSOL MA, Rafael Lazari &#8211; PSOL Maric\u00e1, Zaraia Guar\u00e1 &#8211; DCE UFPA, Rubens &#8211; PSOL &#8211; MG, Gabriela Goes &#8211; PSOL AP, Thais S\u00e1 &#8211; DCE UNIFAP, Bianca Damacena &#8211; PSOL Passo Fundo, Thaigo Peixoto &#8211; ASAFISCO ES, Waleska Timoteo &#8211; SINDSMUV, Ciane Rodirgues &#8211; DCE UFF, Alecsandro &#8211; PSOL<\/p>\n","protected":false},"excerpt":{"rendered":"<p>Nota que responde a resolu\u00e7\u00e3o da executiva do PSOL | Ampla divulga\u00e7\u00e3o Fazemos um chamado aos militantes e filiados do PSOL a manter a coer\u00eancia partid\u00e1ria demonstrada nestes oito anos de oposi\u00e7\u00e3o de esquerda ao governo Lula para que em 31 de outubro votemos NULO.<\/p>\n","protected":false},"author":1,"featured_media":0,"comment_status":"closed","ping_status":"open","sticky":false,"template":"","format":"standard","meta":{"footnotes":""},"categories":[2],"tags":[],"class_list":["post-39","post","type-post","status-publish","format-standard","hentry","category-arquivo"],"_links":{"self":[{"href":"https:\/\/www.cstuit.com\/home\/wp-json\/wp\/v2\/posts\/39","targetHints":{"allow":["GET"]}}],"collection":[{"href":"https:\/\/www.cstuit.com\/home\/wp-json\/wp\/v2\/posts"}],"about":[{"href":"https:\/\/www.cstuit.com\/home\/wp-json\/wp\/v2\/types\/post"}],"author":[{"embeddable":true,"href":"https:\/\/www.cstuit.com\/home\/wp-json\/wp\/v2\/users\/1"}],"replies":[{"embeddable":true,"href":"https:\/\/www.cstuit.com\/home\/wp-json\/wp\/v2\/comments?post=39"}],"version-history":[{"count":0,"href":"https:\/\/www.cstuit.com\/home\/wp-json\/wp\/v2\/posts\/39\/revisions"}],"wp:attachment":[{"href":"https:\/\/www.cstuit.com\/home\/wp-json\/wp\/v2\/media?parent=39"}],"wp:term":[{"taxonomy":"category","embeddable":true,"href":"https:\/\/www.cstuit.com\/home\/wp-json\/wp\/v2\/categories?post=39"},{"taxonomy":"post_tag","embeddable":true,"href":"https:\/\/www.cstuit.com\/home\/wp-json\/wp\/v2\/tags?post=39"}],"curies":[{"name":"wp","href":"https:\/\/api.w.org\/{rel}","templated":true}]}}